{"id":62517,"date":"2025-02-05T13:37:40","date_gmt":"2025-02-05T17:37:40","guid":{"rendered":"https:\/\/inces.gob.ve\/?p=62517"},"modified":"2025-02-05T13:39:10","modified_gmt":"2025-02-05T17:39:10","slug":"margarita-inces-nueva-esparta-es-condecorado-con-la-orden-luis-beltran-prieto-figueroa","status":"publish","type":"post","link":"https:\/\/inces.gob.ve\/index.php\/2025\/02\/05\/margarita-inces-nueva-esparta-es-condecorado-con-la-orden-luis-beltran-prieto-figueroa\/","title":{"rendered":"MARGARITA | Inces Nueva Esparta es condecorado con la orden Luis Beltr\u00e1n Prieto Figueroa"},"content":{"rendered":"<p style=\"text-align: justify;\"><span style=\"font-family: helvetica, arial, sans-serif;\"><em><strong>** En la sesi\u00f3n especial\u00a0<\/strong><strong>de la C\u00e1mara Municipal de Mari\u00f1o,\u00a0<\/strong><strong>con motivo del D\u00eda del Maestro, la oradora de orden fue la gerente regional del Inces<\/strong><\/em><!--more--><\/span><\/p>\n<p style=\"text-align: justify;\"><span style=\"font-family: helvetica, arial, sans-serif;\">El Concejo Municipal Santiago Mari\u00f1o celebr\u00f3 una sesi\u00f3n especial para honrar a los maestros y maestras en su d\u00eda, teniendo como referencia al neoespartano insigne Luis Beltr\u00e1n Prieto Figueroa, debido a la entrada de sus restos mortales al Pante\u00f3n Nacional, quien fue el fundador de la casa de los<strong>\u00a0saberes t\u00e9cnicos en Venezuela<\/strong>, instituci\u00f3n a la que se le otorg\u00f3 la orden Luis Beltr\u00e1n Prieto Figueroa, \u00fanica en su clase en el Municipio, por su valiosa labor de formar a los venezolanos.<\/span><\/p>\n<p>&nbsp;<\/p>\n<p style=\"text-align: justify;\"><span style=\"font-family: helvetica, arial, sans-serif;\"><img loading=\"lazy\" decoding=\"async\" class=\"aligncenter wp-image-62520 \" src=\"https:\/\/inces.gob.ve\/wp-content\/uploads\/2025\/02\/20250201_120859-scaled-e1738776762114.jpg\" alt=\"\" width=\"613\" height=\"852\" \/><\/span><\/p>\n<p style=\"text-align: justify;\"><span style=\"font-family: helvetica, arial, sans-serif;\">El acto protocolar se llev\u00f3 a cabo en la Casa de la Cultura Ram\u00f3n V\u00e1zquez Brito de Porlamar, donde se dieron cita autoridades educativas y municipales para la entregar de reconocimientos a los profesionales de la docencia.<\/span><\/p>\n<p style=\"text-align: justify;\"><span style=\"font-family: helvetica, arial, sans-serif;\">En el acto mencionado particip\u00f3 como oradora de orden la gerente tegional del Inces Nueva Esparta, Laurie Zabala, quien en su intervenci\u00f3n expres\u00f3: \u201cNada m\u00e1s cierto para un maestro que en el pasar del tiempo el mejor y mayor de los recuerdos de muchos seres humanos, por ser la esencia de nuestras almas, es la educaci\u00f3n. Hoy rindo tributo como alumna a quienes alg\u00fan d\u00eda consolidaron el sue\u00f1o de ser y querer y de querer y ser maestra\u201d.<\/span><\/p>\n<p>&nbsp;<\/p>\n<p style=\"text-align: justify;\"><span style=\"font-family: helvetica, arial, sans-serif;\"><img loading=\"lazy\" decoding=\"async\" class=\"aligncenter wp-image-62518 size-full\" src=\"https:\/\/inces.gob.ve\/wp-content\/uploads\/2025\/02\/20250201_110337-scaled-e1738776890207.jpg\" alt=\"\" width=\"800\" height=\"523\" \/><\/span><\/p>\n<p style=\"text-align: justify;\"><span style=\"font-family: helvetica, arial, sans-serif;\">Zabala en sus l\u00edneas discursivas, resalt\u00f3 la vida y obra del Maestro de Am\u00e9rica, Prieto Figueroa, conmoviendo al p\u00fablico asistente al expresar el orgullo que siente al ser docente y poder aportar un granito de arena en el desarrollo profesional.<\/span><\/p>\n<p>&nbsp;<\/p>\n<p style=\"text-align: justify;\"><span style=\"font-family: helvetica, arial, sans-serif;\"><img loading=\"lazy\" decoding=\"async\" class=\"aligncenter wp-image-62521 \" src=\"https:\/\/inces.gob.ve\/wp-content\/uploads\/2025\/02\/20250201_125058-scaled-e1738776960562.jpg\" alt=\"\" width=\"603\" height=\"612\" \/><\/span><\/p>\n<p style=\"text-align: justify;\"><span style=\"font-family: helvetica, arial, sans-serif;\">La presentaci\u00f3n estuvo a cargo de Ernesto Gonz\u00e1lez Romero, quien dio un resumen curricular muy emotivo de la vida de la gerente regional del Inces Nueva Esparta.\u00a0<\/span><\/p>\n","protected":false},"excerpt":{"rendered":"<p>** En la sesi\u00f3n especial\u00a0de la C\u00e1mara Municipal de Mari\u00f1o,\u00a0con motivo del D\u00eda del Maestro, la oradora de orden fue la gerente regional del Inces<\/p>\n","protected":false},"author":15,"featured_media":62519,"comment_status":"closed","ping_status":"closed","sticky":false,"template":"","format":"standard","meta":{"footnotes":""},"categories":[2],"tags":[],"class_list":["post-62517","post","type-post","status-publish","format-standard","has-post-thumbnail","hentry","category-blog"],"_links":{"self":[{"href":"https:\/\/inces.gob.ve\/index.php\/wp-json\/wp\/v2\/posts\/62517","targetHints":{"allow":["GET"]}}],"collection":[{"href":"https:\/\/inces.gob.ve\/index.php\/wp-json\/wp\/v2\/posts"}],"about":[{"href":"https:\/\/inces.gob.ve\/index.php\/wp-json\/wp\/v2\/types\/post"}],"author":[{"embeddable":true,"href":"https:\/\/inces.gob.ve\/index.php\/wp-json\/wp\/v2\/users\/15"}],"replies":[{"embeddable":true,"href":"https:\/\/inces.gob.ve\/index.php\/wp-json\/wp\/v2\/comments?post=62517"}],"version-history":[{"count":3,"href":"https:\/\/inces.gob.ve\/index.php\/wp-json\/wp\/v2\/posts\/62517\/revisions"}],"predecessor-version":[{"id":62524,"href":"https:\/\/inces.gob.ve\/index.php\/wp-json\/wp\/v2\/posts\/62517\/revisions\/62524"}],"wp:featuredmedia":[{"embeddable":true,"href":"https:\/\/inces.gob.ve\/index.php\/wp-json\/wp\/v2\/media\/62519"}],"wp:attachment":[{"href":"https:\/\/inces.gob.ve\/index.php\/wp-json\/wp\/v2\/media?parent=62517"}],"wp:term":[{"taxonomy":"category","embeddable":true,"href":"https:\/\/inces.gob.ve\/index.php\/wp-json\/wp\/v2\/categories?post=62517"},{"taxonomy":"post_tag","embeddable":true,"href":"https:\/\/inces.gob.ve\/index.php\/wp-json\/wp\/v2\/tags?post=62517"}],"curies":[{"name":"wp","href":"https:\/\/api.w.org\/{rel}","templated":true}]}}