{"id":62532,"date":"2025-02-06T17:09:13","date_gmt":"2025-02-06T21:09:13","guid":{"rendered":"https:\/\/inces.gob.ve\/?p=62532"},"modified":"2025-02-06T17:09:13","modified_gmt":"2025-02-06T21:09:13","slug":"comision-del-inces-participo-en-reunion-con-la-camara-de-industria-y-comercio-alemana-dihk-para-impulsar-la-formacion-dual","status":"publish","type":"post","link":"https:\/\/inces.gob.ve\/index.php\/2025\/02\/06\/comision-del-inces-participo-en-reunion-con-la-camara-de-industria-y-comercio-alemana-dihk-para-impulsar-la-formacion-dual\/","title":{"rendered":"Comisi\u00f3n del Inces particip\u00f3 en reuni\u00f3n con la C\u00e1mara de Industria y Comercio Alemana (DIHK) para impulsar la Formaci\u00f3n Dual"},"content":{"rendered":"<p style=\"text-align: justify;\"><span style=\"font-family: helvetica, arial, sans-serif;\"><strong><em>** El director del Despacho, Alfredo Carquez, junto a la gerente de Curr\u00edculo y Did\u00e1ctica, Beatriz Sequera, son los responsables de cumplir con la agenda propuesta por los alemanes para impulsar el modelo de formaci\u00f3n dual que se implementa con \u00e9xito en ese pa\u00eds<\/em>\u00a0<\/strong><!--more--><\/span><\/p>\n<p style=\"text-align: justify;\">\n<p style=\"text-align: justify;\"><span style=\"font-family: helvetica, arial, sans-serif;\">La Comisi\u00f3n del Instituto Nacional de Capacitaci\u00f3n y Educaci\u00f3n Socialista (Inces) sostuvo una reuni\u00f3n con representantes de la C\u00e1mara Alemana (AHK) en Berl\u00edn, con el objetivo de promover la suscripci\u00f3n de convenios y alianzas estrat\u00e9gicas que permitan relanzar y renovar la formaci\u00f3n dual en Venezuela.<\/span><\/p>\n<p style=\"text-align: justify;\">\n<p style=\"text-align: justify;\"><span style=\"font-family: helvetica, arial, sans-serif;\">El encuentro busca la obtenci\u00f3n de herramientas y estrategias que permitan fortalecer el di\u00e1logo con el sector empresarial e institucional venezolano para apalancar el aparato productivo nacional.<\/span><\/p>\n<p style=\"text-align: justify;\">\n<p style=\"text-align: justify;\"><span style=\"font-family: helvetica, arial, sans-serif;\">Durante el encuentro, se present\u00f3 una rese\u00f1a del Inces y se intercambiaron experiencias sobre la implementaci\u00f3n del modelo alem\u00e1n de Formaci\u00f3n Dual, que combina 70% de pr\u00e1ctica en empresas y 30% de formaci\u00f3n te\u00f3rica.<\/span><\/p>\n<p style=\"text-align: justify;\">\n<p style=\"text-align: justify;\"><span style=\"font-family: helvetica, arial, sans-serif;\">La AHK, afiliada a la DIHK \u2014entidad que agrupa a 79 c\u00e1maras en Alemania y 150 centros en 92 pa\u00edses\u2014, detall\u00f3 su estructura metodol\u00f3gica, marco jur\u00eddico y su rol en la supervisi\u00f3n y certificaci\u00f3n de programas formativos.<\/span><\/p>\n<p style=\"text-align: justify;\">\n<p style=\"text-align: justify;\"><span style=\"font-family: helvetica, arial, sans-serif;\">En la agenda se abordaron temas como los servicios del Inces y las caracter\u00edsticas de su oferta educativa, y los beneficios de la Formaci\u00f3n Dual para empresas, Estado y aprendices, adem\u00e1s, se entregaron documentos t\u00e9cnicos a la AHK y al embajador venezolano en Alemania.<\/span><\/p>\n<p style=\"text-align: justify;\">\n<p style=\"text-align: justify;\"><span style=\"font-family: helvetica, arial, sans-serif;\">Como acuerdos, el Inces se comprometi\u00f3 a enviar un resumen ejecutivo de sus proyectos \u2014incluyendo pilotos en \u00e1reas demandadas por empresas\u2014 un Cat\u00e1logo \u00danico de Ocupaciones Cualificadas con sus perfiles productivos y el resultado de la encuesta realizada por el Inces a las entidades de trabajo en 2024.<\/span><\/p>\n<p style=\"text-align: justify;\">\n<p style=\"text-align: justify;\"><span style=\"font-family: helvetica, arial, sans-serif;\">Entre los compromisos posteriores destacan la creaci\u00f3n de un grupo digital para el intercambio de informaci\u00f3n, la organizaci\u00f3n de un seminario virtual para promover la Formaci\u00f3n Dual y la identificaci\u00f3n de ocupaciones y empresas para proyectos piloto. <\/span><\/p>\n<p>&nbsp;<\/p>\n<p style=\"text-align: justify;\"><span style=\"font-family: helvetica, arial, sans-serif;\">La iniciativa busca alinear esfuerzos con actores estatales clave y avanzar en la Ley de Formaci\u00f3n T\u00e9cnico-Profesional.<\/span><\/p>\n<p style=\"text-align: justify;\">\n","protected":false},"excerpt":{"rendered":"<p>** El director del Despacho, Alfredo Carquez, junto a la gerente de Curr\u00edculo y Did\u00e1ctica, Beatriz Sequera, son los responsables de cumplir con la agenda propuesta por los alemanes para impulsar el modelo de formaci\u00f3n dual que se implementa con \u00e9xito en ese pa\u00eds\u00a0<\/p>\n","protected":false},"author":4,"featured_media":62533,"comment_status":"closed","ping_status":"closed","sticky":false,"template":"","format":"standard","meta":{"footnotes":""},"categories":[2],"tags":[],"class_list":["post-62532","post","type-post","status-publish","format-standard","has-post-thumbnail","hentry","category-blog"],"_links":{"self":[{"href":"https:\/\/inces.gob.ve\/index.php\/wp-json\/wp\/v2\/posts\/62532","targetHints":{"allow":["GET"]}}],"collection":[{"href":"https:\/\/inces.gob.ve\/index.php\/wp-json\/wp\/v2\/posts"}],"about":[{"href":"https:\/\/inces.gob.ve\/index.php\/wp-json\/wp\/v2\/types\/post"}],"author":[{"embeddable":true,"href":"https:\/\/inces.gob.ve\/index.php\/wp-json\/wp\/v2\/users\/4"}],"replies":[{"embeddable":true,"href":"https:\/\/inces.gob.ve\/index.php\/wp-json\/wp\/v2\/comments?post=62532"}],"version-history":[{"count":1,"href":"https:\/\/inces.gob.ve\/index.php\/wp-json\/wp\/v2\/posts\/62532\/revisions"}],"predecessor-version":[{"id":62534,"href":"https:\/\/inces.gob.ve\/index.php\/wp-json\/wp\/v2\/posts\/62532\/revisions\/62534"}],"wp:featuredmedia":[{"embeddable":true,"href":"https:\/\/inces.gob.ve\/index.php\/wp-json\/wp\/v2\/media\/62533"}],"wp:attachment":[{"href":"https:\/\/inces.gob.ve\/index.php\/wp-json\/wp\/v2\/media?parent=62532"}],"wp:term":[{"taxonomy":"category","embeddable":true,"href":"https:\/\/inces.gob.ve\/index.php\/wp-json\/wp\/v2\/categories?post=62532"},{"taxonomy":"post_tag","embeddable":true,"href":"https:\/\/inces.gob.ve\/index.php\/wp-json\/wp\/v2\/tags?post=62532"}],"curies":[{"name":"wp","href":"https:\/\/api.w.org\/{rel}","templated":true}]}}