{"id":62564,"date":"2025-02-07T11:28:58","date_gmt":"2025-02-07T15:28:58","guid":{"rendered":"https:\/\/inces.gob.ve\/?p=62564"},"modified":"2025-02-07T11:30:04","modified_gmt":"2025-02-07T15:30:04","slug":"yaracuy-trabajadores-del-inces-se-benefician-con-la-reactivacion-del-comedor","status":"publish","type":"post","link":"https:\/\/inces.gob.ve\/index.php\/2025\/02\/07\/yaracuy-trabajadores-del-inces-se-benefician-con-la-reactivacion-del-comedor\/","title":{"rendered":"YARACUY | Trabajadores del Inces se benefician con la reactivaci\u00f3n del comedor"},"content":{"rendered":"<p style=\"font-weight: 400; text-align: justify;\"><span style=\"font-family: helvetica, arial, sans-serif;\"><em><strong>**El Instituto Nacional De Capacitaci\u00f3n y Educaci\u00f3n Socialista (Inces) regi\u00f3n Yaracuy reactiv\u00f3 el servicio de comedor para sus trabajadores, reafirmando su compromiso con el bienestar y la seguridad alimentaria.<\/strong><\/em><!--more--><\/span><\/p>\n<p style=\"text-align: justify;\">\n<p style=\"font-weight: 400; text-align: justify;\"><span style=\"font-family: helvetica, arial, sans-serif;\">Esta iniciativa, impulsada por la gesti\u00f3n nacional, busca brindar un apoyo fundamental a los trabajadores, asegurando que tengan acceso a una alimentaci\u00f3n balanceada y nutritiva durante su jornada laboral.<\/span><\/p>\n<p style=\"text-align: justify;\">\n<p style=\"font-weight: 400; text-align: justify;\"><span style=\"font-family: helvetica, arial, sans-serif;\"><em>\u201cLa reactivaci\u00f3n del comedor es una muestra del compromiso que nuestra instituci\u00f3n tiene con sus trabajadores. Queremos garantizar que cuenten con un espacio digno donde puedan alimentarse adecuadamente, lo que se traduce a un mejor desempe\u00f1o de sus funciones y una mayor calidad de vida\u201d<\/em>., afirm\u00f3 Dalvi Torrealba, gerente regional de la instituci\u00f3n. A su vez, se\u00f1al\u00f3 que gracias a Wuikelman Angel Paredes, presidente de la instituci\u00f3n, aument\u00f3 el n\u00famero de comensales.<\/span><\/p>\n<p style=\"text-align: justify;\">\n<p style=\"font-weight: 400; text-align: justify;\"><span style=\"font-family: helvetica, arial, sans-serif;\">Con el reinicio del comedor tambi\u00e9n se tiene previsto realizar remodelaciones de los espacios, destacando que paulatinamente se ha rehabilitado el mobiliario del mismo, con el cual se beneficia 76 trabajadores que laboran diariamente en las instalaciones de la sede principal de Inces regi\u00f3n Yaracuy.<\/span><\/p>\n<p style=\"text-align: justify;\">\n<p style=\"font-weight: 400; text-align: justify;\"><span style=\"font-family: helvetica, arial, sans-serif;\">Esta acci\u00f3n se suma a otras iniciativas que Inces regi\u00f3n Yaracuy ha implementado para beneficiar a sus trabajadores como programas de formaci\u00f3n, atenci\u00f3n m\u00e9dica y actividades recreativas.<\/span><\/p>\n","protected":false},"excerpt":{"rendered":"<p>**El Instituto Nacional De Capacitaci\u00f3n y Educaci\u00f3n Socialista (Inces) regi\u00f3n Yaracuy reactiv\u00f3 el servicio de comedor para sus trabajadores, reafirmando su compromiso con el bienestar y la seguridad alimentaria.<\/p>\n","protected":false},"author":15,"featured_media":62565,"comment_status":"closed","ping_status":"closed","sticky":false,"template":"","format":"standard","meta":{"footnotes":""},"categories":[2],"tags":[],"class_list":["post-62564","post","type-post","status-publish","format-standard","has-post-thumbnail","hentry","category-blog"],"_links":{"self":[{"href":"https:\/\/inces.gob.ve\/index.php\/wp-json\/wp\/v2\/posts\/62564","targetHints":{"allow":["GET"]}}],"collection":[{"href":"https:\/\/inces.gob.ve\/index.php\/wp-json\/wp\/v2\/posts"}],"about":[{"href":"https:\/\/inces.gob.ve\/index.php\/wp-json\/wp\/v2\/types\/post"}],"author":[{"embeddable":true,"href":"https:\/\/inces.gob.ve\/index.php\/wp-json\/wp\/v2\/users\/15"}],"replies":[{"embeddable":true,"href":"https:\/\/inces.gob.ve\/index.php\/wp-json\/wp\/v2\/comments?post=62564"}],"version-history":[{"count":4,"href":"https:\/\/inces.gob.ve\/index.php\/wp-json\/wp\/v2\/posts\/62564\/revisions"}],"predecessor-version":[{"id":62569,"href":"https:\/\/inces.gob.ve\/index.php\/wp-json\/wp\/v2\/posts\/62564\/revisions\/62569"}],"wp:featuredmedia":[{"embeddable":true,"href":"https:\/\/inces.gob.ve\/index.php\/wp-json\/wp\/v2\/media\/62565"}],"wp:attachment":[{"href":"https:\/\/inces.gob.ve\/index.php\/wp-json\/wp\/v2\/media?parent=62564"}],"wp:term":[{"taxonomy":"category","embeddable":true,"href":"https:\/\/inces.gob.ve\/index.php\/wp-json\/wp\/v2\/categories?post=62564"},{"taxonomy":"post_tag","embeddable":true,"href":"https:\/\/inces.gob.ve\/index.php\/wp-json\/wp\/v2\/tags?post=62564"}],"curies":[{"name":"wp","href":"https:\/\/api.w.org\/{rel}","templated":true}]}}