{"id":62643,"date":"2025-02-20T13:00:20","date_gmt":"2025-02-20T17:00:20","guid":{"rendered":"https:\/\/inces.gob.ve\/?p=62643"},"modified":"2025-02-20T13:10:27","modified_gmt":"2025-02-20T17:10:27","slug":"zulia-inces-certifica-a-jovenes-con-capacidades-especiales","status":"publish","type":"post","link":"https:\/\/inces.gob.ve\/index.php\/2025\/02\/20\/zulia-inces-certifica-a-jovenes-con-capacidades-especiales\/","title":{"rendered":"ZULIA | Inces certifica a j\u00f3venes con capacidades especiales"},"content":{"rendered":"<div dir=\"auto\"><\/div>\n<div dir=\"auto\" style=\"text-align: justify;\"><em><strong><span style=\"font-family: helvetica, arial, sans-serif;\">**Desde la instituci\u00f3n educativa \u00abTaller Educativo Laboral Ciudad Maracaibo\u00bb, adscrito al Ministerio del Poder Popular para la Educaci\u00f3n (MPPE), el Instituto Nacional de Capacitaci\u00f3n y Educaci\u00f3n Socialista (Inces Zulia) entreg\u00f3 los certificados de aprobaci\u00f3n a j\u00f3venes con capacidades especiales en los perfiles productivos Panader\u00eda y Gastronom\u00eda.\u00a0<\/span><\/strong><\/em><\/div>\n<p style=\"text-align: justify;\"><span style=\"font-family: helvetica, arial, sans-serif;\"><!--more--><\/span><\/p>\n<div dir=\"auto\" style=\"text-align: justify;\"><\/div>\n<div dir=\"auto\" style=\"text-align: justify;\"><span style=\"font-family: helvetica, arial, sans-serif;\">En tal sentido, el gerente regional del Inces Zulia, Jos\u00e9 Vicente Far\u00edas Echeverr\u00ed, fue el encargado de realizar la entrega en compa\u00f1\u00eda del equipo de docentes encargado de formar a los estudiantes, quien felicit\u00f3 a profesores, madres, padres y representantes por el apoyo brindado a sus hijos e hijas.\u00a0<\/span><\/div>\n<div dir=\"auto\"><\/div>\n<div dir=\"auto\"><img loading=\"lazy\" decoding=\"async\" class=\"aligncenter wp-image-62644 size-full\" src=\"https:\/\/inces.gob.ve\/wp-content\/uploads\/2025\/02\/IMG-20250211-WA0068-e1740070609691.jpg\" alt=\"\" width=\"800\" height=\"533\" \/><\/div>\n<div dir=\"auto\" style=\"text-align: justify;\"><\/div>\n<div dir=\"auto\" style=\"text-align: justify;\"><span style=\"font-family: helvetica, arial, sans-serif;\">\u00abNos toca a nosotros, como instituto de formaci\u00f3n t\u00e9cnica profesional, poner a disposici\u00f3n todo nuestro equipo, todas nuestras ganas y voluntad al servicio de todas y todos estos seres tan hermosos&#8230; que est\u00e1n dispuestos a trabajar, y que cuando algo les encanta son los mejores haci\u00e9ndolo\u00bb, agreg\u00f3 el responsable regional del Inces.<\/span><\/div>\n<div dir=\"auto\"><\/div>\n<div dir=\"auto\"><img loading=\"lazy\" decoding=\"async\" class=\"aligncenter wp-image-62648 size-full\" src=\"https:\/\/inces.gob.ve\/wp-content\/uploads\/2025\/02\/IMG_20250211_104019-scaled-e1740070637786.jpg\" alt=\"\" width=\"800\" height=\"603\" \/><\/div>\n<div dir=\"auto\" style=\"text-align: justify;\"><\/div>\n<div dir=\"auto\" style=\"text-align: justify;\"><span style=\"font-family: helvetica, arial, sans-serif;\">El liceo Taller Educativo Laboral Ciudad Maracaibo es una instituci\u00f3n que brinda atenci\u00f3n integral a j\u00f3venes a partir de los 15 a\u00f1os de edad, con alguna discapacidad intelectual: auditiva, visual, s\u00edndrome de Down o motora, promoviendo capacidades ocupacionales a trav\u00e9s de cinco formaciones: Panader\u00eda, Autonom\u00eda y Dependencia, Servicio y Mantenimiento, Gastronom\u00eda y Hoteler\u00eda y Turismo.<\/span><\/div>\n<div dir=\"auto\"><\/div>\n<div dir=\"auto\"><img loading=\"lazy\" decoding=\"async\" class=\"aligncenter wp-image-62645 size-full\" src=\"https:\/\/inces.gob.ve\/wp-content\/uploads\/2025\/02\/IMG-20250211-WA0071-e1740070671106.jpg\" alt=\"\" width=\"800\" height=\"533\" \/><\/div>\n<div dir=\"auto\" style=\"text-align: justify;\"><\/div>\n<div dir=\"auto\" style=\"text-align: justify;\"><span style=\"font-family: helvetica, arial, sans-serif;\">Gracias a la articulaci\u00f3n establecida entre la instituci\u00f3n educativa y el Inces Zulia, estos j\u00f3venes contar\u00e1n con una acreditaci\u00f3n que fortalece su desarrollo t\u00e9cnico profesional y productivo, permitiendo su inclusi\u00f3n laboral y social a trav\u00e9s del trabajo y el emprendimiento.<\/span><\/div>\n","protected":false},"excerpt":{"rendered":"<p>**Desde la instituci\u00f3n educativa \u00abTaller Educativo Laboral Ciudad Maracaibo\u00bb, adscrito al Ministerio del Poder Popular para la Educaci\u00f3n (MPPE), el Instituto Nacional de Capacitaci\u00f3n y Educaci\u00f3n Socialista (Inces Zulia) entreg\u00f3 los certificados de aprobaci\u00f3n a j\u00f3venes con capacidades especiales en los perfiles productivos Panader\u00eda y Gastronom\u00eda.\u00a0<\/p>\n","protected":false},"author":15,"featured_media":62647,"comment_status":"closed","ping_status":"closed","sticky":false,"template":"","format":"standard","meta":{"footnotes":""},"categories":[2],"tags":[],"class_list":["post-62643","post","type-post","status-publish","format-standard","has-post-thumbnail","hentry","category-blog"],"_links":{"self":[{"href":"https:\/\/inces.gob.ve\/index.php\/wp-json\/wp\/v2\/posts\/62643","targetHints":{"allow":["GET"]}}],"collection":[{"href":"https:\/\/inces.gob.ve\/index.php\/wp-json\/wp\/v2\/posts"}],"about":[{"href":"https:\/\/inces.gob.ve\/index.php\/wp-json\/wp\/v2\/types\/post"}],"author":[{"embeddable":true,"href":"https:\/\/inces.gob.ve\/index.php\/wp-json\/wp\/v2\/users\/15"}],"replies":[{"embeddable":true,"href":"https:\/\/inces.gob.ve\/index.php\/wp-json\/wp\/v2\/comments?post=62643"}],"version-history":[{"count":3,"href":"https:\/\/inces.gob.ve\/index.php\/wp-json\/wp\/v2\/posts\/62643\/revisions"}],"predecessor-version":[{"id":62651,"href":"https:\/\/inces.gob.ve\/index.php\/wp-json\/wp\/v2\/posts\/62643\/revisions\/62651"}],"wp:featuredmedia":[{"embeddable":true,"href":"https:\/\/inces.gob.ve\/index.php\/wp-json\/wp\/v2\/media\/62647"}],"wp:attachment":[{"href":"https:\/\/inces.gob.ve\/index.php\/wp-json\/wp\/v2\/media?parent=62643"}],"wp:term":[{"taxonomy":"category","embeddable":true,"href":"https:\/\/inces.gob.ve\/index.php\/wp-json\/wp\/v2\/categories?post=62643"},{"taxonomy":"post_tag","embeddable":true,"href":"https:\/\/inces.gob.ve\/index.php\/wp-json\/wp\/v2\/tags?post=62643"}],"curies":[{"name":"wp","href":"https:\/\/api.w.org\/{rel}","templated":true}]}}