{"id":62660,"date":"2025-02-20T13:43:18","date_gmt":"2025-02-20T17:43:18","guid":{"rendered":"https:\/\/inces.gob.ve\/?p=62660"},"modified":"2025-02-20T14:55:00","modified_gmt":"2025-02-20T18:55:00","slug":"merida-inces-forma-a-trabajadores-del-teleferico-de-merida-como-herreros","status":"publish","type":"post","link":"https:\/\/inces.gob.ve\/index.php\/2025\/02\/20\/merida-inces-forma-a-trabajadores-del-teleferico-de-merida-como-herreros\/","title":{"rendered":"M\u00c9RIDA | Inces forma a trabajadores del Telef\u00e9rico de M\u00e9rida como herreros"},"content":{"rendered":"<p style=\"text-align: justify;\"><span style=\"font-family: helvetica, arial, sans-serif;\"><strong><em>** Los participantes actualmente reciben formaci\u00f3n en su espacio de trabajo, con la unidad curricular: Construcci\u00f3n de puertas y ventanas met\u00e1licas<\/em><\/strong><!--more--><\/span><\/p>\n<p style=\"text-align: justify;\"><span style=\"font-family: helvetica, arial, sans-serif;\"><strong>NADIA LOBO | M\u00e9rida<\/strong><\/span><\/p>\n<p style=\"text-align: justify;\"><span style=\"font-family: helvetica, arial, sans-serif;\">El Sistema Telef\u00e9rico Mukumbar\u00ed, es la principal atracci\u00f3n tur\u00edstica de M\u00e9rida y es conocido como el m\u00e1s alto de mundo, donde sus trabajadores deben estar preparados a trav\u00e9s de la t\u00e9cnica, para realizar labores de mantenimiento y reparaciones en condiciones clim\u00e1ticas muy bajas, as\u00ed como en sus diferentes estaciones que alcanzan una altura de 4.765 m s. n. m., y con 12,5 kil\u00f3metros de trayecto.<\/span><\/p>\n<p>&nbsp;<\/p>\n<p style=\"text-align: justify;\"><span style=\"font-family: helvetica, arial, sans-serif;\"><img loading=\"lazy\" decoding=\"async\" class=\"aligncenter wp-image-62663 size-full\" src=\"https:\/\/inces.gob.ve\/wp-content\/uploads\/2025\/02\/HERRERIA-3-e1740073265800.jpg\" alt=\"\" width=\"800\" height=\"360\" \/><\/span><\/p>\n<p style=\"text-align: justify;\"><span style=\"font-family: helvetica, arial, sans-serif;\"><strong>En este sentido, y con el objetivo de ofrecer atenci\u00f3n en el \u00e1mbito entidades de trabajo, el Instituto Nacional de Capacitaci\u00f3n y Educaci\u00f3n Socialista (Inces), inici\u00f3 formaci\u00f3n t\u00e9cnica profesional con el perfil productivo Herrero, dirigido al personal del Sistema Telef\u00e9rico de M\u00e9rida Mukumbar\u00ed,<\/strong><\/span><\/p>\n<p style=\"text-align: justify;\"><span style=\"font-family: helvetica, arial, sans-serif;\"><strong>La formaci\u00f3n est\u00e1 dirigida a 15 j\u00f3venes trabajadores de diferentes \u00e1reas del telef\u00e9rico como operador de cabina, mantenimiento mec\u00e1nico, entre otros departamentos, lo que permitir\u00e1 fortalecer y actualizar al personal,\u00a0<\/strong>avalando sus conocimientos pr\u00e1cticos y reconociendo tanto sus habilidades como sus destrezas y ocupaciones productivas dentro de este importante complejo tur\u00edstico.\u00a0\u00a0<\/span><\/p>\n<p>&nbsp;<\/p>\n<p style=\"text-align: justify;\"><span style=\"font-family: helvetica, arial, sans-serif;\"><img loading=\"lazy\" decoding=\"async\" class=\"aligncenter wp-image-62664 size-full\" src=\"https:\/\/inces.gob.ve\/wp-content\/uploads\/2025\/02\/HERRERIA-4-e1740073316472.jpg\" alt=\"\" width=\"800\" height=\"548\" \/><\/span><\/p>\n<p style=\"text-align: justify;\"><span style=\"font-family: helvetica, arial, sans-serif;\"><strong>Los participanteS iniciaron con la unidad curricular Construcci\u00f3n de puertas y ventanas met\u00e1licas, bajo el acompa\u00f1amiento del maestro t\u00e9cnico productivo (MTP) Giovanni D\u00b4Andrade, lo que permitir\u00e1 la formaci\u00f3n a partir del dise\u00f1o e interpretaci\u00f3n de planos de piezas de metal, adem\u00e1s de mejorar la t\u00e9cnica profesional en el \u00e1rea de herrer\u00eda y dar fiel cumplimiento de las normas de seguridad, protecci\u00f3n y conservaci\u00f3n del ambiente.<\/strong><\/span><\/p>\n","protected":false},"excerpt":{"rendered":"<p>** Los participantes actualmente reciben formaci\u00f3n en su espacio de trabajo, con la unidad curricular: Construcci\u00f3n de puertas y ventanas met\u00e1licas<\/p>\n","protected":false},"author":15,"featured_media":62665,"comment_status":"closed","ping_status":"closed","sticky":false,"template":"","format":"standard","meta":{"footnotes":""},"categories":[2],"tags":[],"class_list":["post-62660","post","type-post","status-publish","format-standard","has-post-thumbnail","hentry","category-blog"],"_links":{"self":[{"href":"https:\/\/inces.gob.ve\/index.php\/wp-json\/wp\/v2\/posts\/62660","targetHints":{"allow":["GET"]}}],"collection":[{"href":"https:\/\/inces.gob.ve\/index.php\/wp-json\/wp\/v2\/posts"}],"about":[{"href":"https:\/\/inces.gob.ve\/index.php\/wp-json\/wp\/v2\/types\/post"}],"author":[{"embeddable":true,"href":"https:\/\/inces.gob.ve\/index.php\/wp-json\/wp\/v2\/users\/15"}],"replies":[{"embeddable":true,"href":"https:\/\/inces.gob.ve\/index.php\/wp-json\/wp\/v2\/comments?post=62660"}],"version-history":[{"count":2,"href":"https:\/\/inces.gob.ve\/index.php\/wp-json\/wp\/v2\/posts\/62660\/revisions"}],"predecessor-version":[{"id":62668,"href":"https:\/\/inces.gob.ve\/index.php\/wp-json\/wp\/v2\/posts\/62660\/revisions\/62668"}],"wp:featuredmedia":[{"embeddable":true,"href":"https:\/\/inces.gob.ve\/index.php\/wp-json\/wp\/v2\/media\/62665"}],"wp:attachment":[{"href":"https:\/\/inces.gob.ve\/index.php\/wp-json\/wp\/v2\/media?parent=62660"}],"wp:term":[{"taxonomy":"category","embeddable":true,"href":"https:\/\/inces.gob.ve\/index.php\/wp-json\/wp\/v2\/categories?post=62660"},{"taxonomy":"post_tag","embeddable":true,"href":"https:\/\/inces.gob.ve\/index.php\/wp-json\/wp\/v2\/tags?post=62660"}],"curies":[{"name":"wp","href":"https:\/\/api.w.org\/{rel}","templated":true}]}}