{"id":62681,"date":"2025-02-20T15:53:27","date_gmt":"2025-02-20T19:53:27","guid":{"rendered":"https:\/\/inces.gob.ve\/?p=62681"},"modified":"2025-02-20T15:53:27","modified_gmt":"2025-02-20T19:53:27","slug":"dia-de-la-federacion-166-anos-de-compromiso-con-los-ideales-federales","status":"publish","type":"post","link":"https:\/\/inces.gob.ve\/index.php\/2025\/02\/20\/dia-de-la-federacion-166-anos-de-compromiso-con-los-ideales-federales\/","title":{"rendered":"D\u00eda de la Federaci\u00f3n: 166 A\u00f1os de\u00a0compromiso\u00a0con\u00a0los ideales federales"},"content":{"rendered":"<p><em><strong><span style=\"font-family: helvetica, arial, sans-serif;\">**\u00a0En el estado Falc\u00f3n, cada 20 de febrero se conmemora esta importante fecha,\u00a0un hito fundamental en\u00a0la\u00a0historia que establece la uni\u00f3n entre las provincias bajo un sistema federal<\/span><\/strong><\/em><!--more--><\/p>\n<p>&nbsp;<\/p>\n<p><strong><span style=\"font-family: helvetica, arial, sans-serif;\">MIRIAM GONZ\u00c1LEZ VILLARROEL<\/span><\/strong><\/p>\n<p><span style=\"font-family: helvetica, arial, sans-serif;\">El D\u00eda de la Federaci\u00f3n es una fecha significativa en la historia de nuestro pa\u00eds, marca el aniversario de la sanci\u00f3n de la Constituci\u00f3n Federal en 1859, un momento crucial\u00a0e hist\u00f3rico\u00a0en la consolidaci\u00f3n de\u00a0la\u00a0naci\u00f3n. Este a\u00f1o,\u00a0se conmemoran\u00a0166 a\u00f1os\u00a0de\u00a0este paso fundamental hacia la construcci\u00f3n de un estado federal que buscaba unir a las provincias bajo un marco de leyes y derechos comunes,\u00a0la Guerra Federal fue el inicio del movimiento popular y revolucionario que exig\u00eda el derecho al voto, a la educaci\u00f3n, a la repartici\u00f3n de la tierra y la libertad de prensa.<\/span><\/p>\n<p>&nbsp;<\/p>\n<p><span style=\"font-family: helvetica, arial, sans-serif;\">Al cumplirse 166 a\u00f1os desde este hist\u00f3rico acontecimiento, es necesario recordar la importancia del estado Falc\u00f3n en el contexto de la federaci\u00f3n. El estado Falc\u00f3n, ubicado en la regi\u00f3n noroccidental de Venezuela, es rico en historia y cultura, su nombre rinde homenaje a Juan Cris\u00f3stomo Falc\u00f3n, destacado l\u00edder militar y pol\u00edtico que jug\u00f3 un papel crucial en los eventos que llevaron al establecimiento de la federaci\u00f3n.<\/span><\/p>\n<p>&nbsp;<\/p>\n<p><span style=\"font-family: helvetica, arial, sans-serif;\">Falc\u00f3n, fue un ferviente defensor del federalismo y trabaj\u00f3 incansablemente para promover la autonom\u00eda de las provincias, lo que se tradujo en una mayor participaci\u00f3n ciudadana y un gobierno m\u00e1s representativo, es por ello que la relaci\u00f3n entre el d\u00eda de la Federaci\u00f3n y el estado Falc\u00f3n es simb\u00f3lica. Este d\u00eda no solo se celebra la uni\u00f3n de las diferentes provincias del pa\u00eds; sino que tambi\u00e9n, destaca el legado de l\u00edderes como Falc\u00f3n, quien so\u00f1\u00f3 con una Venezuela donde cada regi\u00f3n pudiera prosperar en unidad.<\/span><\/p>\n<p>&nbsp;<\/p>\n<p><span style=\"font-family: helvetica, arial, sans-serif;\">En este contexto, el D\u00eda de la Federaci\u00f3n en la regi\u00f3n falconiana, se conmemora en la oportunidad de recordar, la fuerza que radica en la diversidad y en el compromiso con los ideales federales. El legado de la federaci\u00f3n inspira a trabajar juntos hacia un futuro m\u00e1s inclusivo y pr\u00f3spero para todos los falconianos y venezolanos.<\/span><\/p>\n<p>&nbsp;<\/p>\n<p><span style=\"font-family: helvetica, arial, sans-serif;\">A medida que avanzamos en el siglo XXI, es esencial recordar el legado de la federaci\u00f3n y trabajar juntos para fortalecer nuestras instituciones democr\u00e1ticas. El D\u00eda de la Federaci\u00f3n nos invita a celebrar la unidad en la diversidad y a renovar nuestro compromiso con los principios que sustentan nuestra convivencia como naci\u00f3n.<\/span><\/p>\n<p>&nbsp;<\/p>\n<p><span style=\"font-family: helvetica, arial, sans-serif;\">El\u00a0D\u00eda de la Federaci\u00f3n\u00a0abri\u00f3 la participaci\u00f3n de las comunidades populares en un conflicto que signific\u00f3 la prolongaci\u00f3n de la Guerra de Independencia, en alusi\u00f3n a aquellos problemas de car\u00e1cter social y pol\u00edtico que no fueron resueltos en forma definitiva tras la emancipaci\u00f3n de Espa\u00f1a en 1821. Los l\u00edderes abanderados de este movimiento fueron\u00a0Ezequiel Zamora\u00a0y Juan Cris\u00f3stomo Falc\u00f3n.<\/span><\/p>\n<p>&nbsp;<\/p>\n<p><span style=\"font-family: helvetica, arial, sans-serif;\">Entre las principales causas que se se\u00f1alan para que se diera la Guerra Federal est\u00e1n la continuidad de \u00a0la misma estructura social y econ\u00f3mica de la Colonia; conservaci\u00f3n de la esclavitud y latifundios; el predominio de la clase propietaria en el poder. Todos estos factores formaron parte del discurso pol\u00edtico de los liberales quienes supieron capitalizar el descontento social.<\/span><\/p>\n<p>&nbsp;<\/p>\n<p><span style=\"font-family: helvetica, arial, sans-serif;\">La Guerra Federal enfrent\u00f3 a los bandos conformados por el centralismo del partido Conservador y el federalismo del partido Liberal. El programa pol\u00edtico enarbolado por los federalistas y que conmemora el\u00a0D\u00eda de la Federaci\u00f3n\u00a0no distaba mucho de los contenidos en la constituci\u00f3n vigente del\u00a024 de diciembre\u00a0de\u00a01858.<\/span><\/p>\n","protected":false},"excerpt":{"rendered":"<p>**\u00a0En el estado Falc\u00f3n, cada 20 de febrero se conmemora esta importante fecha,\u00a0un hito fundamental en\u00a0la\u00a0historia que establece la uni\u00f3n entre las provincias bajo un sistema federal<\/p>\n","protected":false},"author":4,"featured_media":62682,"comment_status":"closed","ping_status":"closed","sticky":false,"template":"","format":"standard","meta":{"footnotes":""},"categories":[2],"tags":[],"class_list":["post-62681","post","type-post","status-publish","format-standard","has-post-thumbnail","hentry","category-blog"],"_links":{"self":[{"href":"https:\/\/inces.gob.ve\/index.php\/wp-json\/wp\/v2\/posts\/62681","targetHints":{"allow":["GET"]}}],"collection":[{"href":"https:\/\/inces.gob.ve\/index.php\/wp-json\/wp\/v2\/posts"}],"about":[{"href":"https:\/\/inces.gob.ve\/index.php\/wp-json\/wp\/v2\/types\/post"}],"author":[{"embeddable":true,"href":"https:\/\/inces.gob.ve\/index.php\/wp-json\/wp\/v2\/users\/4"}],"replies":[{"embeddable":true,"href":"https:\/\/inces.gob.ve\/index.php\/wp-json\/wp\/v2\/comments?post=62681"}],"version-history":[{"count":1,"href":"https:\/\/inces.gob.ve\/index.php\/wp-json\/wp\/v2\/posts\/62681\/revisions"}],"predecessor-version":[{"id":62683,"href":"https:\/\/inces.gob.ve\/index.php\/wp-json\/wp\/v2\/posts\/62681\/revisions\/62683"}],"wp:featuredmedia":[{"embeddable":true,"href":"https:\/\/inces.gob.ve\/index.php\/wp-json\/wp\/v2\/media\/62682"}],"wp:attachment":[{"href":"https:\/\/inces.gob.ve\/index.php\/wp-json\/wp\/v2\/media?parent=62681"}],"wp:term":[{"taxonomy":"category","embeddable":true,"href":"https:\/\/inces.gob.ve\/index.php\/wp-json\/wp\/v2\/categories?post=62681"},{"taxonomy":"post_tag","embeddable":true,"href":"https:\/\/inces.gob.ve\/index.php\/wp-json\/wp\/v2\/tags?post=62681"}],"curies":[{"name":"wp","href":"https:\/\/api.w.org\/{rel}","templated":true}]}}