{"id":62704,"date":"2025-02-25T15:51:02","date_gmt":"2025-02-25T19:51:02","guid":{"rendered":"https:\/\/inces.gob.ve\/?p=62704"},"modified":"2025-02-25T15:51:02","modified_gmt":"2025-02-25T19:51:02","slug":"aragua-inces-comercial-la-victoria-potencia-la-comunicacion-mediante-la-oratoria","status":"publish","type":"post","link":"https:\/\/inces.gob.ve\/index.php\/2025\/02\/25\/aragua-inces-comercial-la-victoria-potencia-la-comunicacion-mediante-la-oratoria\/","title":{"rendered":"ARAGUA | Inces Comercial La Victoria potencia la comunicaci\u00f3n mediante la oratoria"},"content":{"rendered":"<div id=\":sx\" class=\"ii gt\">\n<div id=\":sy\" class=\"a3s aiL \">\n<div dir=\"auto\"><em><strong><span style=\"font-family: helvetica, arial, sans-serif;\">** El objetivo es fomentar la ampliaci\u00f3n de las destrezas comunicacionales<\/span><\/strong><\/em><\/div>\n<\/div>\n<\/div>\n<p><!--more--><\/p>\n<div dir=\"auto\"><\/div>\n<div id=\":sx\" class=\"ii gt\">\n<div id=\":sy\" class=\"a3s aiL \">\n<div dir=\"auto\"><strong><span style=\"font-family: helvetica, arial, sans-serif;\">NINOSKA PATRIZ<\/span><\/strong><\/p>\n<p><span style=\"font-family: helvetica, arial, sans-serif;\">El Centro de Formaci\u00f3n Socialista (CFS) Inces Comercial La Victoria ofreci\u00f3 un taller de oratoria a 25 estudiantes y profesores del Liceo Nacional Jos\u00e9 F\u00e9lix Rivas.<\/span><\/div>\n<div dir=\"auto\">\n<p><span style=\"font-family: helvetica, arial, sans-serif;\">Con \u00e9sta actividad el Inces busca promover el desarrollo de habilidades comunicacionales en la comunidad, ya que la oratoria tambi\u00e9n es un elemento para el liderazgo y cuenta con cuatro elementos: orador, discurso, p\u00fablico y prop\u00f3sito.<\/span><\/div>\n<div dir=\"auto\">\n<p><span style=\"font-family: helvetica, arial, sans-serif;\">Entre las t\u00e9cnicas para ser un buen orador se encuentran: preparaci\u00f3n, conocimiento del p\u00fablico, lenguaje corporal, voz y entonaci\u00f3n, historias y ejemplos, uso de apoyos visuales, manejo del tiempo, manejo del nerviosismo.<\/span><\/p>\n<\/div>\n<div dir=\"auto\"><\/div>\n<div dir=\"auto\"><span style=\"font-family: helvetica, arial, sans-serif;\">\u00abSu importancia se destaca, ya que la Oratoria es el arte de la comunicaci\u00f3n clara y objetiva con el p\u00fablico, uniendo el lenguaje verbal y el corporal. As\u00ed mismo, se resalta que grandes oradores de nuestra historia han sido reconocidos por su poder persuasivo y su elocuencia para defender sus ideas\u00bb, expres\u00f3 el jefe de Centro de dicha instituci\u00f3n, Carlos Chirinos.<\/span><\/div>\n<div class=\"yj6qo\"><\/div>\n<div class=\"adL\"><\/div>\n<\/div>\n<\/div>\n<div id=\":pw\" class=\"hq gt\"><\/div>\n","protected":false},"excerpt":{"rendered":"<p>** El objetivo es fomentar la ampliaci\u00f3n de las destrezas comunicacionales<\/p>\n","protected":false},"author":4,"featured_media":62705,"comment_status":"closed","ping_status":"closed","sticky":false,"template":"","format":"standard","meta":{"footnotes":""},"categories":[2],"tags":[],"class_list":["post-62704","post","type-post","status-publish","format-standard","has-post-thumbnail","hentry","category-blog"],"_links":{"self":[{"href":"https:\/\/inces.gob.ve\/index.php\/wp-json\/wp\/v2\/posts\/62704","targetHints":{"allow":["GET"]}}],"collection":[{"href":"https:\/\/inces.gob.ve\/index.php\/wp-json\/wp\/v2\/posts"}],"about":[{"href":"https:\/\/inces.gob.ve\/index.php\/wp-json\/wp\/v2\/types\/post"}],"author":[{"embeddable":true,"href":"https:\/\/inces.gob.ve\/index.php\/wp-json\/wp\/v2\/users\/4"}],"replies":[{"embeddable":true,"href":"https:\/\/inces.gob.ve\/index.php\/wp-json\/wp\/v2\/comments?post=62704"}],"version-history":[{"count":1,"href":"https:\/\/inces.gob.ve\/index.php\/wp-json\/wp\/v2\/posts\/62704\/revisions"}],"predecessor-version":[{"id":62706,"href":"https:\/\/inces.gob.ve\/index.php\/wp-json\/wp\/v2\/posts\/62704\/revisions\/62706"}],"wp:featuredmedia":[{"embeddable":true,"href":"https:\/\/inces.gob.ve\/index.php\/wp-json\/wp\/v2\/media\/62705"}],"wp:attachment":[{"href":"https:\/\/inces.gob.ve\/index.php\/wp-json\/wp\/v2\/media?parent=62704"}],"wp:term":[{"taxonomy":"category","embeddable":true,"href":"https:\/\/inces.gob.ve\/index.php\/wp-json\/wp\/v2\/categories?post=62704"},{"taxonomy":"post_tag","embeddable":true,"href":"https:\/\/inces.gob.ve\/index.php\/wp-json\/wp\/v2\/tags?post=62704"}],"curies":[{"name":"wp","href":"https:\/\/api.w.org\/{rel}","templated":true}]}}