{"id":62778,"date":"2025-02-05T08:23:38","date_gmt":"2025-02-05T12:23:38","guid":{"rendered":"https:\/\/inces.gob.ve\/?p=62778"},"modified":"2025-02-28T08:25:10","modified_gmt":"2025-02-28T12:25:10","slug":"merida-inces-ofrece-formacion-en-la-comuna-luz-del-alba-con-el-perfil-productivo-emprendimiento","status":"publish","type":"post","link":"https:\/\/inces.gob.ve\/index.php\/2025\/02\/05\/merida-inces-ofrece-formacion-en-la-comuna-luz-del-alba-con-el-perfil-productivo-emprendimiento\/","title":{"rendered":"M\u00c9RIDA | Inces ofrece formaci\u00f3n en la comuna Luz del Alba con el perfil productivo Emprendimiento"},"content":{"rendered":"<p style=\"font-weight: 400; text-align: justify;\"><span style=\"font-family: helvetica, arial, sans-serif; font-size: 16px;\"><em>***Para este 2025, la formaci\u00f3n t\u00e9cnica profesional estar\u00e1 enfocada en impulsar proyectos productivos desde la diferentes comunas de esta entidad andina<\/em><\/span><!--more--><\/p>\n<p style=\"text-align: justify;\">\n<p style=\"text-align: justify;\"><strong><span style=\"font-family: helvetica, arial, sans-serif;\">NADIA LOBO<\/span><\/strong><\/p>\n<p style=\"text-align: justify;\"><span style=\"font-family: helvetica, arial, sans-serif;\">El Instituto Nacional de Capacitaci\u00f3n y Educaci\u00f3n Socialista (Inces), a trav\u00e9s del centro de formaci\u00f3n socialista (CFS) El Vig\u00eda, inici\u00f3 el proceso de formaci\u00f3n en la Comuna \u00abLuz del Alba\u00bb, ubicada en el municipio Alberto Adriani del estado M\u00e9rida,\u00a0\u00a0comenzando con la unidad curricular (UC), Constituci\u00f3n de Unidades Econ\u00f3micas, donde participan\u00a0\u00a0cinco comunidades del sector.<\/span><\/p>\n<p style=\"text-align: justify;\">\n<p style=\"font-weight: 400; text-align: justify;\"><span style=\"font-family: helvetica, arial, sans-serif; font-size: 16px;\">As\u00ed lo inform\u00f3, el gerente regional, Geldrit Roca, quien destac\u00f3 que este primer grupo est\u00e1 integrada por 30 participantes procedentes de las comunidades: Esperanza Bolivariana, Lucha Bolivariana, Atanasio Girardot, Nueva Patria, entre otras, quienes esperan impulsar sus proyectos con el acompa\u00f1amiento del Inces, a trav\u00e9s del perfil productivo\u00a0\u00a0laboral Emprendimiento.<\/span><\/p>\n<p style=\"text-align: justify;\">\n<p style=\"font-weight: 400; text-align: justify;\"><span style=\"font-family: helvetica, arial, sans-serif; font-size: 16px;\">Tambi\u00e9n destac\u00f3 que para este a\u00f1o 2025 se espera atender un buen porcentaje de los 240 circuitos comunales, distribuidos a lo largo y ancho de la entidad meride\u00f1a, ofreciendo las herramientas del conocimiento y la t\u00e9cnica profesional en sus distintas \u00e1reas de formaci\u00f3n, que les permita a cada comunidad avanzar e impulsar el sector productivo desde lo local, y fortalecer la econom\u00eda del municipio.<\/span><\/p>\n<p style=\"text-align: justify;\">\n","protected":false},"excerpt":{"rendered":"<p>***Para este 2025, la formaci\u00f3n t\u00e9cnica profesional estar\u00e1 enfocada en impulsar proyectos productivos desde la diferentes comunas de esta entidad andina<\/p>\n","protected":false},"author":4,"featured_media":62779,"comment_status":"closed","ping_status":"closed","sticky":false,"template":"","format":"standard","meta":{"footnotes":""},"categories":[2],"tags":[],"class_list":["post-62778","post","type-post","status-publish","format-standard","has-post-thumbnail","hentry","category-blog"],"_links":{"self":[{"href":"https:\/\/inces.gob.ve\/index.php\/wp-json\/wp\/v2\/posts\/62778","targetHints":{"allow":["GET"]}}],"collection":[{"href":"https:\/\/inces.gob.ve\/index.php\/wp-json\/wp\/v2\/posts"}],"about":[{"href":"https:\/\/inces.gob.ve\/index.php\/wp-json\/wp\/v2\/types\/post"}],"author":[{"embeddable":true,"href":"https:\/\/inces.gob.ve\/index.php\/wp-json\/wp\/v2\/users\/4"}],"replies":[{"embeddable":true,"href":"https:\/\/inces.gob.ve\/index.php\/wp-json\/wp\/v2\/comments?post=62778"}],"version-history":[{"count":1,"href":"https:\/\/inces.gob.ve\/index.php\/wp-json\/wp\/v2\/posts\/62778\/revisions"}],"predecessor-version":[{"id":62780,"href":"https:\/\/inces.gob.ve\/index.php\/wp-json\/wp\/v2\/posts\/62778\/revisions\/62780"}],"wp:featuredmedia":[{"embeddable":true,"href":"https:\/\/inces.gob.ve\/index.php\/wp-json\/wp\/v2\/media\/62779"}],"wp:attachment":[{"href":"https:\/\/inces.gob.ve\/index.php\/wp-json\/wp\/v2\/media?parent=62778"}],"wp:term":[{"taxonomy":"category","embeddable":true,"href":"https:\/\/inces.gob.ve\/index.php\/wp-json\/wp\/v2\/categories?post=62778"},{"taxonomy":"post_tag","embeddable":true,"href":"https:\/\/inces.gob.ve\/index.php\/wp-json\/wp\/v2\/tags?post=62778"}],"curies":[{"name":"wp","href":"https:\/\/api.w.org\/{rel}","templated":true}]}}