{"id":62865,"date":"2025-03-06T11:31:21","date_gmt":"2025-03-06T15:31:21","guid":{"rendered":"https:\/\/inces.gob.ve\/?p=62865"},"modified":"2025-03-06T12:36:33","modified_gmt":"2025-03-06T16:36:33","slug":"aragua-cfs-cagua-desarrollo-formaciones-en-los-motores-textil-y-turismo","status":"publish","type":"post","link":"https:\/\/inces.gob.ve\/index.php\/2025\/03\/06\/aragua-cfs-cagua-desarrollo-formaciones-en-los-motores-textil-y-turismo\/","title":{"rendered":"ARAGUA | CFS  Cagua desarroll\u00f3 formaciones en los Motores: Textil y Turismo"},"content":{"rendered":"<div dir=\"auto\" style=\"text-align: justify;\"><span style=\"font-family: helvetica, arial, sans-serif;\"><em><strong>** El objetivo es brindar herramientas productivas para impulsar emprendimientos en las \u00e1reas de costura y cocina\u00a0<\/strong><\/em><\/span><\/div>\n<p style=\"text-align: justify;\"><span style=\"font-family: helvetica, arial, sans-serif;\"><!--more--><\/span><\/p>\n<p>&nbsp;<\/p>\n<div dir=\"auto\" style=\"text-align: justify;\"><\/div>\n<div dir=\"auto\" style=\"text-align: justify;\"><span style=\"font-family: helvetica, arial, sans-serif;\">NINOSKA PATRIZ\u00a0<\/span><\/div>\n<div dir=\"auto\" style=\"text-align: justify;\"><\/div>\n<div dir=\"auto\" style=\"text-align: justify;\"><span style=\"font-family: helvetica, arial, sans-serif;\">Desde el Centro de Formaci\u00f3n Socialista (CFS)\u00a0 Cagua, en el motor textil se desarrollaron las formaciones:\u00a0 Elaboraci\u00f3n de Patr\u00f3n para Pijamas para Ni\u00f1os y Adultos, la unidad curricular M\u00e1quina Recta y la Formaci\u00f3n Elaboraci\u00f3n de patr\u00f3n de Braga, en el perfil productivo Confeccionista de Uniformes.<\/span><\/div>\n<div dir=\"auto\" style=\"text-align: justify;\"><\/div>\n<div dir=\"auto\"><\/div>\n<div dir=\"auto\"><img loading=\"lazy\" decoding=\"async\" class=\"aligncenter wp-image-62868 size-full\" src=\"https:\/\/inces.gob.ve\/wp-content\/uploads\/2025\/03\/IMG-20250225-WA0008-1.jpg\" alt=\"\" width=\"607\" height=\"570\" srcset=\"https:\/\/inces.gob.ve\/wp-content\/uploads\/2025\/03\/IMG-20250225-WA0008-1.jpg 607w, https:\/\/inces.gob.ve\/wp-content\/uploads\/2025\/03\/IMG-20250225-WA0008-1-300x282.jpg 300w\" sizes=\"auto, (max-width: 607px) 100vw, 607px\" \/><\/div>\n<div dir=\"auto\"><\/div>\n<div dir=\"auto\" style=\"text-align: justify;\"><span style=\"font-family: helvetica, arial, sans-serif;\">La primera fue ejecutada por la maestra t\u00e9cnica productiva (MTP) Betzabeth Bernald, en el espacio ubicado en la Escuela B\u00e1sica Estadal Andr\u00e9s Eloy Blanco, contando con 24 participantes y la segunda estuvo a cargo de la MTP Petra Rodr\u00edguez en la urbanizaci\u00f3n Francisco de Miranda.<\/span><\/div>\n<div dir=\"auto\"><\/div>\n<div dir=\"auto\"><\/div>\n<div dir=\"auto\" style=\"text-align: justify;\"><img loading=\"lazy\" decoding=\"async\" class=\"aligncenter wp-image-62866 \" src=\"https:\/\/inces.gob.ve\/wp-content\/uploads\/2025\/03\/IMG-20250225-WA0001-1-e1741274417245.jpg\" alt=\"\" width=\"684\" height=\"513\" \/><\/div>\n<div dir=\"auto\" style=\"text-align: justify;\"><span style=\"font-family: helvetica, arial, sans-serif;\">As\u00ed mismo por iniciativa de dicho centro, desde el Motor Tur\u00edsmo se llev\u00f3 a cabo la Formaci\u00f3n Perfil Productivo Cocinero contando con la orientaci\u00f3n del MTP Ronmel Alfaro desde el espacio ubicado en la urbanizaci\u00f3n La Fundaci\u00f3n, Cagua, con una excelente clase pr\u00e1ctica de tostones de pl\u00e1tano, patacones y cestas con salsa roja de piment\u00f3n agridulce, salsa de queso y salsa de at\u00fan con queso crema.<\/span><\/div>\n<div class=\"yj6qo\" style=\"text-align: justify;\"><\/div>\n<div class=\"adL\"><\/div>\n","protected":false},"excerpt":{"rendered":"<p>** El objetivo es brindar herramientas productivas para impulsar emprendimientos en las \u00e1reas de costura y cocina\u00a0<\/p>\n","protected":false},"author":15,"featured_media":62867,"comment_status":"closed","ping_status":"closed","sticky":false,"template":"","format":"standard","meta":{"footnotes":""},"categories":[2],"tags":[],"class_list":["post-62865","post","type-post","status-publish","format-standard","has-post-thumbnail","hentry","category-blog"],"_links":{"self":[{"href":"https:\/\/inces.gob.ve\/index.php\/wp-json\/wp\/v2\/posts\/62865","targetHints":{"allow":["GET"]}}],"collection":[{"href":"https:\/\/inces.gob.ve\/index.php\/wp-json\/wp\/v2\/posts"}],"about":[{"href":"https:\/\/inces.gob.ve\/index.php\/wp-json\/wp\/v2\/types\/post"}],"author":[{"embeddable":true,"href":"https:\/\/inces.gob.ve\/index.php\/wp-json\/wp\/v2\/users\/15"}],"replies":[{"embeddable":true,"href":"https:\/\/inces.gob.ve\/index.php\/wp-json\/wp\/v2\/comments?post=62865"}],"version-history":[{"count":4,"href":"https:\/\/inces.gob.ve\/index.php\/wp-json\/wp\/v2\/posts\/62865\/revisions"}],"predecessor-version":[{"id":62872,"href":"https:\/\/inces.gob.ve\/index.php\/wp-json\/wp\/v2\/posts\/62865\/revisions\/62872"}],"wp:featuredmedia":[{"embeddable":true,"href":"https:\/\/inces.gob.ve\/index.php\/wp-json\/wp\/v2\/media\/62867"}],"wp:attachment":[{"href":"https:\/\/inces.gob.ve\/index.php\/wp-json\/wp\/v2\/media?parent=62865"}],"wp:term":[{"taxonomy":"category","embeddable":true,"href":"https:\/\/inces.gob.ve\/index.php\/wp-json\/wp\/v2\/categories?post=62865"},{"taxonomy":"post_tag","embeddable":true,"href":"https:\/\/inces.gob.ve\/index.php\/wp-json\/wp\/v2\/tags?post=62865"}],"curies":[{"name":"wp","href":"https:\/\/api.w.org\/{rel}","templated":true}]}}