{"id":62875,"date":"2025-03-07T10:21:57","date_gmt":"2025-03-07T14:21:57","guid":{"rendered":"https:\/\/inces.gob.ve\/?p=62875"},"modified":"2025-03-07T10:26:52","modified_gmt":"2025-03-07T14:26:52","slug":"cojedes-inces-realiza-enlace-con-organizaciones-afines-al-turismo","status":"publish","type":"post","link":"https:\/\/inces.gob.ve\/index.php\/2025\/03\/07\/cojedes-inces-realiza-enlace-con-organizaciones-afines-al-turismo\/","title":{"rendered":"COJEDES | Inces realiza enlace con organizaciones afines al turismo"},"content":{"rendered":"<p style=\"font-weight: 400; text-align: justify;\"><span style=\"font-family: helvetica, arial, sans-serif;\"><strong><em>** Realizaron un recorrido junto a estudiantes y comuneros en pro de dar continuidad al desarrollo productivo y econ\u00f3mico del motor tur\u00edstico de la naci\u00f3n<\/em><\/strong><!--more--><\/span><\/p>\n<p style=\"font-weight: 400; text-align: justify;\"><span style=\"font-family: helvetica, arial, sans-serif;\">El coordinador regional del programa Turismo del Instituto Nacional de Capacitaci\u00f3n y Educaci\u00f3n Socialista (Inces), Jhonny Parra, visit\u00f3 la comuna del sector Potrero Largo de la parroquia Manuel Manrique del municipio San Carlos, en compa\u00f1\u00eda del coordinador de proyectos de la \u00a0Unellez, Jos\u00e9 Pandare y estudiantes de la carrera de Turismo agroecol\u00f3gico; as\u00ed como tambi\u00e9n Jos\u00e9 Echenagucia, por Fundaci\u00f3n Oikos y Carlos Padr\u00f3n por el Movimiento Emprender Juntos.<\/span><\/p>\n<p>&nbsp;<\/p>\n<p style=\"text-align: justify;\"><img loading=\"lazy\" decoding=\"async\" class=\"aligncenter wp-image-62876 size-full\" src=\"https:\/\/inces.gob.ve\/wp-content\/uploads\/2025\/03\/1740922237769.jpg\" alt=\"\" width=\"720\" height=\"540\" srcset=\"https:\/\/inces.gob.ve\/wp-content\/uploads\/2025\/03\/1740922237769.jpg 720w, https:\/\/inces.gob.ve\/wp-content\/uploads\/2025\/03\/1740922237769-300x225.jpg 300w, https:\/\/inces.gob.ve\/wp-content\/uploads\/2025\/03\/1740922237769-136x102.jpg 136w\" sizes=\"auto, (max-width: 720px) 100vw, 720px\" \/><\/p>\n<p style=\"font-weight: 400; text-align: justify;\"><span style=\"font-family: helvetica, arial, sans-serif;\">Al respecto, Parra, en representaci\u00f3n del gerente regional, Lusaldo Rodr\u00edguez, ofreci\u00f3 y orient\u00f3 a los comuneros sobre el plan de formaci\u00f3n 2025 en el motor turismo, en presencia de artesanos, cultores, productores y emprendedores de la comunidad.\u00a0 El recorrido intuy\u00f3 un paseo a distintos lugares donde se encuentran los artesanos.<\/span><\/p>\n<p style=\"text-align: justify;\"><span style=\"font-family: helvetica, arial, sans-serif;\"><img loading=\"lazy\" decoding=\"async\" class=\"aligncenter wp-image-62877 size-full\" src=\"https:\/\/inces.gob.ve\/wp-content\/uploads\/2025\/03\/1740922240860.jpg\" alt=\"\" width=\"720\" height=\"540\" srcset=\"https:\/\/inces.gob.ve\/wp-content\/uploads\/2025\/03\/1740922240860.jpg 720w, https:\/\/inces.gob.ve\/wp-content\/uploads\/2025\/03\/1740922240860-300x225.jpg 300w, https:\/\/inces.gob.ve\/wp-content\/uploads\/2025\/03\/1740922240860-136x102.jpg 136w\" sizes=\"auto, (max-width: 720px) 100vw, 720px\" \/><\/span><\/p>\n<p style=\"font-weight: 400; text-align: justify;\"><span style=\"font-family: helvetica, arial, sans-serif;\">Parra indic\u00f3 que tuvo la oportunidad de estar con un grupo de estudiantes que se encuentran realizando labores comunitarias y visitaron la casa de la se\u00f1ora Onoria Coyazo, all\u00ed disfrutaron de un rico atol dulce a base de cambur, harina de ma\u00edz y jengibre, llamado Mala Rabia, dulce t\u00edpico de la zona norte. Tambi\u00e9n se trasladaron al lugar donde se encuentra un trapiche y much\u00edsimas m\u00e1scaras elaboradas por artesanos de la localidad. <\/span><\/p>\n<p><img loading=\"lazy\" decoding=\"async\" class=\"aligncenter wp-image-62879 size-full\" src=\"https:\/\/inces.gob.ve\/wp-content\/uploads\/2025\/03\/1740922224772.jpg\" alt=\"\" width=\"720\" height=\"540\" srcset=\"https:\/\/inces.gob.ve\/wp-content\/uploads\/2025\/03\/1740922224772.jpg 720w, https:\/\/inces.gob.ve\/wp-content\/uploads\/2025\/03\/1740922224772-300x225.jpg 300w, https:\/\/inces.gob.ve\/wp-content\/uploads\/2025\/03\/1740922224772-136x102.jpg 136w\" sizes=\"auto, (max-width: 720px) 100vw, 720px\" \/><\/p>\n<p>&nbsp;<\/p>\n<p>&nbsp;<\/p>\n<p>&nbsp;<\/p>\n","protected":false},"excerpt":{"rendered":"<p>** Realizaron un recorrido junto a estudiantes y comuneros en pro de dar continuidad al desarrollo productivo y econ\u00f3mico del motor tur\u00edstico de la naci\u00f3n<\/p>\n","protected":false},"author":15,"featured_media":0,"comment_status":"closed","ping_status":"closed","sticky":false,"template":"","format":"standard","meta":{"footnotes":""},"categories":[2],"tags":[],"class_list":["post-62875","post","type-post","status-publish","format-standard","hentry","category-blog"],"_links":{"self":[{"href":"https:\/\/inces.gob.ve\/index.php\/wp-json\/wp\/v2\/posts\/62875","targetHints":{"allow":["GET"]}}],"collection":[{"href":"https:\/\/inces.gob.ve\/index.php\/wp-json\/wp\/v2\/posts"}],"about":[{"href":"https:\/\/inces.gob.ve\/index.php\/wp-json\/wp\/v2\/types\/post"}],"author":[{"embeddable":true,"href":"https:\/\/inces.gob.ve\/index.php\/wp-json\/wp\/v2\/users\/15"}],"replies":[{"embeddable":true,"href":"https:\/\/inces.gob.ve\/index.php\/wp-json\/wp\/v2\/comments?post=62875"}],"version-history":[{"count":2,"href":"https:\/\/inces.gob.ve\/index.php\/wp-json\/wp\/v2\/posts\/62875\/revisions"}],"predecessor-version":[{"id":62882,"href":"https:\/\/inces.gob.ve\/index.php\/wp-json\/wp\/v2\/posts\/62875\/revisions\/62882"}],"wp:attachment":[{"href":"https:\/\/inces.gob.ve\/index.php\/wp-json\/wp\/v2\/media?parent=62875"}],"wp:term":[{"taxonomy":"category","embeddable":true,"href":"https:\/\/inces.gob.ve\/index.php\/wp-json\/wp\/v2\/categories?post=62875"},{"taxonomy":"post_tag","embeddable":true,"href":"https:\/\/inces.gob.ve\/index.php\/wp-json\/wp\/v2\/tags?post=62875"}],"curies":[{"name":"wp","href":"https:\/\/api.w.org\/{rel}","templated":true}]}}