{"id":62896,"date":"2025-03-07T11:57:12","date_gmt":"2025-03-07T15:57:12","guid":{"rendered":"https:\/\/inces.gob.ve\/?p=62896"},"modified":"2025-03-07T12:00:15","modified_gmt":"2025-03-07T16:00:15","slug":"yaracuy-el-inces-adquiere-equipos-para-mejorar-espacios-formativos","status":"publish","type":"post","link":"https:\/\/inces.gob.ve\/index.php\/2025\/03\/07\/yaracuy-el-inces-adquiere-equipos-para-mejorar-espacios-formativos\/","title":{"rendered":"YARACUY | El Inces adquiere equipos para mejorar espacios formativos"},"content":{"rendered":"<p style=\"font-weight: 400; text-align: justify;\"><span style=\"font-family: helvetica, arial, sans-serif;\"><strong><em>** Se realizan trabajos de rehabilitaci\u00f3n en diversas \u00e1reas de la infraestructura para ampliar la atenci\u00f3n del programa bachillerato productivo<\/em><\/strong><!--more--><\/span><\/p>\n<p style=\"font-weight: 400; text-align: justify;\"><span style=\"font-family: helvetica, arial, sans-serif;\"><strong>YOLAICE VARGAS<\/strong><\/span><\/p>\n<p style=\"font-weight: 400; text-align: justify;\"><span style=\"font-family: helvetica, arial, sans-serif;\">Para continuar fortaleciendo los espacios formativos y de trabajo, el Instituto Nacional de Capacitaci\u00f3n y Educaci\u00f3n Socialista (Inces), regi\u00f3n Yaracuy realiz\u00f3 adquisici\u00f3n de nuevos equipos de aires acondicionados.<\/span><\/p>\n<p style=\"text-align: justify;\"><span style=\"font-family: helvetica, arial, sans-serif;\"><img loading=\"lazy\" decoding=\"async\" class=\"wp-image-62902 size-full aligncenter\" src=\"https:\/\/inces.gob.ve\/wp-content\/uploads\/2025\/03\/IMG_20250226_092329_399-scaled-e1741361728389.jpg\" alt=\"\" width=\"800\" height=\"600\" \/><\/span><\/p>\n<p style=\"font-weight: 400; text-align: justify;\"><span style=\"font-family: helvetica, arial, sans-serif;\">El gerente regional de la instituci\u00f3n Dalvi Torrealba, acompa\u00f1ado por la directora regional del Ministerio del poder Popular para el Proceso Social del Trabajo (MPPPST), Mignelis Campos, mencion\u00f3 que, los equipos de aires acondicionados son de 3 toneladas de 12 mil y 18mil BTU, pero adem\u00e1s, se incorpor\u00f3 al \u00e1rea de la cocina un congelador.<\/span><\/p>\n<p style=\"font-weight: 400; text-align: justify;\"><span style=\"font-family: helvetica, arial, sans-serif;\">El titular del ente expres\u00f3 que gracias a la gesti\u00f3n del presidente del Inces Wuikelman Angel Paredes, se logra la adquisici\u00f3n de equipos, que van destinados a los ambientes formativos que se vienen recuperando para ampliar la capacidad de respuesta en cuanto al programa Bachillerato productivo, el cual ha aumentado la matr\u00edcula de manera significativa.<\/span><\/p>\n<p style=\"text-align: justify;\"><span style=\"font-family: helvetica, arial, sans-serif;\"><img loading=\"lazy\" decoding=\"async\" class=\"aligncenter wp-image-62897 size-full\" src=\"https:\/\/inces.gob.ve\/wp-content\/uploads\/2025\/03\/IMG-20250226-WA01671-e1741362288543.jpg\" alt=\"\" width=\"800\" height=\"600\" \/><\/span><\/p>\n<p style=\"font-weight: 400; text-align: justify;\"><span style=\"font-family: helvetica, arial, sans-serif;\">Por otro lado se\u00f1al\u00f3 que desde la gerencia viene trabajando para brindar beneficios a los empleados de la instituci\u00f3n, para lo que la instituci\u00f3n hizo una alianza con el Centro \u00d3ptico Nova, para la realizaci\u00f3n de consulta de medicina general, ex\u00e1menes visuales y adquisici\u00f3n de lentes a precios muy por debajo, con un ahorro de hasta un 60%.<\/span><\/p>\n<p style=\"font-weight: 400; text-align: justify;\"><span style=\"font-family: helvetica, arial, sans-serif;\"><strong>Formaci\u00f3n permanente<\/strong><\/span><\/p>\n<p style=\"font-weight: 400; text-align: justify;\"><span style=\"font-family: helvetica, arial, sans-serif;\">En otro orden de ideas la m\u00e1xima autoridad del Inces, regi\u00f3n Yaracuy, inform\u00f3 que para finalizar el mes de febrero se llevan a cabo cierres de unidades curriculares a saber; \u00a0panader\u00eda, \u00a0electromec\u00e1nica \u00a0Industrial, soldadura, confecci\u00f3n de prendas de vestir entre otras.<\/span><\/p>\n<p style=\"text-align: justify;\"><span style=\"font-family: helvetica, arial, sans-serif;\"><img loading=\"lazy\" decoding=\"async\" class=\"aligncenter wp-image-62903 \" src=\"https:\/\/inces.gob.ve\/wp-content\/uploads\/2025\/03\/IMG-20250226-WA0207-576x1024.jpg\" alt=\"\" width=\"362\" height=\"644\" \/><\/span><\/p>\n<p style=\"font-weight: 400; text-align: justify;\"><span style=\"font-family: helvetica, arial, sans-serif;\">Asimismo indic\u00f3, que en la actualidad se est\u00e1n rehabilitando algunos espacios de la infraestructura para ampliar la capacidad de respuesta al programa Bachillerato Productivo, el cual en este \u00faltimo periodo ha aumentado de manera significativa la matr\u00edcula, por lo que se deben habilitar m\u00e1s ambientes formativos.<\/span><\/p>\n<p style=\"text-align: justify;\"><span style=\"font-family: helvetica, arial, sans-serif;\"><img loading=\"lazy\" decoding=\"async\" class=\"wp-image-62900 size-large aligncenter\" src=\"https:\/\/inces.gob.ve\/wp-content\/uploads\/2025\/03\/IMG_20250226_092656_317-1024x768.jpg\" alt=\"\" width=\"640\" height=\"480\" \/><\/span><\/p>\n<p style=\"font-weight: 400; text-align: justify;\"><span style=\"font-family: helvetica, arial, sans-serif;\"><strong>Inspecciones en entidades de trabajo<\/strong><\/span><\/p>\n<p style=\"font-weight: 400; text-align: justify;\"><span style=\"font-family: helvetica, arial, sans-serif;\">Por su parte la directora regional del MPPPST, Mignelis Campos indic\u00f3 que en trabajo conjunto varias instituciones adscritas al ministerio \u00a0iniciaron la inspecci\u00f3n a las entidades de trabajo, a fin de evaluar y verificar que se encuentren al d\u00eda con los institutos y est\u00e9n cumpliendo con cada uno de las normativas y reglamentos que emanan de los mismos.<\/span><\/p>\n<p style=\"font-weight: 400; text-align: justify;\"><span style=\"font-family: helvetica, arial, sans-serif;\">En tal sentido precis\u00f3 que han visitado varias entidades de trabajo tanto p\u00fablicas como privadas de los municipios Independencia y San Felipe, notificando la importancia de cumplir con las leyes y reglamentos establecidos por el Instituto Nacional de Capacitaci\u00f3n y Educaci\u00f3n Socialista (Inces), Instituto Nacional de Prevenci\u00f3n, Salud y Seguridad Laborales (Inpsasel), y el Instituto para Capacitaci\u00f3n y Recreaci\u00f3n de los Trabajadores (Incret).<\/span><\/p>\n<p style=\"font-weight: 400; text-align: justify;\"><span style=\"font-family: helvetica, arial, sans-serif;\"><strong>\u00a0<\/strong><\/span><\/p>\n","protected":false},"excerpt":{"rendered":"<p>** Se realizan trabajos de rehabilitaci\u00f3n en diversas \u00e1reas de la infraestructura para ampliar la atenci\u00f3n del programa bachillerato productivo<\/p>\n","protected":false},"author":15,"featured_media":62901,"comment_status":"closed","ping_status":"closed","sticky":false,"template":"","format":"standard","meta":{"footnotes":""},"categories":[2],"tags":[],"class_list":["post-62896","post","type-post","status-publish","format-standard","has-post-thumbnail","hentry","category-blog"],"_links":{"self":[{"href":"https:\/\/inces.gob.ve\/index.php\/wp-json\/wp\/v2\/posts\/62896","targetHints":{"allow":["GET"]}}],"collection":[{"href":"https:\/\/inces.gob.ve\/index.php\/wp-json\/wp\/v2\/posts"}],"about":[{"href":"https:\/\/inces.gob.ve\/index.php\/wp-json\/wp\/v2\/types\/post"}],"author":[{"embeddable":true,"href":"https:\/\/inces.gob.ve\/index.php\/wp-json\/wp\/v2\/users\/15"}],"replies":[{"embeddable":true,"href":"https:\/\/inces.gob.ve\/index.php\/wp-json\/wp\/v2\/comments?post=62896"}],"version-history":[{"count":3,"href":"https:\/\/inces.gob.ve\/index.php\/wp-json\/wp\/v2\/posts\/62896\/revisions"}],"predecessor-version":[{"id":62906,"href":"https:\/\/inces.gob.ve\/index.php\/wp-json\/wp\/v2\/posts\/62896\/revisions\/62906"}],"wp:featuredmedia":[{"embeddable":true,"href":"https:\/\/inces.gob.ve\/index.php\/wp-json\/wp\/v2\/media\/62901"}],"wp:attachment":[{"href":"https:\/\/inces.gob.ve\/index.php\/wp-json\/wp\/v2\/media?parent=62896"}],"wp:term":[{"taxonomy":"category","embeddable":true,"href":"https:\/\/inces.gob.ve\/index.php\/wp-json\/wp\/v2\/categories?post=62896"},{"taxonomy":"post_tag","embeddable":true,"href":"https:\/\/inces.gob.ve\/index.php\/wp-json\/wp\/v2\/tags?post=62896"}],"curies":[{"name":"wp","href":"https:\/\/api.w.org\/{rel}","templated":true}]}}