{"id":62943,"date":"2025-03-12T15:17:55","date_gmt":"2025-03-12T19:17:55","guid":{"rendered":"https:\/\/inces.gob.ve\/?p=62943"},"modified":"2025-03-12T15:56:08","modified_gmt":"2025-03-12T19:56:08","slug":"inces-forma-a-gerentes-regionales-en-el-sistema-de-gestion-operativa-y-documental","status":"publish","type":"post","link":"https:\/\/inces.gob.ve\/index.php\/2025\/03\/12\/inces-forma-a-gerentes-regionales-en-el-sistema-de-gestion-operativa-y-documental\/","title":{"rendered":"Inces forma a gerentes regionales en el Sistema de Gesti\u00f3n Operativa y Documental"},"content":{"rendered":"<p style=\"text-align: justify;\"><span style=\"font-family: helvetica, arial, sans-serif;\"><em><strong>** La sesi\u00f3n cont\u00f3 con la participaci\u00f3n de la directora ejecutiva, Nataly Carmona, los gerentes generales Jos\u00e9 Luis Tovar Cede\u00f1o y Carlos Joa V\u00e1squez, as\u00ed como jefes de divisi\u00f3n y representantes de 12 estados del pa\u00eds<\/strong><\/em><!--more--><\/span><\/p>\n<p>&nbsp;<\/p>\n<p style=\"text-align: justify;\"><span style=\"font-family: helvetica, arial, sans-serif;\">El Instituto Nacional de Capacitaci\u00f3n y Educaci\u00f3n Socialista (Inces) inici\u00f3 un plan de formaci\u00f3n para fortalecer las capacidades de los responsables de mantenimiento y servicios en sus gerencias regionales. El objetivo es optimizar la gesti\u00f3n operativa y documental a trav\u00e9s de la implementaci\u00f3n de sistemas tecnol\u00f3gicos avanzados.<\/span><\/p>\n<p>&nbsp;<\/p>\n<p><span style=\"font-family: helvetica, arial, sans-serif;\"><img loading=\"lazy\" decoding=\"async\" class=\"aligncenter wp-image-62934 size-full\" src=\"https:\/\/inces.gob.ve\/wp-content\/uploads\/2025\/03\/DSC_3701-scaled-e1741723530702.jpg\" alt=\"\" width=\"800\" height=\"536\" \/><\/span><\/p>\n<p style=\"text-align: justify;\"><span style=\"font-family: helvetica, arial, sans-serif;\">La Direcci\u00f3n Ejecutiva del Inces, en colaboraci\u00f3n con las Gerencias Generales de Infraestructura y Servicios, y de Sistemas y Tecnolog\u00eda de la Informaci\u00f3n, ha puesto en marcha un programa de capacitaci\u00f3n integral. Este programa est\u00e1 dise\u00f1ado para dotar a los funcionarios de las herramientas y conocimientos necesarios para manejar eficientemente el Sistema de Gesti\u00f3n Operativa (SGO) y el Sistema de Gesti\u00f3n Documental (Alfresco).<\/span><\/p>\n<p>&nbsp;<\/p>\n<p>&nbsp;<\/p>\n<p style=\"text-align: justify;\"><span style=\"font-family: helvetica, arial, sans-serif;\"><img loading=\"lazy\" decoding=\"async\" class=\"aligncenter wp-image-62944 size-full\" src=\"https:\/\/inces.gob.ve\/wp-content\/uploads\/2025\/03\/DSC_3618-scaled-e1741806916945.jpg\" alt=\"\" width=\"800\" height=\"536\" \/><\/span><br \/>\n<span style=\"font-family: helvetica, arial, sans-serif;\">La primera jornada de formaci\u00f3n se llev\u00f3 a cabo en la sede central del Inces, en un espacio equipado con 18 estaciones de trabajo. La sesi\u00f3n cont\u00f3 con la participaci\u00f3n de la directora ejecutiva, Nataly Carmona, los gerentes generales Jos\u00e9 Luis Tovar Cede\u00f1o y Carlos Joa V\u00e1squez, as\u00ed como jefes de divisi\u00f3n y representantes de 12 estados del pa\u00eds.<\/span><\/p>\n<p style=\"text-align: justify;\"><span style=\"font-family: helvetica, arial, sans-serif;\">Durante la apertura, la directora ejecutiva destac\u00f3 la importancia de la transformaci\u00f3n digital en el Inces, resaltando el \u00e9xito del sistema \u00abHacer\u00bb en la gesti\u00f3n de la formaci\u00f3n t\u00e9cnica profesional. \u00abEstamos avanzando hacia soluciones tecnol\u00f3gicas que nos permitan atender de forma personalizada los programas de formaci\u00f3n, que actualmente benefician a m\u00e1s de 440,000 personas a nivel nacional\u00bb, afirm\u00f3 Carmona. Adem\u00e1s, inst\u00f3 a los participantes a aplicar el principio \u00abACA\u00bb (Atenci\u00f3n, Consciente y Activa) durante la capacitaci\u00f3n.<\/span><\/p>\n<p>&nbsp;<\/p>\n<p>&nbsp;<\/p>\n<p style=\"text-align: justify;\"><span style=\"font-family: helvetica, arial, sans-serif;\"><img loading=\"lazy\" decoding=\"async\" class=\"aligncenter wp-image-62947 size-full\" src=\"https:\/\/inces.gob.ve\/wp-content\/uploads\/2025\/03\/DSC_3674-scaled-e1741806961654.jpg\" alt=\"\" width=\"800\" height=\"407\" \/><\/span><br \/>\n<span style=\"font-family: helvetica, arial, sans-serif;\">Jos\u00e9 Luis Tovar, gerente general de Infraestructura y Servicios, subray\u00f3 que esta formaci\u00f3n busca homologar los procesos administrativos y fomentar una nueva visi\u00f3n de la gesti\u00f3n de infraestructura en el Inces. \u00abEstamos iniciando un proceso de formaci\u00f3n y capacitaci\u00f3n para que nuestros gerentes regionales adquieran nuevas herramientas y conocimientos\u00bb, expres\u00f3 Tovar.<\/span><\/p>\n<p style=\"text-align: justify;\"><span style=\"font-family: helvetica, arial, sans-serif;\">La formaci\u00f3n se desarrollar\u00e1 en dos grupos. El primer grupo incluye a representantes de Sucre, Nueva Esparta, T\u00e1chira, Falc\u00f3n, Miranda, Distrito Capital, La Guaira, Aragua, Barinas, Lara, Anzo\u00e1tegui y Zulia. El segundo grupo estar\u00e1 conformado por participantes de Amazonas, Bol\u00edvar, Apure, M\u00e9rida, Trujillo, Carabobo, Cojedes, Gu\u00e1rico, Delta Amacuro, Yaracuy, Barquisimeto y Zulia.<\/span><\/p>\n","protected":false},"excerpt":{"rendered":"<p>** La sesi\u00f3n cont\u00f3 con la participaci\u00f3n de la directora ejecutiva, Nataly Carmona, los gerentes generales Jos\u00e9 Luis Tovar Cede\u00f1o y Carlos Joa V\u00e1squez, as\u00ed como jefes de divisi\u00f3n y representantes de 12 estados del pa\u00eds<\/p>\n","protected":false},"author":15,"featured_media":62946,"comment_status":"closed","ping_status":"closed","sticky":false,"template":"","format":"standard","meta":{"footnotes":""},"categories":[2],"tags":[],"class_list":["post-62943","post","type-post","status-publish","format-standard","has-post-thumbnail","hentry","category-blog"],"_links":{"self":[{"href":"https:\/\/inces.gob.ve\/index.php\/wp-json\/wp\/v2\/posts\/62943","targetHints":{"allow":["GET"]}}],"collection":[{"href":"https:\/\/inces.gob.ve\/index.php\/wp-json\/wp\/v2\/posts"}],"about":[{"href":"https:\/\/inces.gob.ve\/index.php\/wp-json\/wp\/v2\/types\/post"}],"author":[{"embeddable":true,"href":"https:\/\/inces.gob.ve\/index.php\/wp-json\/wp\/v2\/users\/15"}],"replies":[{"embeddable":true,"href":"https:\/\/inces.gob.ve\/index.php\/wp-json\/wp\/v2\/comments?post=62943"}],"version-history":[{"count":2,"href":"https:\/\/inces.gob.ve\/index.php\/wp-json\/wp\/v2\/posts\/62943\/revisions"}],"predecessor-version":[{"id":62949,"href":"https:\/\/inces.gob.ve\/index.php\/wp-json\/wp\/v2\/posts\/62943\/revisions\/62949"}],"wp:featuredmedia":[{"embeddable":true,"href":"https:\/\/inces.gob.ve\/index.php\/wp-json\/wp\/v2\/media\/62946"}],"wp:attachment":[{"href":"https:\/\/inces.gob.ve\/index.php\/wp-json\/wp\/v2\/media?parent=62943"}],"wp:term":[{"taxonomy":"category","embeddable":true,"href":"https:\/\/inces.gob.ve\/index.php\/wp-json\/wp\/v2\/categories?post=62943"},{"taxonomy":"post_tag","embeddable":true,"href":"https:\/\/inces.gob.ve\/index.php\/wp-json\/wp\/v2\/tags?post=62943"}],"curies":[{"name":"wp","href":"https:\/\/api.w.org\/{rel}","templated":true}]}}