{"id":62970,"date":"2025-03-12T16:16:35","date_gmt":"2025-03-12T20:16:35","guid":{"rendered":"https:\/\/inces.gob.ve\/?p=62970"},"modified":"2025-03-12T16:26:39","modified_gmt":"2025-03-12T20:26:39","slug":"apure-aprendices-de-la-ocupacion-de-secretario-a-administrativo-a-desarrollaron-la-unidad-curricular-ofimatica-basica","status":"publish","type":"post","link":"https:\/\/inces.gob.ve\/index.php\/2025\/03\/12\/apure-aprendices-de-la-ocupacion-de-secretario-a-administrativo-a-desarrollaron-la-unidad-curricular-ofimatica-basica\/","title":{"rendered":"APURE | Aprendices de la ocupaci\u00f3n de Secretario (a) Administrativo (a) desarrollaron la unidad Curricular Ofim\u00e1tica B\u00e1sica"},"content":{"rendered":"<p style=\"text-align: justify;\"><span style=\"font-family: helvetica, arial, sans-serif;\"><em><strong>*<span style=\"font-family: helvetica, arial, sans-serif;\">* Los j\u00f3venes se encuentran en la fase III del Programa Nacional de Aprendizaje (Competencias productivas y laborales) con el facilitador, Ender Pulido<\/span><\/strong><\/em><!--more--><\/span><\/p>\n<p>&nbsp;<\/p>\n<p style=\"text-align: justify;\"><span style=\"font-family: helvetica, arial, sans-serif;\">En el desarrollo de la clase, los j\u00f3venes vieron la introducci\u00f3n a la Ofim\u00e1tica, definici\u00f3n y componentes, importancia en el entorno laboral, procesador de Texto (Microsoft Word)Creaci\u00f3n y edici\u00f3n de documentos, inserci\u00f3n de im\u00e1genes y tablas. As\u00ed mismo, hojas de c\u00e1lculo (Microsoft Excel) y la creaci\u00f3n de gr\u00e1ficos, puntos claves para su desempe\u00f1o en esta rama.<\/span><\/p>\n<p>&nbsp;<\/p>\n<p style=\"text-align: justify;\"><span style=\"font-family: helvetica, arial, sans-serif;\"><img loading=\"lazy\" decoding=\"async\" class=\"aligncenter wp-image-62971 \" src=\"https:\/\/inces.gob.ve\/wp-content\/uploads\/2025\/03\/WhatsApp-Image-2025-03-06-at-10.25.05-AM-e1741810501248-833x1024.jpeg\" alt=\"\" width=\"558\" height=\"686\" srcset=\"https:\/\/inces.gob.ve\/wp-content\/uploads\/2025\/03\/WhatsApp-Image-2025-03-06-at-10.25.05-AM-e1741810501248-833x1024.jpeg 833w, https:\/\/inces.gob.ve\/wp-content\/uploads\/2025\/03\/WhatsApp-Image-2025-03-06-at-10.25.05-AM-e1741810501248-244x300.jpeg 244w, https:\/\/inces.gob.ve\/wp-content\/uploads\/2025\/03\/WhatsApp-Image-2025-03-06-at-10.25.05-AM-e1741810501248-768x944.jpeg 768w, https:\/\/inces.gob.ve\/wp-content\/uploads\/2025\/03\/WhatsApp-Image-2025-03-06-at-10.25.05-AM-e1741810501248-1250x1536.jpeg 1250w, https:\/\/inces.gob.ve\/wp-content\/uploads\/2025\/03\/WhatsApp-Image-2025-03-06-at-10.25.05-AM-e1741810501248.jpeg 1560w\" sizes=\"auto, (max-width: 558px) 100vw, 558px\" \/><\/span><\/p>\n<p style=\"text-align: justify;\"><span style=\"font-family: helvetica, arial, sans-serif;\">La unidad curricular de Ofim\u00e1tica B\u00e1sica tiene como objetivo proporcionar a los aprendices de la ocupaci\u00f3n Asistente Administrativo, las herramientas y habilidades necesarias para el manejo eficiente de software de oficina, facilitando as\u00ed su desempe\u00f1o en el \u00e1mbito administrativo.<\/span><\/p>\n<p>&nbsp;<\/p>\n<p style=\"text-align: justify;\"><span style=\"font-family: helvetica, arial, sans-serif;\">Tambi\u00e9n, tiene como norte desarrollar competencias en el uso de herramientas ofim\u00e1ticas. Adem\u00e1s, fomenta la organizaci\u00f3n y presentaci\u00f3n de informaci\u00f3n y mejora la eficiencia en la realizaci\u00f3n de tareas administrativas, habilidades claves para su proceso de formaci\u00f3n.<\/span><\/p>\n","protected":false},"excerpt":{"rendered":"<p>** Los j\u00f3venes se encuentran en la fase III del Programa Nacional de Aprendizaje (Competencias productivas y laborales) con el facilitador, Ender Pulido<\/p>\n","protected":false},"author":15,"featured_media":62972,"comment_status":"closed","ping_status":"closed","sticky":false,"template":"","format":"standard","meta":{"footnotes":""},"categories":[2],"tags":[],"class_list":["post-62970","post","type-post","status-publish","format-standard","has-post-thumbnail","hentry","category-blog"],"_links":{"self":[{"href":"https:\/\/inces.gob.ve\/index.php\/wp-json\/wp\/v2\/posts\/62970","targetHints":{"allow":["GET"]}}],"collection":[{"href":"https:\/\/inces.gob.ve\/index.php\/wp-json\/wp\/v2\/posts"}],"about":[{"href":"https:\/\/inces.gob.ve\/index.php\/wp-json\/wp\/v2\/types\/post"}],"author":[{"embeddable":true,"href":"https:\/\/inces.gob.ve\/index.php\/wp-json\/wp\/v2\/users\/15"}],"replies":[{"embeddable":true,"href":"https:\/\/inces.gob.ve\/index.php\/wp-json\/wp\/v2\/comments?post=62970"}],"version-history":[{"count":3,"href":"https:\/\/inces.gob.ve\/index.php\/wp-json\/wp\/v2\/posts\/62970\/revisions"}],"predecessor-version":[{"id":62975,"href":"https:\/\/inces.gob.ve\/index.php\/wp-json\/wp\/v2\/posts\/62970\/revisions\/62975"}],"wp:featuredmedia":[{"embeddable":true,"href":"https:\/\/inces.gob.ve\/index.php\/wp-json\/wp\/v2\/media\/62972"}],"wp:attachment":[{"href":"https:\/\/inces.gob.ve\/index.php\/wp-json\/wp\/v2\/media?parent=62970"}],"wp:term":[{"taxonomy":"category","embeddable":true,"href":"https:\/\/inces.gob.ve\/index.php\/wp-json\/wp\/v2\/categories?post=62970"},{"taxonomy":"post_tag","embeddable":true,"href":"https:\/\/inces.gob.ve\/index.php\/wp-json\/wp\/v2\/tags?post=62970"}],"curies":[{"name":"wp","href":"https:\/\/api.w.org\/{rel}","templated":true}]}}