{"id":63164,"date":"2025-03-17T10:33:10","date_gmt":"2025-03-17T14:33:10","guid":{"rendered":"https:\/\/inces.gob.ve\/?p=63164"},"modified":"2025-03-18T14:28:09","modified_gmt":"2025-03-18T18:28:09","slug":"falcon-jovenes-aprenden-sobre-gestion-de-eventos-y-realizan-actividades-recreativas","status":"publish","type":"post","link":"https:\/\/inces.gob.ve\/index.php\/2025\/03\/17\/falcon-jovenes-aprenden-sobre-gestion-de-eventos-y-realizan-actividades-recreativas\/","title":{"rendered":"FALC\u00d3N | J\u00f3venes aprenden sobre gesti\u00f3n de eventos y realizan actividades recreativas"},"content":{"rendered":"<p style=\"text-align: justify;\" align=\"center\"><span style=\"font-family: helvetica, arial, sans-serif; font-size: 16px;\"><em><strong>**Son un grupo de aprendices del Programa Nacional de Aprendizaje que desarrollaron las habilidades y destrezas que adquieren en su formaci\u00f3n como Recreadores<\/strong><\/em><!--more--><\/span><\/p>\n<p align=\"justify\">\n<p style=\"text-align: justify;\" align=\"justify\"><span style=\"font-family: helvetica, arial, sans-serif; font-size: 16px;\"><b>MIRIAM GONZ\u00c1LEZ VILLARROEL<\/b><\/span><\/p>\n<p style=\"text-align: justify;\" align=\"justify\"><span style=\"font-family: helvetica, arial, sans-serif; font-size: 16px;\">Doce aprendices del Programa Nacional de Aprendizaje (PNA) del Instituto Nacional de Capacitaci\u00f3n y Educaci\u00f3n Socialista (Inces) en la Pen\u00ednsula de Paraguan\u00e1, protagonizaron una actividad recreativa en el Centro Comercial Las Virtudes en la ciudad de Punto Fijo, como parte de las actividades organizadas tras culminar la unidad curricular: Gesti\u00f3n de Eventos, con el talento de la maestra t\u00e9cnico productiva (MTP) Marlene Chirinos.<\/span><\/p>\n<p style=\"text-align: justify;\" align=\"justify\">\n<p align=\"justify\"><img loading=\"lazy\" decoding=\"async\" class=\"aligncenter wp-image-63166 size-full\" src=\"https:\/\/inces.gob.ve\/wp-content\/uploads\/2025\/03\/GESTION-DE-EVENTOS-PNA-6.jpg\" alt=\"\" width=\"800\" height=\"514\" srcset=\"https:\/\/inces.gob.ve\/wp-content\/uploads\/2025\/03\/GESTION-DE-EVENTOS-PNA-6.jpg 800w, https:\/\/inces.gob.ve\/wp-content\/uploads\/2025\/03\/GESTION-DE-EVENTOS-PNA-6-300x193.jpg 300w, https:\/\/inces.gob.ve\/wp-content\/uploads\/2025\/03\/GESTION-DE-EVENTOS-PNA-6-768x493.jpg 768w\" sizes=\"auto, (max-width: 800px) 100vw, 800px\" \/><\/p>\n<p style=\"text-align: justify;\" align=\"justify\"><span style=\"font-family: helvetica, arial, sans-serif; font-size: 16px;\">Los 12 aprendices de la ocupaci\u00f3n cualificada: Recreador, efectuaron diversas actividades recreativas, incluyendo presentaciones art\u00edsticas, bailes, cantos y poes\u00edas, entre otras; poniendo de manifiesto talento y creatividad.<\/span><\/p>\n<p style=\"text-align: justify;\" align=\"justify\">\n<p style=\"text-align: justify;\" align=\"justify\"><span style=\"font-family: helvetica, arial, sans-serif; font-size: 16px;\">Inform\u00f3 Mariner Mavo, coordinadora del Programa Nacional de Aprendizaje, este grupo de j\u00f3venes est\u00e1 en proceso de formaci\u00f3n por el Inces, bajo la estrategia de la Instancia Organizativa Vectores y contratados por la Asociaci\u00f3n Civil Centro C\u00edvico Card\u00f3n.<\/span><\/p>\n<p style=\"text-align: justify;\" align=\"justify\">\n<p align=\"justify\">\n<p style=\"text-align: justify;\" align=\"justify\"><span style=\"font-family: helvetica, arial, sans-serif; font-size: 16px;\">En esta acci\u00f3n recreativa, los aprendices estuvieron supervisados por las coordinaciones del PNA y Cultura, Deporte, Recreaci\u00f3n y Participaci\u00f3n Comunal del Inces.<\/span><\/p>\n<p style=\"text-align: justify;\" align=\"center\"><img loading=\"lazy\" decoding=\"async\" class=\"aligncenter wp-image-63167 size-full\" src=\"https:\/\/inces.gob.ve\/wp-content\/uploads\/2025\/03\/GESTION-DE-EVENTOS-PNA-5.jpg\" alt=\"\" width=\"800\" height=\"749\" srcset=\"https:\/\/inces.gob.ve\/wp-content\/uploads\/2025\/03\/GESTION-DE-EVENTOS-PNA-5.jpg 800w, https:\/\/inces.gob.ve\/wp-content\/uploads\/2025\/03\/GESTION-DE-EVENTOS-PNA-5-300x281.jpg 300w, https:\/\/inces.gob.ve\/wp-content\/uploads\/2025\/03\/GESTION-DE-EVENTOS-PNA-5-768x719.jpg 768w\" sizes=\"auto, (max-width: 800px) 100vw, 800px\" \/><\/p>\n<p style=\"text-align: justify;\" align=\"center\"><span style=\"font-family: helvetica, arial, sans-serif; font-size: 16px;\"><b>Entrega de certificados<\/b><\/span><\/p>\n<p style=\"text-align: justify;\" align=\"justify\"><span style=\"font-family: helvetica, arial, sans-serif; font-size: 16px;\">En esta jornada recreativa, los j\u00f3venes estuvieron acompa\u00f1ados por Eneyda Mart\u00ednez Rodr\u00edguez, gerente regional del Inces; \u00c1ngela D\u00edaz, Coordinadora de Cultura, Deporte y Recreaci\u00f3n del Inces; Mariner Mavo y Noris S\u00e1nchez de la coordinaci\u00f3n del PNA y Zuleima Prieto de la Instancia Organizativa Vectores. Igualmente, por los maestros: Amadorys N\u00fa\u00f1ez, Aleida Lema, Eliodoro G\u00f3mez y Marlene Chirino, quienes han sido fundamentales en la formaci\u00f3n y preparaci\u00f3n de estos j\u00f3venes talentos.<\/span><\/p>\n<p style=\"text-align: justify;\" align=\"justify\">\n<p style=\"text-align: justify;\" align=\"justify\"><span style=\"font-family: helvetica, arial, sans-serif; font-size: 16px;\">Fue propicia la ocasi\u00f3n, para realizar entrega de reconocimientos a los organizadores de la actividad, por su esfuerzo y dedicaci\u00f3n; igualmente, a los animadores del evento, quienes tambi\u00e9n tuvieron la oportunidad de poner en pr\u00e1ctica lo aprendido en la unidad curricular: Oratoria, demostrando su crecimiento y preparaci\u00f3n.<\/span><\/p>\n<p style=\"text-align: justify;\" align=\"justify\">\n<p style=\"text-align: justify;\" align=\"justify\"><span style=\"font-family: helvetica, arial, sans-serif; font-size: 16px;\">Finalmente, expres\u00f3 la gerente regional del Inces, Eneyda Mart\u00ednez Rodr\u00edguez, en nombre de todo el equipo del Inces, su agradecimiento al Centro Comercial Las Virtudes por facilitar sus instalaciones, lo que garantiz\u00f3 el \u00e9xito de la actividad organizada por los j\u00f3venes aprendices del PNA.<\/span><\/p>\n<p style=\"text-align: justify;\" align=\"justify\">\n<p style=\"text-align: justify;\" align=\"justify\"><span style=\"font-family: helvetica, arial, sans-serif; font-size: 16px;\">\u00abLa colaboraci\u00f3n entre instituciones es clave para llevar a cabo iniciativas con las cuales se reafirma el compromiso con el desarrollo integral de los aprendices, de la juventud falconiana\u00bb.<\/span><\/p>\n<p style=\"text-align: justify;\" align=\"justify\">\n","protected":false},"excerpt":{"rendered":"<p>**Son un grupo de aprendices del Programa Nacional de Aprendizaje que desarrollaron las habilidades y destrezas que adquieren en su formaci\u00f3n como Recreadores<\/p>\n","protected":false},"author":15,"featured_media":63168,"comment_status":"closed","ping_status":"closed","sticky":false,"template":"","format":"standard","meta":{"footnotes":""},"categories":[2],"tags":[],"class_list":["post-63164","post","type-post","status-publish","format-standard","has-post-thumbnail","hentry","category-blog"],"_links":{"self":[{"href":"https:\/\/inces.gob.ve\/index.php\/wp-json\/wp\/v2\/posts\/63164","targetHints":{"allow":["GET"]}}],"collection":[{"href":"https:\/\/inces.gob.ve\/index.php\/wp-json\/wp\/v2\/posts"}],"about":[{"href":"https:\/\/inces.gob.ve\/index.php\/wp-json\/wp\/v2\/types\/post"}],"author":[{"embeddable":true,"href":"https:\/\/inces.gob.ve\/index.php\/wp-json\/wp\/v2\/users\/15"}],"replies":[{"embeddable":true,"href":"https:\/\/inces.gob.ve\/index.php\/wp-json\/wp\/v2\/comments?post=63164"}],"version-history":[{"count":2,"href":"https:\/\/inces.gob.ve\/index.php\/wp-json\/wp\/v2\/posts\/63164\/revisions"}],"predecessor-version":[{"id":63170,"href":"https:\/\/inces.gob.ve\/index.php\/wp-json\/wp\/v2\/posts\/63164\/revisions\/63170"}],"wp:featuredmedia":[{"embeddable":true,"href":"https:\/\/inces.gob.ve\/index.php\/wp-json\/wp\/v2\/media\/63168"}],"wp:attachment":[{"href":"https:\/\/inces.gob.ve\/index.php\/wp-json\/wp\/v2\/media?parent=63164"}],"wp:term":[{"taxonomy":"category","embeddable":true,"href":"https:\/\/inces.gob.ve\/index.php\/wp-json\/wp\/v2\/categories?post=63164"},{"taxonomy":"post_tag","embeddable":true,"href":"https:\/\/inces.gob.ve\/index.php\/wp-json\/wp\/v2\/tags?post=63164"}],"curies":[{"name":"wp","href":"https:\/\/api.w.org\/{rel}","templated":true}]}}