{"id":63277,"date":"2025-02-28T10:13:33","date_gmt":"2025-02-28T14:13:33","guid":{"rendered":"https:\/\/inces.gob.ve\/?p=63277"},"modified":"2025-03-21T10:16:48","modified_gmt":"2025-03-21T14:16:48","slug":"amazonas-inces-realizo-jornada-de-carnetizacion-para-sus-trabajadores","status":"publish","type":"post","link":"https:\/\/inces.gob.ve\/index.php\/2025\/02\/28\/amazonas-inces-realizo-jornada-de-carnetizacion-para-sus-trabajadores\/","title":{"rendered":"AMAZONAS | Inces realiz\u00f3 jornada de carnetizaci\u00f3n para sus trabajadores"},"content":{"rendered":"<div style=\"text-align: justify;\"><\/div>\n<div><strong><em><span style=\"font-family: helvetica, arial, sans-serif;\">**\u00a0 Trabajadores expresaron su satisfacci\u00f3n por el otorgamiento de sus carnet de identificaci\u00f3n<\/span><\/em><\/strong><\/div>\n<p><!--more--><\/p>\n<div><b><\/b><\/p>\n<div style=\"text-align: justify;\"><\/div>\n<div style=\"text-align: justify;\"><strong><span style=\"font-family: helvetica, arial, sans-serif;\">FELIX RUIZ<\/span><\/strong><\/div>\n<div><\/div>\n<div style=\"text-align: justify;\"><span style=\"font-family: helvetica, arial, sans-serif;\">Con el objetivo de seguir contribuyendo con el Plan de la Patria desde la Gerencia Regional Inces Amazonas, siguiendo lineamientos del presidente del Inces, Wuikelman Angel Paredes y de la Secretar\u00eda Ejecutiva del Consejo de Gesti\u00f3n, Nielsy Carera, llev\u00e1ndose a cabo un acto significativo en el cual se realiz\u00f3 la entrega de carnets a los trabajadores de la instituci\u00f3n en esta regional.<\/span><\/div>\n<div style=\"text-align: justify;\">\n<span style=\"font-family: helvetica, arial, sans-serif;\">Este evento, encabezado por el gerente regional Tom\u00e1s Vivas, tuvo como objetivo principal fortalecer el sentido de pertenencia y motivaci\u00f3n de todos los \u00a0trabajadores, reconociendo su labor y compromiso con nuestra \u00a0instituci\u00f3n. La entrega de estos carnets no solo simboliza la identificaci\u00f3n formal de los trabajadores, sino que tambi\u00e9n busca fomentar el orgullo de pertenecer a la instituci\u00f3n el cual contribuye activamente al desarrollo t\u00e9cnico profesional de los amazonenses.<\/span><\/div>\n<div style=\"text-align: justify;\">\n<span style=\"font-family: helvetica, arial, sans-serif;\">Durante el acto, Tom\u00e1s Vivas menci\u00f3n unas palabras a los presentes, en las que resalt\u00f3 la importancia de la educaci\u00f3n y la capacitaci\u00f3n lo cual es un pilar fundamental para el crecimiento tanto personal como profesional, de igual manera destac\u00f3 el papel crucial que desempe\u00f1a cada \u00a0trabajador en sus labores diarias, ya que su esfuerzo contribuyen de manera significativa al desarrollo del pa\u00eds; adem\u00e1s, hizo un llamado a continuar formando, enfatizando que el aprendizaje continuo es clave para alcanzar y vencer los desaf\u00edos. <\/span><\/div>\n<div><\/div>\n<div style=\"text-align: justify;\"><span style=\"font-family: helvetica, arial, sans-serif;\">Es importante acotar que el evento tambi\u00e9n cont\u00f3 con la presencia de Hip\u00f3lito Mart\u00ednez como parte del Consejo de Gesti\u00f3n Regional del Inces Rector, quien se sum\u00f3 a las palabras del gerente regional, felicitando a los trabajadores por su compromiso y dedicaci\u00f3n.<\/span><\/div>\n<div style=\"text-align: justify;\">\n<span style=\"font-family: helvetica, arial, sans-serif;\">Adem\u00e1s de la entrega de carnets, el acto sirvi\u00f3 como un espacio para que los trabajadores compartieran experiencias, logros y desaf\u00edos en el desempe\u00f1o de sus funciones. Logrando que los trabajadores tuvieran la oportunidad de expresar sus opiniones y sugerencias de acuerdo a la planificaci\u00f3n de sus futuras formaciones, de esta manera contribuyen a fomentar un entorno de comunicaci\u00f3n abierta y constructiva.<\/span><\/div>\n<div style=\"text-align: justify;\">\n<span style=\"font-family: helvetica, arial, sans-serif;\">Cabe destacar que este tipo de iniciativas reflejan el compromiso del Inces con sus trabajadores, reafirma su misi\u00f3n de ofrecer oportunidades educativas de calidad formando a \u00a0j\u00f3venes y adultos en el \u00e1mbito t\u00e9cnico profesional, formando ciudadanos capacitados y comprometidos con el crecimiento del pa\u00eds. Este encuentro se realiz\u00f3 en las instalaciones del centro de formaci\u00f3n socialista Cacique Aramare de la ciudad de Puerto Ayacucho.<\/span><\/div>\n<\/div>\n","protected":false},"excerpt":{"rendered":"<p>**\u00a0 Trabajadores expresaron su satisfacci\u00f3n por el otorgamiento de sus carnet de identificaci\u00f3n<\/p>\n","protected":false},"author":4,"featured_media":63278,"comment_status":"closed","ping_status":"closed","sticky":false,"template":"","format":"standard","meta":{"footnotes":""},"categories":[2],"tags":[],"class_list":["post-63277","post","type-post","status-publish","format-standard","has-post-thumbnail","hentry","category-blog"],"_links":{"self":[{"href":"https:\/\/inces.gob.ve\/index.php\/wp-json\/wp\/v2\/posts\/63277","targetHints":{"allow":["GET"]}}],"collection":[{"href":"https:\/\/inces.gob.ve\/index.php\/wp-json\/wp\/v2\/posts"}],"about":[{"href":"https:\/\/inces.gob.ve\/index.php\/wp-json\/wp\/v2\/types\/post"}],"author":[{"embeddable":true,"href":"https:\/\/inces.gob.ve\/index.php\/wp-json\/wp\/v2\/users\/4"}],"replies":[{"embeddable":true,"href":"https:\/\/inces.gob.ve\/index.php\/wp-json\/wp\/v2\/comments?post=63277"}],"version-history":[{"count":1,"href":"https:\/\/inces.gob.ve\/index.php\/wp-json\/wp\/v2\/posts\/63277\/revisions"}],"predecessor-version":[{"id":63279,"href":"https:\/\/inces.gob.ve\/index.php\/wp-json\/wp\/v2\/posts\/63277\/revisions\/63279"}],"wp:featuredmedia":[{"embeddable":true,"href":"https:\/\/inces.gob.ve\/index.php\/wp-json\/wp\/v2\/media\/63278"}],"wp:attachment":[{"href":"https:\/\/inces.gob.ve\/index.php\/wp-json\/wp\/v2\/media?parent=63277"}],"wp:term":[{"taxonomy":"category","embeddable":true,"href":"https:\/\/inces.gob.ve\/index.php\/wp-json\/wp\/v2\/categories?post=63277"},{"taxonomy":"post_tag","embeddable":true,"href":"https:\/\/inces.gob.ve\/index.php\/wp-json\/wp\/v2\/tags?post=63277"}],"curies":[{"name":"wp","href":"https:\/\/api.w.org\/{rel}","templated":true}]}}