{"id":63296,"date":"2025-03-21T11:16:13","date_gmt":"2025-03-21T15:16:13","guid":{"rendered":"https:\/\/inces.gob.ve\/?p=63296"},"modified":"2025-03-21T11:16:13","modified_gmt":"2025-03-21T15:16:13","slug":"amazonas-instituciones-trabajan-en-conjunto-para-el-fortalecimiento-profesional-de-la-region","status":"publish","type":"post","link":"https:\/\/inces.gob.ve\/index.php\/2025\/03\/21\/amazonas-instituciones-trabajan-en-conjunto-para-el-fortalecimiento-profesional-de-la-region\/","title":{"rendered":"AMAZONAS | Instituciones trabajan en conjunto para el fortalecimiento profesional de la regi\u00f3n"},"content":{"rendered":"<div style=\"text-align: justify;\">\n<div><em><strong><span style=\"font-family: helvetica, arial, sans-serif; font-size: 16px;\">** Seguimos trabajando y fortaleciendo nuestras alianzas<\/span><\/strong><\/em><\/div>\n<\/div>\n<p style=\"text-align: justify;\"><!--more--><\/p>\n<div style=\"text-align: justify;\"><\/div>\n<div style=\"text-align: justify;\">\n<div><strong><span style=\"font-family: helvetica, arial, sans-serif; font-size: 16px;\">FELIX RUIZ<\/span><\/strong><\/div>\n<\/div>\n<div style=\"text-align: justify;\">\n<div dir=\"auto\"><span style=\"font-family: helvetica, arial, sans-serif; font-size: 16px;\">Se llev\u00f3 a cabo un significativo encuentro entre el gerente regional del Inces Amazonas, Tom\u00e1s Vivas y el juez superior y coordinador del Circuito Judicial de Protecci\u00f3n de Ni\u00f1os, Ni\u00f1as y Adolescentes del Estado Amazonas, abogado Mario Alberto Marcano Escobar. Este encuentro representa un importante paso para la consolidaci\u00f3n y fortalecimiento de ambas instituciones, la cual va centrada en potenciar las capacidades t\u00e9cnicas y profesionales de los trabajadores.<\/span><\/div>\n<\/div>\n<div dir=\"auto\" style=\"text-align: justify;\"><\/div>\n<div dir=\"auto\"><\/div>\n<div style=\"text-align: justify;\">\n<div dir=\"auto\"><span style=\"font-family: helvetica, arial, sans-serif; font-size: 16px;\">El prop\u00f3sito de esta reuni\u00f3n fue establecer las bases para la implementaci\u00f3n de futuras formaciones dirigidas al personal del Circuito Judicial de Protecci\u00f3n de Ni\u00f1os, Ni\u00f1as y Adolescentes del Estado Amazonas. Con esto se busca promover el crecimiento personal y profesional de los trabajadores para enfrentar desaf\u00edos futuros. Durante el encuentro, se tocaron temas estrat\u00e9gicos y de gran relevancia; uno de ellos fue la identificaci\u00f3n y priorizaci\u00f3n de las necesidades formativas, as\u00ed como la programaci\u00f3n detallada de actividades de formaci\u00f3n. <\/span><\/div>\n<div dir=\"auto\"><\/div>\n<div dir=\"auto\"><\/div>\n<div dir=\"auto\"><span style=\"font-family: helvetica, arial, sans-serif; font-size: 16px;\">Todo esto, con el objetivo de garantizar un aprendizaje efectivo y significativo que atienda las necesidades fundamentales de la instituci\u00f3n. Cabe destacar que, en esta primera reuni\u00f3n, se propuso iniciar con las unidades curriculares Oratoria y Ofim\u00e1tica para Tecnolog\u00eda Libre, dentro del perfil productivo de Asistente Administrativo.<\/span><\/div>\n<div dir=\"auto\"><\/div>\n<\/div>\n<div dir=\"auto\"><\/div>\n<div style=\"text-align: justify;\">\n<div dir=\"auto\"><span style=\"font-family: helvetica, arial, sans-serif; font-size: 16px;\">Se pudo apreciar el compromiso y la voluntad de ambas partes para trabajar mancomunadamente y llevar a cabo estos programas de formaci\u00f3n, cuyo objetivo es fomentar el desarrollo personal y profesional de cada individuo.<\/span><\/div>\n<\/div>\n<div dir=\"auto\"><\/div>\n<div dir=\"auto\"><\/div>\n<div style=\"text-align: justify;\">\n<div dir=\"auto\"><span style=\"font-family: helvetica, arial, sans-serif; font-size: 16px;\"> Finalmente, extendemos una cordial invitaci\u00f3n a todos los involucrados a participar activamente en esta propuesta, cuyo fin \u00faltimo es generar un impacto positivo. Juntos podemos construir un futuro lleno de oportunidades y crecimiento compartido, aprendiendo la t\u00e9cnica.<\/span><\/div>\n<\/div>\n","protected":false},"excerpt":{"rendered":"<p>** Seguimos trabajando y fortaleciendo nuestras alianzas<\/p>\n","protected":false},"author":4,"featured_media":63297,"comment_status":"closed","ping_status":"closed","sticky":false,"template":"","format":"standard","meta":{"footnotes":""},"categories":[2],"tags":[],"class_list":["post-63296","post","type-post","status-publish","format-standard","has-post-thumbnail","hentry","category-blog"],"_links":{"self":[{"href":"https:\/\/inces.gob.ve\/index.php\/wp-json\/wp\/v2\/posts\/63296","targetHints":{"allow":["GET"]}}],"collection":[{"href":"https:\/\/inces.gob.ve\/index.php\/wp-json\/wp\/v2\/posts"}],"about":[{"href":"https:\/\/inces.gob.ve\/index.php\/wp-json\/wp\/v2\/types\/post"}],"author":[{"embeddable":true,"href":"https:\/\/inces.gob.ve\/index.php\/wp-json\/wp\/v2\/users\/4"}],"replies":[{"embeddable":true,"href":"https:\/\/inces.gob.ve\/index.php\/wp-json\/wp\/v2\/comments?post=63296"}],"version-history":[{"count":1,"href":"https:\/\/inces.gob.ve\/index.php\/wp-json\/wp\/v2\/posts\/63296\/revisions"}],"predecessor-version":[{"id":63298,"href":"https:\/\/inces.gob.ve\/index.php\/wp-json\/wp\/v2\/posts\/63296\/revisions\/63298"}],"wp:featuredmedia":[{"embeddable":true,"href":"https:\/\/inces.gob.ve\/index.php\/wp-json\/wp\/v2\/media\/63297"}],"wp:attachment":[{"href":"https:\/\/inces.gob.ve\/index.php\/wp-json\/wp\/v2\/media?parent=63296"}],"wp:term":[{"taxonomy":"category","embeddable":true,"href":"https:\/\/inces.gob.ve\/index.php\/wp-json\/wp\/v2\/categories?post=63296"},{"taxonomy":"post_tag","embeddable":true,"href":"https:\/\/inces.gob.ve\/index.php\/wp-json\/wp\/v2\/tags?post=63296"}],"curies":[{"name":"wp","href":"https:\/\/api.w.org\/{rel}","templated":true}]}}