{"id":63315,"date":"2025-03-21T12:20:14","date_gmt":"2025-03-21T16:20:14","guid":{"rendered":"https:\/\/inces.gob.ve\/?p=63315"},"modified":"2025-03-21T12:20:14","modified_gmt":"2025-03-21T16:20:14","slug":"inces-celebro-el-conversatorio-vigencia-del-pensamiento-del-maestro-luis-beltran-prieto-figueroa","status":"publish","type":"post","link":"https:\/\/inces.gob.ve\/index.php\/2025\/03\/21\/inces-celebro-el-conversatorio-vigencia-del-pensamiento-del-maestro-luis-beltran-prieto-figueroa\/","title":{"rendered":"Inces celebr\u00f3 el conversatorio Vigencia del Pensamiento del Maestro Luis Beltr\u00e1n Prieto Figueroa"},"content":{"rendered":"<p style=\"text-align: justify;\"><strong><em><span style=\"font-family: helvetica, arial, sans-serif; font-size: 16px;\">** La Direcci\u00f3n Estrat\u00e9gica de Investigaci\u00f3n y Desarrollo busca incentivar el estudio de la vida y obra del fundador del Inces<\/span><\/em><\/strong><!--more--><\/p>\n<p>&nbsp;<\/p>\n<p style=\"text-align: justify;\"><strong><span style=\"font-family: helvetica, arial, sans-serif; font-size: 16px;\">T\/F LUIS J. GONZ\u00c1LEZ C.<\/span><\/strong><\/p>\n<p style=\"text-align: justify;\"><span style=\"font-family: helvetica, arial, sans-serif; font-size: 16px;\">A 123 a\u00f1os del natalicio del Maestro de Am\u00e9rica, Luis Beltr\u00e1n Prieto Figueroa, en la sede principal de Caracas del Instituto Nacional de Capacitaci\u00f3n y Educaci\u00f3n Socialista (Inces) se realiz\u00f3 el conversatorio \u201cVigencia del pensamiento del Maestro Luis Beltr\u00e1n Prieto Figueroa\u201d, el cual cont\u00f3 con destacados panelistas quienes abordaron diferentes visiones de la vida de este insigne venezolano.<\/span><\/p>\n<p><img loading=\"lazy\" decoding=\"async\" class=\"aligncenter wp-image-63321 size-large\" src=\"https:\/\/inces.gob.ve\/wp-content\/uploads\/2025\/03\/WhatsApp-Image-2025-03-21-at-11.55.10-2-1024x682.jpeg\" alt=\"\" width=\"640\" height=\"426\" srcset=\"https:\/\/inces.gob.ve\/wp-content\/uploads\/2025\/03\/WhatsApp-Image-2025-03-21-at-11.55.10-2-1024x682.jpeg 1024w, https:\/\/inces.gob.ve\/wp-content\/uploads\/2025\/03\/WhatsApp-Image-2025-03-21-at-11.55.10-2-300x200.jpeg 300w, https:\/\/inces.gob.ve\/wp-content\/uploads\/2025\/03\/WhatsApp-Image-2025-03-21-at-11.55.10-2-768x512.jpeg 768w, https:\/\/inces.gob.ve\/wp-content\/uploads\/2025\/03\/WhatsApp-Image-2025-03-21-at-11.55.10-2-1536x1024.jpeg 1536w, https:\/\/inces.gob.ve\/wp-content\/uploads\/2025\/03\/WhatsApp-Image-2025-03-21-at-11.55.10-2-2048x1365.jpeg 2048w, https:\/\/inces.gob.ve\/wp-content\/uploads\/2025\/03\/WhatsApp-Image-2025-03-21-at-11.55.10-2-272x182.jpeg 272w\" sizes=\"auto, (max-width: 640px) 100vw, 640px\" \/><\/p>\n<p>&nbsp;<\/p>\n<p style=\"text-align: justify;\"><span style=\"font-family: helvetica, arial, sans-serif; font-size: 16px;\">El acto presidido por el director estrat\u00e9gico de Investigaci\u00f3n y Desarrollo del Inces, Richard Delgado, cont\u00f3 con la participaci\u00f3n del representante del partido fundado por Prieto Figueroa Movimiento Electoral del Pueblo (MEP), Argenis Sanoja, el historiador Guillermo Luque y el ingeniero Agust\u00edn Prieto.<\/span><\/p>\n<p><img loading=\"lazy\" decoding=\"async\" class=\"aligncenter wp-image-63311 size-large\" src=\"https:\/\/inces.gob.ve\/wp-content\/uploads\/2025\/03\/WhatsApp-Image-2025-03-21-at-11.55.09-1024x682.jpeg\" alt=\"\" width=\"640\" height=\"426\" srcset=\"https:\/\/inces.gob.ve\/wp-content\/uploads\/2025\/03\/WhatsApp-Image-2025-03-21-at-11.55.09-1024x682.jpeg 1024w, https:\/\/inces.gob.ve\/wp-content\/uploads\/2025\/03\/WhatsApp-Image-2025-03-21-at-11.55.09-300x200.jpeg 300w, https:\/\/inces.gob.ve\/wp-content\/uploads\/2025\/03\/WhatsApp-Image-2025-03-21-at-11.55.09-768x512.jpeg 768w, https:\/\/inces.gob.ve\/wp-content\/uploads\/2025\/03\/WhatsApp-Image-2025-03-21-at-11.55.09-1536x1024.jpeg 1536w, https:\/\/inces.gob.ve\/wp-content\/uploads\/2025\/03\/WhatsApp-Image-2025-03-21-at-11.55.09-2048x1365.jpeg 2048w, https:\/\/inces.gob.ve\/wp-content\/uploads\/2025\/03\/WhatsApp-Image-2025-03-21-at-11.55.09-272x182.jpeg 272w\" sizes=\"auto, (max-width: 640px) 100vw, 640px\" \/><\/p>\n<p style=\"text-align: justify;\"><span style=\"font-family: helvetica, arial, sans-serif; font-size: 16px;\">Delgado, durante su intervenci\u00f3n, resalt\u00f3 que las luchas por la inclusi\u00f3n y el desarrollo del pa\u00eds a trav\u00e9s de la educaci\u00f3n en Prieto iniciaron desde muy temprana edad. Por haber nacido en Nueva Esparta, \u201caprendi\u00f3 a vivir la realidad del campesino, del navegante. El pasado 16 de enero sus restos, hoy inmortales, fueron llevados al Pante\u00f3n Nacional, por lo que se mantiene vivo su pensamiento, su vida y su obra\u201d dijo.<\/span><\/p>\n<p><img loading=\"lazy\" decoding=\"async\" class=\"aligncenter wp-image-63319 size-large\" src=\"https:\/\/inces.gob.ve\/wp-content\/uploads\/2025\/03\/WhatsApp-Image-2025-03-20-at-11.07.01-AM-1024x682.jpeg\" alt=\"\" width=\"640\" height=\"426\" srcset=\"https:\/\/inces.gob.ve\/wp-content\/uploads\/2025\/03\/WhatsApp-Image-2025-03-20-at-11.07.01-AM-1024x682.jpeg 1024w, https:\/\/inces.gob.ve\/wp-content\/uploads\/2025\/03\/WhatsApp-Image-2025-03-20-at-11.07.01-AM-300x200.jpeg 300w, https:\/\/inces.gob.ve\/wp-content\/uploads\/2025\/03\/WhatsApp-Image-2025-03-20-at-11.07.01-AM-768x512.jpeg 768w, https:\/\/inces.gob.ve\/wp-content\/uploads\/2025\/03\/WhatsApp-Image-2025-03-20-at-11.07.01-AM-1536x1024.jpeg 1536w, https:\/\/inces.gob.ve\/wp-content\/uploads\/2025\/03\/WhatsApp-Image-2025-03-20-at-11.07.01-AM-2048x1365.jpeg 2048w, https:\/\/inces.gob.ve\/wp-content\/uploads\/2025\/03\/WhatsApp-Image-2025-03-20-at-11.07.01-AM-272x182.jpeg 272w\" sizes=\"auto, (max-width: 640px) 100vw, 640px\" \/><\/p>\n<p style=\"text-align: justify;\"><span style=\"font-family: helvetica, arial, sans-serif; font-size: 16px;\">Resalt\u00f3 que tal hecho hist\u00f3rico motiv\u00f3 desde el presidente del Inces, Wuikelman Angel, hasta la direcci\u00f3n de Investigaci\u00f3n y Desarrollo a crear la c\u00e1tedra para el estudio del pensamiento del padre de la casa de la formaci\u00f3n t\u00e9cnica profesional en Venezuela.<\/span><\/p>\n<p><img loading=\"lazy\" decoding=\"async\" class=\"aligncenter wp-image-63320 size-large\" src=\"https:\/\/inces.gob.ve\/wp-content\/uploads\/2025\/03\/WhatsApp-Image-2025-03-20-at-11.06.59-AM-1024x682.jpeg\" alt=\"\" width=\"640\" height=\"426\" srcset=\"https:\/\/inces.gob.ve\/wp-content\/uploads\/2025\/03\/WhatsApp-Image-2025-03-20-at-11.06.59-AM-1024x682.jpeg 1024w, https:\/\/inces.gob.ve\/wp-content\/uploads\/2025\/03\/WhatsApp-Image-2025-03-20-at-11.06.59-AM-300x200.jpeg 300w, https:\/\/inces.gob.ve\/wp-content\/uploads\/2025\/03\/WhatsApp-Image-2025-03-20-at-11.06.59-AM-768x512.jpeg 768w, https:\/\/inces.gob.ve\/wp-content\/uploads\/2025\/03\/WhatsApp-Image-2025-03-20-at-11.06.59-AM-1536x1024.jpeg 1536w, https:\/\/inces.gob.ve\/wp-content\/uploads\/2025\/03\/WhatsApp-Image-2025-03-20-at-11.06.59-AM-2048x1365.jpeg 2048w, https:\/\/inces.gob.ve\/wp-content\/uploads\/2025\/03\/WhatsApp-Image-2025-03-20-at-11.06.59-AM-272x182.jpeg 272w\" sizes=\"auto, (max-width: 640px) 100vw, 640px\" \/><\/p>\n<p style=\"text-align: justify;\"><span style=\"font-family: helvetica, arial, sans-serif; font-size: 16px;\">Por su parte, el historiador Guillermo Luque, resalt\u00f3 que el pensamiento de Prieto est\u00e1 centrado en la educaci\u00f3n p\u00fablica servida por el Estado \u201ces el hombre que tambi\u00e9n pens\u00f3 y formul\u00f3 apasionadamente la cultura nacional. \u00c9l no pens\u00f3 en una educaci\u00f3n fr\u00eda pens\u00f3 en una educaci\u00f3n viendo los problemas que pasaban en el pa\u00eds al momento de la creaci\u00f3n de Inces, era un pa\u00eds sumido en el analfabetismo, no solo de la letra sino del trabajo\u201d, dijo.<\/span><\/p>\n<p><img loading=\"lazy\" decoding=\"async\" class=\"aligncenter wp-image-63318 size-full\" src=\"https:\/\/inces.gob.ve\/wp-content\/uploads\/2025\/03\/WhatsApp-Image-2025-03-20-at-11.23.03-AM.jpeg\" alt=\"\" width=\"912\" height=\"608\" srcset=\"https:\/\/inces.gob.ve\/wp-content\/uploads\/2025\/03\/WhatsApp-Image-2025-03-20-at-11.23.03-AM.jpeg 912w, https:\/\/inces.gob.ve\/wp-content\/uploads\/2025\/03\/WhatsApp-Image-2025-03-20-at-11.23.03-AM-300x200.jpeg 300w, https:\/\/inces.gob.ve\/wp-content\/uploads\/2025\/03\/WhatsApp-Image-2025-03-20-at-11.23.03-AM-768x512.jpeg 768w, https:\/\/inces.gob.ve\/wp-content\/uploads\/2025\/03\/WhatsApp-Image-2025-03-20-at-11.23.03-AM-272x182.jpeg 272w\" sizes=\"auto, (max-width: 912px) 100vw, 912px\" \/><\/p>\n<p>&nbsp;<\/p>\n<p style=\"text-align: justify;\"><span style=\"font-family: helvetica, arial, sans-serif; font-size: 16px;\">Entre tanto, el ingeniero Agust\u00edn Prieto, agradeci\u00f3 en nombre de la familia Prieto la invitaci\u00f3n y celebr\u00f3 la creaci\u00f3n de la referida c\u00e1tedra al tiempo que resalt\u00f3 que el asuntino homenajeado sent\u00eda orgullo de haber sido maestro de escuela \u201c\u00e9l no solamente resalt\u00f3 a nivel latinoamericano como un venezolano desde el \u00e1mbito educativo sino que su pensamiento tambi\u00e9n permanece vigente en la actual carta magna en el art\u00edculo 3 donde se garantiza el derecho a la educaci\u00f3n. Prieto pens\u00f3 una educaci\u00f3n para el pa\u00eds intervenido en su cultura petrolera, un pa\u00eds con escuelas t\u00e9cnicas, es por ello que promov\u00eda el elevar el nivel cultural de los venezolanos, ya que con ello pod\u00edan incorporarse al desarrollo econ\u00f3mico del pa\u00eds\u201d.<\/span><\/p>\n<p>&nbsp;<\/p>\n<p><img loading=\"lazy\" decoding=\"async\" class=\"aligncenter wp-image-63316 size-full\" src=\"https:\/\/inces.gob.ve\/wp-content\/uploads\/2025\/03\/WhatsApp-Image-2025-03-20-at-11.48.19-AM-1.jpeg\" alt=\"\" width=\"912\" height=\"608\" srcset=\"https:\/\/inces.gob.ve\/wp-content\/uploads\/2025\/03\/WhatsApp-Image-2025-03-20-at-11.48.19-AM-1.jpeg 912w, https:\/\/inces.gob.ve\/wp-content\/uploads\/2025\/03\/WhatsApp-Image-2025-03-20-at-11.48.19-AM-1-300x200.jpeg 300w, https:\/\/inces.gob.ve\/wp-content\/uploads\/2025\/03\/WhatsApp-Image-2025-03-20-at-11.48.19-AM-1-768x512.jpeg 768w, https:\/\/inces.gob.ve\/wp-content\/uploads\/2025\/03\/WhatsApp-Image-2025-03-20-at-11.48.19-AM-1-272x182.jpeg 272w\" sizes=\"auto, (max-width: 912px) 100vw, 912px\" \/><\/p>\n<p>&nbsp;<\/p>\n<p style=\"text-align: justify;\"><span style=\"font-family: helvetica, arial, sans-serif; font-size: 16px;\">La actividad culmin\u00f3 con la presentaci\u00f3n de la agrupaci\u00f3n del Programa \u201cAlma llanera\u201d del Sistema <\/span><span style=\"font-family: helvetica, arial, sans-serif; font-size: 16px;\">Nacional de Orquestas y Coros Juveniles e Infantiles de Venezuela quienes interpretaron un repertorio que puso al p\u00fablico a bailar y corear temas como \u201cCaballo viejo\u201d y el \u201cPajarillo\u201d.<\/span><\/p>\n<p>&nbsp;<\/p>\n<p><img loading=\"lazy\" decoding=\"async\" class=\"aligncenter wp-image-63322 size-large\" src=\"https:\/\/inces.gob.ve\/wp-content\/uploads\/2025\/03\/WhatsApp-Image-2025-03-20-at-6.33.20-PM-1024x682.jpeg\" alt=\"\" width=\"640\" height=\"426\" srcset=\"https:\/\/inces.gob.ve\/wp-content\/uploads\/2025\/03\/WhatsApp-Image-2025-03-20-at-6.33.20-PM-1024x682.jpeg 1024w, https:\/\/inces.gob.ve\/wp-content\/uploads\/2025\/03\/WhatsApp-Image-2025-03-20-at-6.33.20-PM-300x200.jpeg 300w, https:\/\/inces.gob.ve\/wp-content\/uploads\/2025\/03\/WhatsApp-Image-2025-03-20-at-6.33.20-PM-768x512.jpeg 768w, https:\/\/inces.gob.ve\/wp-content\/uploads\/2025\/03\/WhatsApp-Image-2025-03-20-at-6.33.20-PM-1536x1023.jpeg 1536w, https:\/\/inces.gob.ve\/wp-content\/uploads\/2025\/03\/WhatsApp-Image-2025-03-20-at-6.33.20-PM-272x182.jpeg 272w, https:\/\/inces.gob.ve\/wp-content\/uploads\/2025\/03\/WhatsApp-Image-2025-03-20-at-6.33.20-PM.jpeg 1600w\" sizes=\"auto, (max-width: 640px) 100vw, 640px\" \/><\/p>\n<p>&nbsp;<\/p>\n<p><img loading=\"lazy\" decoding=\"async\" class=\"aligncenter wp-image-63317 size-full\" src=\"https:\/\/inces.gob.ve\/wp-content\/uploads\/2025\/03\/WhatsApp-Image-2025-03-20-at-11.48.19-AM.jpeg\" alt=\"\" width=\"912\" height=\"608\" srcset=\"https:\/\/inces.gob.ve\/wp-content\/uploads\/2025\/03\/WhatsApp-Image-2025-03-20-at-11.48.19-AM.jpeg 912w, https:\/\/inces.gob.ve\/wp-content\/uploads\/2025\/03\/WhatsApp-Image-2025-03-20-at-11.48.19-AM-300x200.jpeg 300w, https:\/\/inces.gob.ve\/wp-content\/uploads\/2025\/03\/WhatsApp-Image-2025-03-20-at-11.48.19-AM-768x512.jpeg 768w, https:\/\/inces.gob.ve\/wp-content\/uploads\/2025\/03\/WhatsApp-Image-2025-03-20-at-11.48.19-AM-272x182.jpeg 272w\" sizes=\"auto, (max-width: 912px) 100vw, 912px\" \/><\/p>\n","protected":false},"excerpt":{"rendered":"<p>** La Direcci\u00f3n Estrat\u00e9gica de Investigaci\u00f3n y Desarrollo busca incentivar el estudio de la vida y obra del fundador del Inces<\/p>\n","protected":false},"author":4,"featured_media":63310,"comment_status":"closed","ping_status":"closed","sticky":false,"template":"","format":"standard","meta":{"footnotes":""},"categories":[2],"tags":[],"class_list":["post-63315","post","type-post","status-publish","format-standard","has-post-thumbnail","hentry","category-blog"],"_links":{"self":[{"href":"https:\/\/inces.gob.ve\/index.php\/wp-json\/wp\/v2\/posts\/63315","targetHints":{"allow":["GET"]}}],"collection":[{"href":"https:\/\/inces.gob.ve\/index.php\/wp-json\/wp\/v2\/posts"}],"about":[{"href":"https:\/\/inces.gob.ve\/index.php\/wp-json\/wp\/v2\/types\/post"}],"author":[{"embeddable":true,"href":"https:\/\/inces.gob.ve\/index.php\/wp-json\/wp\/v2\/users\/4"}],"replies":[{"embeddable":true,"href":"https:\/\/inces.gob.ve\/index.php\/wp-json\/wp\/v2\/comments?post=63315"}],"version-history":[{"count":1,"href":"https:\/\/inces.gob.ve\/index.php\/wp-json\/wp\/v2\/posts\/63315\/revisions"}],"predecessor-version":[{"id":63323,"href":"https:\/\/inces.gob.ve\/index.php\/wp-json\/wp\/v2\/posts\/63315\/revisions\/63323"}],"wp:featuredmedia":[{"embeddable":true,"href":"https:\/\/inces.gob.ve\/index.php\/wp-json\/wp\/v2\/media\/63310"}],"wp:attachment":[{"href":"https:\/\/inces.gob.ve\/index.php\/wp-json\/wp\/v2\/media?parent=63315"}],"wp:term":[{"taxonomy":"category","embeddable":true,"href":"https:\/\/inces.gob.ve\/index.php\/wp-json\/wp\/v2\/categories?post=63315"},{"taxonomy":"post_tag","embeddable":true,"href":"https:\/\/inces.gob.ve\/index.php\/wp-json\/wp\/v2\/tags?post=63315"}],"curies":[{"name":"wp","href":"https:\/\/api.w.org\/{rel}","templated":true}]}}