{"id":63392,"date":"2025-03-28T07:57:51","date_gmt":"2025-03-28T11:57:51","guid":{"rendered":"https:\/\/inces.gob.ve\/?p=63392"},"modified":"2025-03-28T08:09:24","modified_gmt":"2025-03-28T12:09:24","slug":"inces-impulsa-formaciones-en-la-casa-de-la-cultura-eleazar-lopez-contreras","status":"publish","type":"post","link":"https:\/\/inces.gob.ve\/index.php\/2025\/03\/28\/inces-impulsa-formaciones-en-la-casa-de-la-cultura-eleazar-lopez-contreras\/","title":{"rendered":"Inces impulsa formaciones en la Casa de la Cultura Eleazar L\u00f3pez Contreras (+VIDEO)"},"content":{"rendered":"<p style=\"text-align: justify;\"><em><strong><span style=\"font-family: helvetica, arial, sans-serif; font-size: 18px;\">** Las comunas y bases de misiones siguen siendo dos de los \u00e1mbitos priorizados por el Inces para la atenci\u00f3n territorializada de demandas formativas<\/span><\/strong><\/em><!--more--><\/p>\n<p style=\"text-align: justify;\"><span style=\"font-family: helvetica, arial, sans-serif; font-size: 18px;\">El presidente constitucional de Venezuela, Nicol\u00e1s Maduro Moros, inaugur\u00f3 este mi\u00e9rcoles las instalaciones de la Casa de la Cultura General Eleazar L\u00f3pez Contreras, en La Quebradita, parroquia San Mart\u00edn, espacio donde 300 participantes del Instituto Nacional de Capacitaci\u00f3n y Educaci\u00f3n Socialista (Inces) se forman en gastronom\u00eda, bartender y barismo.<\/span><\/p>\n<p>&nbsp;<\/p>\n<p>&nbsp;<\/p>\n<p style=\"text-align: justify;\"><span style=\"font-family: helvetica, arial, sans-serif; font-size: 18px;\">Durante la actividad, el jefe de Estado convers\u00f3 con los maestros y estudiantes Inces que se forman en este espacio, acompa\u00f1ados en esta ocasi\u00f3n por el presidente de la instituci\u00f3n formativa Wuikelman Angel.<\/span><\/p>\n<p>&nbsp;<\/p>\n<p><img loading=\"lazy\" decoding=\"async\" class=\"aligncenter wp-image-63395 size-large\" src=\"https:\/\/inces.gob.ve\/wp-content\/uploads\/2025\/03\/WhatsApp-Image-2025-03-28-at-7.50.50-AM-1024x768.jpeg\" alt=\"\" width=\"640\" height=\"480\" srcset=\"https:\/\/inces.gob.ve\/wp-content\/uploads\/2025\/03\/WhatsApp-Image-2025-03-28-at-7.50.50-AM-1024x768.jpeg 1024w, https:\/\/inces.gob.ve\/wp-content\/uploads\/2025\/03\/WhatsApp-Image-2025-03-28-at-7.50.50-AM-300x225.jpeg 300w, https:\/\/inces.gob.ve\/wp-content\/uploads\/2025\/03\/WhatsApp-Image-2025-03-28-at-7.50.50-AM-768x576.jpeg 768w, https:\/\/inces.gob.ve\/wp-content\/uploads\/2025\/03\/WhatsApp-Image-2025-03-28-at-7.50.50-AM-136x102.jpeg 136w, https:\/\/inces.gob.ve\/wp-content\/uploads\/2025\/03\/WhatsApp-Image-2025-03-28-at-7.50.50-AM.jpeg 1080w\" sizes=\"auto, (max-width: 640px) 100vw, 640px\" \/><\/p>\n<p>&nbsp;<\/p>\n<p style=\"text-align: justify;\"><span style=\"font-family: helvetica, arial, sans-serif; font-size: 18px;\">Cabe destacar que el Inces inici\u00f3 los procesos de ense\u00f1anza de la comunidad meses antes de la apertura oficial del espacio, garantizando que, al momento de la inauguraci\u00f3n, decenas de vecinos ya contaran con formacion en \u00e1reas vinculadas a la gastronom\u00eda y a la econom\u00eda cultural, beneficiando a 10 consejos comunales de la zona.<\/span><\/p>\n<p>&nbsp;<\/p>\n<p><iframe loading=\"lazy\" title=\"Inauguraci\u00f3n de la Casa de la Cultura Eleazar L\u00f3pez Contreras\" width=\"640\" height=\"480\" src=\"https:\/\/www.youtube.com\/embed\/9sceLMEaUTc?feature=oembed\" frameborder=\"0\" allow=\"accelerometer; autoplay; clipboard-write; encrypted-media; gyroscope; picture-in-picture; web-share\" referrerpolicy=\"strict-origin-when-cross-origin\" allowfullscreen><\/iframe><\/p>\n<p>&nbsp;<\/p>\n<p style=\"text-align: justify;\"><span style=\"font-family: helvetica, arial, sans-serif; font-size: 18px;\">La cocina, equipada con tecnolog\u00eda y mobiliario industrial, ser\u00e1 en adelante el taller donde los participantes aprender\u00e1n t\u00e9cnicas culinarias, preparaci\u00f3n de cocteles y manejo de caf\u00e9s especializados, con miras a insertarse en el mercado laboral o crear sus propios negocios.<\/span><\/p>\n<p>&nbsp;<\/p>\n<p><img loading=\"lazy\" decoding=\"async\" class=\"aligncenter wp-image-63393 size-large\" src=\"https:\/\/inces.gob.ve\/wp-content\/uploads\/2025\/03\/WhatsApp-Image-2025-03-28-at-7.50.51-AM-1-1024x768.jpeg\" alt=\"\" width=\"640\" height=\"480\" srcset=\"https:\/\/inces.gob.ve\/wp-content\/uploads\/2025\/03\/WhatsApp-Image-2025-03-28-at-7.50.51-AM-1-1024x768.jpeg 1024w, https:\/\/inces.gob.ve\/wp-content\/uploads\/2025\/03\/WhatsApp-Image-2025-03-28-at-7.50.51-AM-1-300x225.jpeg 300w, https:\/\/inces.gob.ve\/wp-content\/uploads\/2025\/03\/WhatsApp-Image-2025-03-28-at-7.50.51-AM-1-768x576.jpeg 768w, https:\/\/inces.gob.ve\/wp-content\/uploads\/2025\/03\/WhatsApp-Image-2025-03-28-at-7.50.51-AM-1-136x102.jpeg 136w, https:\/\/inces.gob.ve\/wp-content\/uploads\/2025\/03\/WhatsApp-Image-2025-03-28-at-7.50.51-AM-1.jpeg 1080w\" sizes=\"auto, (max-width: 640px) 100vw, 640px\" \/><\/p>\n<p>&nbsp;<\/p>\n<p style=\"text-align: justify;\"><span style=\"font-family: helvetica, arial, sans-serif; font-size: 18px;\">La Alcald\u00eda de Caracas y Fundapatrimonio rehabilitaron la casona hist\u00f3rica, mientras que el Inces garantiza la sostenibilidad del proyecto mediante la formaci\u00f3n de habitantes de San Mart\u00edn.<\/span><\/p>\n<p>&nbsp;<\/p>\n<p><img loading=\"lazy\" decoding=\"async\" class=\"size-medium wp-image-63396 aligncenter\" src=\"https:\/\/inces.gob.ve\/wp-content\/uploads\/2025\/03\/WhatsApp-Image-2025-03-28-at-7.50.49-AM-300x225.jpeg\" alt=\"\" width=\"300\" height=\"225\" srcset=\"https:\/\/inces.gob.ve\/wp-content\/uploads\/2025\/03\/WhatsApp-Image-2025-03-28-at-7.50.49-AM-300x225.jpeg 300w, https:\/\/inces.gob.ve\/wp-content\/uploads\/2025\/03\/WhatsApp-Image-2025-03-28-at-7.50.49-AM-1024x768.jpeg 1024w, https:\/\/inces.gob.ve\/wp-content\/uploads\/2025\/03\/WhatsApp-Image-2025-03-28-at-7.50.49-AM-768x576.jpeg 768w, https:\/\/inces.gob.ve\/wp-content\/uploads\/2025\/03\/WhatsApp-Image-2025-03-28-at-7.50.49-AM-136x102.jpeg 136w, https:\/\/inces.gob.ve\/wp-content\/uploads\/2025\/03\/WhatsApp-Image-2025-03-28-at-7.50.49-AM.jpeg 1080w\" sizes=\"auto, (max-width: 300px) 100vw, 300px\" \/><\/p>\n<p style=\"text-align: justify;\"><span style=\"font-family: helvetica, arial, sans-serif; font-size: 18px;\">Se estima que el centro beneficiar\u00e1 a m\u00e1s de 8.000 personas de 1.800 familias, donde aparte de formaci\u00f3n tambi\u00e9n se podr\u00e1 disfrutar de actividades culturales.<\/span><\/p>\n","protected":false},"excerpt":{"rendered":"<p>** Las comunas y bases de misiones siguen siendo dos de los \u00e1mbitos priorizados por el Inces para la atenci\u00f3n territorializada de demandas formativas<\/p>\n","protected":false},"author":4,"featured_media":63394,"comment_status":"closed","ping_status":"closed","sticky":false,"template":"","format":"standard","meta":{"footnotes":""},"categories":[2],"tags":[],"class_list":["post-63392","post","type-post","status-publish","format-standard","has-post-thumbnail","hentry","category-blog"],"_links":{"self":[{"href":"https:\/\/inces.gob.ve\/index.php\/wp-json\/wp\/v2\/posts\/63392","targetHints":{"allow":["GET"]}}],"collection":[{"href":"https:\/\/inces.gob.ve\/index.php\/wp-json\/wp\/v2\/posts"}],"about":[{"href":"https:\/\/inces.gob.ve\/index.php\/wp-json\/wp\/v2\/types\/post"}],"author":[{"embeddable":true,"href":"https:\/\/inces.gob.ve\/index.php\/wp-json\/wp\/v2\/users\/4"}],"replies":[{"embeddable":true,"href":"https:\/\/inces.gob.ve\/index.php\/wp-json\/wp\/v2\/comments?post=63392"}],"version-history":[{"count":4,"href":"https:\/\/inces.gob.ve\/index.php\/wp-json\/wp\/v2\/posts\/63392\/revisions"}],"predecessor-version":[{"id":63400,"href":"https:\/\/inces.gob.ve\/index.php\/wp-json\/wp\/v2\/posts\/63392\/revisions\/63400"}],"wp:featuredmedia":[{"embeddable":true,"href":"https:\/\/inces.gob.ve\/index.php\/wp-json\/wp\/v2\/media\/63394"}],"wp:attachment":[{"href":"https:\/\/inces.gob.ve\/index.php\/wp-json\/wp\/v2\/media?parent=63392"}],"wp:term":[{"taxonomy":"category","embeddable":true,"href":"https:\/\/inces.gob.ve\/index.php\/wp-json\/wp\/v2\/categories?post=63392"},{"taxonomy":"post_tag","embeddable":true,"href":"https:\/\/inces.gob.ve\/index.php\/wp-json\/wp\/v2\/tags?post=63392"}],"curies":[{"name":"wp","href":"https:\/\/api.w.org\/{rel}","templated":true}]}}