{"id":63403,"date":"2025-03-28T15:03:21","date_gmt":"2025-03-28T19:03:21","guid":{"rendered":"https:\/\/inces.gob.ve\/?p=63403"},"modified":"2025-03-31T12:35:01","modified_gmt":"2025-03-31T16:35:01","slug":"inces-y-la-republica-de-guinea-bissau-firman-memorando-de-entendimiento","status":"publish","type":"post","link":"https:\/\/inces.gob.ve\/index.php\/2025\/03\/28\/inces-y-la-republica-de-guinea-bissau-firman-memorando-de-entendimiento\/","title":{"rendered":"Inces y la Rep\u00fablica de Guinea Bissau firman memorando de entendimiento (+Video)"},"content":{"rendered":"<p style=\"text-align: justify;\"><em><strong><span style=\"font-family: helvetica, arial, sans-serif; font-size: 18px;\">** Una vez m\u00e1s el Inces se compromete a contribuir con la formaci\u00f3n t\u00e9cnica profesional a nivel internacional, con la firma de un nuevo convenio de intercambio de saberes<\/span><\/strong><\/em><!--more--><\/p>\n<p style=\"text-align: justify;\"><strong><span style=\"font-family: helvetica, arial, sans-serif;\">DUGLIANNY RAM\u00cdREZ<\/span><\/strong><\/p>\n<p style=\"text-align: justify;\"><span style=\"font-family: helvetica, arial, sans-serif;\">F\/ Luis J. Gonz\u00e1lez C.<\/span><\/p>\n<p style=\"text-align: justify;\"><span style=\"font-family: helvetica, arial, sans-serif; font-size: 18px;\">En un importante acto celebrado en el sal\u00f3n Santa In\u00e9s, el Instituto Nacional de Capacitaci\u00f3n y Educaci\u00f3n Socialista (Inces) y la Rep\u00fablica de Guinea Bissau, firmaron un memorando de entendimiento en materia de formaci\u00f3n, para fortalecer los lazos de cooperaci\u00f3n entre ambos pa\u00edses y permitir el acceso a las diferentes ofertas formativas que ofrece la instituci\u00f3n a los ciudadanos de este pa\u00eds.<\/span><\/p>\n<p><img loading=\"lazy\" decoding=\"async\" class=\"aligncenter wp-image-63408 size-large\" src=\"https:\/\/inces.gob.ve\/wp-content\/uploads\/2025\/03\/WhatsApp-Image-2025-03-28-at-11.28.11-AM-1-1024x682.jpeg\" alt=\"\" width=\"640\" height=\"426\" srcset=\"https:\/\/inces.gob.ve\/wp-content\/uploads\/2025\/03\/WhatsApp-Image-2025-03-28-at-11.28.11-AM-1-1024x682.jpeg 1024w, https:\/\/inces.gob.ve\/wp-content\/uploads\/2025\/03\/WhatsApp-Image-2025-03-28-at-11.28.11-AM-1-300x200.jpeg 300w, https:\/\/inces.gob.ve\/wp-content\/uploads\/2025\/03\/WhatsApp-Image-2025-03-28-at-11.28.11-AM-1-768x512.jpeg 768w, https:\/\/inces.gob.ve\/wp-content\/uploads\/2025\/03\/WhatsApp-Image-2025-03-28-at-11.28.11-AM-1-1536x1023.jpeg 1536w, https:\/\/inces.gob.ve\/wp-content\/uploads\/2025\/03\/WhatsApp-Image-2025-03-28-at-11.28.11-AM-1-272x182.jpeg 272w, https:\/\/inces.gob.ve\/wp-content\/uploads\/2025\/03\/WhatsApp-Image-2025-03-28-at-11.28.11-AM-1.jpeg 1600w\" sizes=\"auto, (max-width: 640px) 100vw, 640px\" \/><\/p>\n<p>&nbsp;<\/p>\n<p style=\"text-align: justify;\"><span style=\"font-family: helvetica, arial, sans-serif; font-size: 18px;\">El evento estuvo encabezado por el presidente del Inces Wuikelman Angel Paredes, en compa\u00f1\u00eda de los diferentes directores y gerentes generales de esta casa formativa, y en representaci\u00f3n del la Rep\u00fablica de Guinea Bissau el Secretario de Estado de Educaci\u00f3n de este pa\u00eds Gibrilo Djal\u00f3.<\/span><\/p>\n<p style=\"text-align: justify;\"><span style=\"font-family: helvetica, arial, sans-serif; font-size: 18px;\">Durante la actividad Angel le dio la bienvenida al secretario de Estado de Guinea Bissau en nombre de toda directiva del Inces y del Ejecutivo nacional y agradeci\u00f3 al personal de la canciller\u00eda por darle la oportunidad al Inces de seguir impulsando la diplomacia de paz y solidaridad que permite fortalecer los lazos hermandad entre ambas naciones, por otra parte el presidente de la Instituci\u00f3n resalt\u00f3 la importancia de la formaci\u00f3n t\u00e9cnica profesional que ofrece el Inces desde hace mas de 65 a\u00f1os vinculada directamente al mundo del trabajo y que ha superado los est\u00e1ndares de calidad que exige la Organizaci\u00f3n Internacional del Trabajo (QIT).<\/span><\/p>\n<p>&nbsp;<\/p>\n<p><img loading=\"lazy\" decoding=\"async\" class=\"aligncenter wp-image-63411 size-large\" src=\"https:\/\/inces.gob.ve\/wp-content\/uploads\/2025\/03\/WhatsApp-Image-2025-03-28-at-11.28.10-AM-1024x682.jpeg\" alt=\"\" width=\"640\" height=\"426\" \/><\/p>\n<p style=\"text-align: justify;\"><span style=\"font-family: helvetica, arial, sans-serif; font-size: 18px;\">Los programas de formaci\u00f3n del Inces gozan hoy de un alto prestigio, teniendo intercambios con distintas universidades del pa\u00eds, pero \u00abtambi\u00e9n tenemos convenios con diferentes pa\u00edses hermanos que nos permiten seguir construyendo experiencias importantes mas all\u00e1 de nuestras fronteras\u00bb, dijo.<\/span><\/p>\n<p>&nbsp;<\/p>\n<p style=\"text-align: justify;\"><span style=\"font-family: helvetica, arial, sans-serif; font-size: 18px;\">Ademas, Angel mencion\u00f3 que el presidente de nuestro pa\u00eds ha expresado en diferentes ocasiones que Venezuela ha venido planteando una sociedad de valores basada en las cooperaciones y la solidaridad de pueblo a pueblo, es por esto que el Inces continuamente desarrolla planes de formaci\u00f3n que le permitan a todas las comunidades tanto dentro y fuera del pa\u00eds formarse en cualquier \u00e1rea, adquiriendo conocimientos que permiten un buen desempe\u00f1o laboral.<\/span><\/p>\n<p>&nbsp;<\/p>\n<p><img loading=\"lazy\" decoding=\"async\" class=\"aligncenter wp-image-63404 size-large\" src=\"https:\/\/inces.gob.ve\/wp-content\/uploads\/2025\/03\/WhatsApp-Image-2025-03-28-at-11.28.10-AM-2-1024x682.jpeg\" alt=\"\" width=\"640\" height=\"426\" srcset=\"https:\/\/inces.gob.ve\/wp-content\/uploads\/2025\/03\/WhatsApp-Image-2025-03-28-at-11.28.10-AM-2-1024x682.jpeg 1024w, https:\/\/inces.gob.ve\/wp-content\/uploads\/2025\/03\/WhatsApp-Image-2025-03-28-at-11.28.10-AM-2-300x200.jpeg 300w, https:\/\/inces.gob.ve\/wp-content\/uploads\/2025\/03\/WhatsApp-Image-2025-03-28-at-11.28.10-AM-2-768x512.jpeg 768w, https:\/\/inces.gob.ve\/wp-content\/uploads\/2025\/03\/WhatsApp-Image-2025-03-28-at-11.28.10-AM-2-1536x1023.jpeg 1536w, https:\/\/inces.gob.ve\/wp-content\/uploads\/2025\/03\/WhatsApp-Image-2025-03-28-at-11.28.10-AM-2-272x182.jpeg 272w, https:\/\/inces.gob.ve\/wp-content\/uploads\/2025\/03\/WhatsApp-Image-2025-03-28-at-11.28.10-AM-2.jpeg 1600w\" sizes=\"auto, (max-width: 640px) 100vw, 640px\" \/><\/p>\n<p>&nbsp;<\/p>\n<p style=\"text-align: justify;\"><span style=\"font-family: helvetica, arial, sans-serif; font-size: 18px;\">Gibrilo Djal\u00f3 agradeci\u00f3 al Inces por la oportunidad de firmar este acuerdo de entendimiento que permitir\u00e1 el trabajo en conjunto para seguir fortaleciendo la formaci\u00f3n de mas de 50 j\u00f3venes de la Republica de Guinea Bissau que se encuentran ahora en nuestro pa\u00eds recibiendo formaci\u00f3n en el \u00e1rea de medicina general pero gracias a este convenio podr\u00e1n formarse en otras \u00e1reas productivas de inter\u00e9s.<\/span><\/p>\n<p>&nbsp;<\/p>\n<p style=\"text-align: justify;\"><span style=\"font-family: helvetica, arial, sans-serif; font-size: 18px;\">\u00abTodas las formaciones son importantes, ninguna es menos importante que otra\u00bb, expres\u00f3.<\/span><\/p>\n<p>&nbsp;<\/p>\n<p style=\"text-align: justify;\"><span style=\"font-family: helvetica, arial, sans-serif; font-size: 18px;\">Djal\u00f3 mencion\u00f3 que considera que Venezuela es un pa\u00eds completamente bendecido, y que a pesar de la campa\u00f1a de desinformaci\u00f3n por la que se encuentra atravesando al Igual que la Rep\u00fablica de Guinea Bissau, ha sabido enfrentar los diferentes desaf\u00edos en completa uni\u00f3n.<\/span><\/p>\n<p>&nbsp;<\/p>\n<p><img loading=\"lazy\" decoding=\"async\" class=\"aligncenter wp-image-63410 size-large\" src=\"https:\/\/inces.gob.ve\/wp-content\/uploads\/2025\/03\/WhatsApp-Image-2025-03-28-at-11.28.10-AM-1-1024x682.jpeg\" alt=\"\" width=\"640\" height=\"426\" srcset=\"https:\/\/inces.gob.ve\/wp-content\/uploads\/2025\/03\/WhatsApp-Image-2025-03-28-at-11.28.10-AM-1-1024x682.jpeg 1024w, https:\/\/inces.gob.ve\/wp-content\/uploads\/2025\/03\/WhatsApp-Image-2025-03-28-at-11.28.10-AM-1-300x200.jpeg 300w, https:\/\/inces.gob.ve\/wp-content\/uploads\/2025\/03\/WhatsApp-Image-2025-03-28-at-11.28.10-AM-1-768x512.jpeg 768w, https:\/\/inces.gob.ve\/wp-content\/uploads\/2025\/03\/WhatsApp-Image-2025-03-28-at-11.28.10-AM-1-1536x1023.jpeg 1536w, https:\/\/inces.gob.ve\/wp-content\/uploads\/2025\/03\/WhatsApp-Image-2025-03-28-at-11.28.10-AM-1-272x182.jpeg 272w, https:\/\/inces.gob.ve\/wp-content\/uploads\/2025\/03\/WhatsApp-Image-2025-03-28-at-11.28.10-AM-1.jpeg 1600w\" sizes=\"auto, (max-width: 640px) 100vw, 640px\" \/><\/p>\n<p style=\"text-align: justify;\"><span style=\"font-family: helvetica, arial, sans-serif; font-size: 18px;\">Contin\u00fao el secretario de estado expresando que el Ejecutivo Nacional cumple con el deber de garantizar el bienestar de su pueblo independientemente de sus principios, valores e ideolog\u00eda pol\u00edtica.<\/span><\/p>\n<p>&nbsp;<\/p>\n<p style=\"text-align: justify;\"><span style=\"font-family: helvetica, arial, sans-serif; font-size: 18px;\">Adem\u00e1s mencion\u00f3 que en una de las visitas que realiz\u00f3 a la Universidad de los Hidrocarburos resalt\u00f3 las palabras del presidente Hugo Ch\u00e1vez Fr\u00edas en uno de sus discursos \u00abunidad, unidad y mas unidad\u00bb por que el enemigo nunca va a descansar por eso hay que resistir, el pueblo Venezolano esta obligado a seguir esa misma expresi\u00f3n para seguir luchando juntos contra las agresiones extranjeras con determinaci\u00f3n.<\/span><\/p>\n<p>&nbsp;<\/p>\n<p><iframe loading=\"lazy\" title=\"Inces suscribe memorando de intenci\u00f3n con Guinea Bissau en aras de fortalecer la cooperaci\u00f3n sur sur\" width=\"640\" height=\"360\" src=\"https:\/\/www.youtube.com\/embed\/ev9spM0a8xI?feature=oembed\" frameborder=\"0\" allow=\"accelerometer; autoplay; clipboard-write; encrypted-media; gyroscope; picture-in-picture; web-share\" referrerpolicy=\"strict-origin-when-cross-origin\" allowfullscreen><\/iframe><\/p>\n<p>&nbsp;<\/p>\n<p style=\"text-align: justify;\"><span style=\"font-family: helvetica, arial, sans-serif; font-size: 18px;\">Una vez culminada la firma del convenio, las partes se dirigieron a la Escuela de Medios y Comunicaci\u00f3n del Inces, realizando un recorrido por las instalaciones en compa\u00f1\u00eda del coordinador de la misma Winder Rivero quien les explic\u00f3 cu\u00e1les son las diferentes formaciones en el \u00e1rea de comunicaci\u00f3n que est\u00e1 casa formativa ofrece a toda la comunidad en general, permitiendo as\u00ed un mejor desarrollo de las habilidades t\u00e9cnicas de los estudiantes y profesionales que se forman en esta escuela desde su creaci\u00f3n.<\/span><\/p>\n<p>&nbsp;<\/p>\n<p style=\"text-align: justify;\"><span style=\"font-family: helvetica, arial, sans-serif; font-size: 18px;\">Es importante mencionar que la firma de este nuevo memorando de entendimiento tiene como objetivo desarrollar la educaci\u00f3n y la formaci\u00f3n t\u00e9cnica profesional a trav\u00e9s del campus virtual, siendo este un elemento clave para fortalecer el avance econ\u00f3mico y productivo, as\u00ed como promover una mejor calidad de vida en ambos pa\u00edses.<\/span><\/p>\n","protected":false},"excerpt":{"rendered":"<p>** Una vez m\u00e1s el Inces se compromete a contribuir con la formaci\u00f3n t\u00e9cnica profesional a nivel internacional, con la firma de un nuevo convenio de intercambio de saberes<\/p>\n","protected":false},"author":4,"featured_media":63409,"comment_status":"closed","ping_status":"closed","sticky":false,"template":"","format":"standard","meta":{"footnotes":""},"categories":[2],"tags":[],"class_list":["post-63403","post","type-post","status-publish","format-standard","has-post-thumbnail","hentry","category-blog"],"_links":{"self":[{"href":"https:\/\/inces.gob.ve\/index.php\/wp-json\/wp\/v2\/posts\/63403","targetHints":{"allow":["GET"]}}],"collection":[{"href":"https:\/\/inces.gob.ve\/index.php\/wp-json\/wp\/v2\/posts"}],"about":[{"href":"https:\/\/inces.gob.ve\/index.php\/wp-json\/wp\/v2\/types\/post"}],"author":[{"embeddable":true,"href":"https:\/\/inces.gob.ve\/index.php\/wp-json\/wp\/v2\/users\/4"}],"replies":[{"embeddable":true,"href":"https:\/\/inces.gob.ve\/index.php\/wp-json\/wp\/v2\/comments?post=63403"}],"version-history":[{"count":6,"href":"https:\/\/inces.gob.ve\/index.php\/wp-json\/wp\/v2\/posts\/63403\/revisions"}],"predecessor-version":[{"id":63448,"href":"https:\/\/inces.gob.ve\/index.php\/wp-json\/wp\/v2\/posts\/63403\/revisions\/63448"}],"wp:featuredmedia":[{"embeddable":true,"href":"https:\/\/inces.gob.ve\/index.php\/wp-json\/wp\/v2\/media\/63409"}],"wp:attachment":[{"href":"https:\/\/inces.gob.ve\/index.php\/wp-json\/wp\/v2\/media?parent=63403"}],"wp:term":[{"taxonomy":"category","embeddable":true,"href":"https:\/\/inces.gob.ve\/index.php\/wp-json\/wp\/v2\/categories?post=63403"},{"taxonomy":"post_tag","embeddable":true,"href":"https:\/\/inces.gob.ve\/index.php\/wp-json\/wp\/v2\/tags?post=63403"}],"curies":[{"name":"wp","href":"https:\/\/api.w.org\/{rel}","templated":true}]}}