{"id":63456,"date":"2025-04-01T11:53:45","date_gmt":"2025-04-01T15:53:45","guid":{"rendered":"https:\/\/inces.gob.ve\/?p=63456"},"modified":"2025-04-01T11:53:45","modified_gmt":"2025-04-01T15:53:45","slug":"amazonas-se-celebro-encuentro-estrategico-entre-el-pna-y-las-entidades-publicas-del-estado-amazonas","status":"publish","type":"post","link":"https:\/\/inces.gob.ve\/index.php\/2025\/04\/01\/amazonas-se-celebro-encuentro-estrategico-entre-el-pna-y-las-entidades-publicas-del-estado-amazonas\/","title":{"rendered":"AMAZONAS | Se celebr\u00f3 encuentro estrat\u00e9gico entre el PNA y las entidades p\u00fablicas del Estado Amazonas"},"content":{"rendered":"<div dir=\"ltr\">\n<div dir=\"ltr\">\n<p style=\"text-align: justify;\"><em><strong><span style=\"font-family: helvetica, arial, sans-serif; font-size: 18px;\">** Continuamos sumando alianzas con diversas instituciones regionales<\/span><\/strong><\/em><\/p>\n<\/div>\n<\/div>\n<p><!--more--><\/p>\n<div dir=\"ltr\">\n<div dir=\"ltr\" style=\"text-align: justify;\"><\/div>\n<div style=\"text-align: justify;\"><strong><span style=\"font-family: helvetica, arial, sans-serif; font-size: 18px;\">FELIX RUIZ<\/span><\/strong><span style=\"font-family: helvetica, arial, sans-serif; font-size: 18px;\">En un esfuerzo por continuar fortaleciendo el Programa Nacional de Aprendizaje (PNA) y seguir incorporando j\u00f3venes en el proceso social del trabajo en las entidades de trabajo, se llev\u00f3 a cabo un significativo encuentro entre el gerente gegional del Instituto Nacional de Capacitaci\u00f3n y Educaci\u00f3n Socialista (Inces) Amazonas, Tom\u00e1s Vivas las responsables del PNA, Yulaisi Arena, Kelin Caballero y la responsable de entidades de trabajo Apolonia Camico , junto a nueve representantes de entidades p\u00fablicas del estado Amazonas, adem\u00e1s de la participaci\u00f3n de representantes de la Asociaci\u00f3n Venezolana de Educaci\u00f3n Cat\u00f3lica (AVEC), evento que tuvo lugar en los espacios del Centro de Formaci\u00f3n Socialista (CFS) Cacique Aramare, ubicado en Puerto Ayacucho.<\/span><\/p>\n<p>&nbsp;<\/p>\n<p><span id=\"m_-8662307255524783997m_9205902628695643668m_4633857989015019764gmail-input-sentence~1\" style=\"font-family: helvetica, arial, sans-serif; font-size: 18px;\">Durante la reuni\u00f3n, se abordaron diversos temas fundamentales relacionados con el dise\u00f1o y ejecuci\u00f3n del PNA en la regi\u00f3n y municipios del estado Amazonas. Uno de los principales puntos discutidos fue el fortalecimiento de las metodolog\u00edas pedag\u00f3gicas utilizadas en la formaci\u00f3n de los aprendices, pensado principalmente en adaptarlas a las necesidades espec\u00edficas de las entidades p\u00fablicas, como tambi\u00e9n planificando las metas por alcanzar, destacando principalmente el incremento de los j\u00f3venes aprendices, como tambi\u00e9n el compromiso por parte de todas las entidades p\u00fablicas presentes.<\/span><\/p>\n<p><span style=\"font-family: helvetica, arial, sans-serif; font-size: 18px;\"><span id=\"m_-8662307255524783997m_9205902628695643668m_4633857989015019764gmail-input-sentence~2\">En su intervenci\u00f3n, Tomas Vivas destac\u00f3 la importancia de estas alianzas estrat\u00e9gicas entre el Inces y las instituciones p\u00fablicas y la Asociaci\u00f3n Venezolana de Educaci\u00f3n Cat\u00f3lica, que garantizar\u00e1n el \u00e9xito del programa, mencionando que \u201cla formaci\u00f3n de aprendices fortalece las capacidades productivas de las entidades y, por ende, el desarrollo integral del estado Amazonas. Estamos<\/span> aqu\u00ed para\u00a0seguir trabajando y formando nuestras alianzas\u201d. Asimismo, hizo un llamado a\u00a0las entidades presentes a continuar respaldando el programa con el objetivo de\u00a0expandir el alcance del PNA en zonas m\u00e1s remotas de la regi\u00f3n amaz\u00f3nica. Por\u00a0otra\u00a0parte, la responsable de tributo de Inces, Katiuska Perdomo, recalc\u00f3 el\u00a0apoyo a las instituciones\u00a0presentes\u00a0para las inscripciones y el aporte\u00a0obligatorio de las empresas. Con la realizaci\u00f3n de este aporte, las empresas y\u00a0trabajadores\u00a0independientes cumplen con las normativas legales, evitando\u00a0<\/span><span style=\"font-family: helvetica, arial, sans-serif; font-size: 18px;\">sanciones o multas.<\/span><\/p>\n<p>&nbsp;<\/p>\n<p><span style=\"font-family: helvetica, arial, sans-serif; font-size: 18px;\">Adem\u00e1s,\u00a0las empresas que tienen un promedio de 15 o m\u00e1s trabajadores est\u00e1n obligadas a contratar y formar aprendices, representando entre el 3% y el 5% de su plantilla laboral. Esto no solo beneficia a los j\u00f3venes, sino que tambi\u00e9n permite a las empresas cumplir con sus obligaciones legales y contribuir al desarrollo socio-productivo del pa\u00eds.<\/span><br \/>\n<span style=\"font-family: helvetica, arial, sans-serif; font-size: 18px;\">Entre las entidades p\u00fablicas presentes en el encuentro se encontraron Acuarios Amazonas, Farma Amazonas, Textiles Amazonas, Hidroamazonas, Servi Amazonas, Lubricantes Amazonas, Alimentos Amazonas, Bloques y Agregados Amazonas, representante de tributos Inces y representantes de la Asociaci\u00f3n Venezolana de Educaci\u00f3n Cat\u00f3lica (AVEC).<\/span><\/p>\n<p>&nbsp;<\/p>\n<p><span style=\"font-family: helvetica, arial, sans-serif; font-size: 18px;\">Cada una de estas entidades reafirm\u00f3 su compromiso de incorporar a j\u00f3venes aprendices en sus empresas, brind\u00e1ndoles no solo una formaci\u00f3n t\u00e9cnica y pr\u00e1ctica, sino tambi\u00e9n\u00a0<\/span><span style=\"font-family: helvetica, arial, sans-serif; font-size: 18px;\">el acompa\u00f1amiento respectivo por parte del PNA que permita evaluar de manera constante los avances del programa con el fin de garantizar una excelente formaci\u00f3n. Este importante encuentro tuvo lugar en los espacios del centro de formaci\u00f3n socialista Cacique Aramare de Puerto Ayacucho, estado Amazonas.<\/span><\/p>\n<div><\/div>\n<div><\/div>\n<\/div>\n<\/div>\n<p>&nbsp;<\/p>\n","protected":false},"excerpt":{"rendered":"<p>** Continuamos sumando alianzas con diversas instituciones regionales<\/p>\n","protected":false},"author":4,"featured_media":63457,"comment_status":"closed","ping_status":"closed","sticky":false,"template":"","format":"standard","meta":{"footnotes":""},"categories":[2],"tags":[],"class_list":["post-63456","post","type-post","status-publish","format-standard","has-post-thumbnail","hentry","category-blog"],"_links":{"self":[{"href":"https:\/\/inces.gob.ve\/index.php\/wp-json\/wp\/v2\/posts\/63456","targetHints":{"allow":["GET"]}}],"collection":[{"href":"https:\/\/inces.gob.ve\/index.php\/wp-json\/wp\/v2\/posts"}],"about":[{"href":"https:\/\/inces.gob.ve\/index.php\/wp-json\/wp\/v2\/types\/post"}],"author":[{"embeddable":true,"href":"https:\/\/inces.gob.ve\/index.php\/wp-json\/wp\/v2\/users\/4"}],"replies":[{"embeddable":true,"href":"https:\/\/inces.gob.ve\/index.php\/wp-json\/wp\/v2\/comments?post=63456"}],"version-history":[{"count":1,"href":"https:\/\/inces.gob.ve\/index.php\/wp-json\/wp\/v2\/posts\/63456\/revisions"}],"predecessor-version":[{"id":63458,"href":"https:\/\/inces.gob.ve\/index.php\/wp-json\/wp\/v2\/posts\/63456\/revisions\/63458"}],"wp:featuredmedia":[{"embeddable":true,"href":"https:\/\/inces.gob.ve\/index.php\/wp-json\/wp\/v2\/media\/63457"}],"wp:attachment":[{"href":"https:\/\/inces.gob.ve\/index.php\/wp-json\/wp\/v2\/media?parent=63456"}],"wp:term":[{"taxonomy":"category","embeddable":true,"href":"https:\/\/inces.gob.ve\/index.php\/wp-json\/wp\/v2\/categories?post=63456"},{"taxonomy":"post_tag","embeddable":true,"href":"https:\/\/inces.gob.ve\/index.php\/wp-json\/wp\/v2\/tags?post=63456"}],"curies":[{"name":"wp","href":"https:\/\/api.w.org\/{rel}","templated":true}]}}