{"id":63528,"date":"2025-04-09T09:12:14","date_gmt":"2025-04-09T13:12:14","guid":{"rendered":"https:\/\/inces.gob.ve\/?p=63528"},"modified":"2025-04-09T09:29:14","modified_gmt":"2025-04-09T13:29:14","slug":"merida-inces-avanza-en-la-formacion-de-los-trabajadores-de-corpoelec","status":"publish","type":"post","link":"https:\/\/inces.gob.ve\/index.php\/2025\/04\/09\/merida-inces-avanza-en-la-formacion-de-los-trabajadores-de-corpoelec\/","title":{"rendered":"M\u00c9RIDA | Inces avanza en la formaci\u00f3n de los trabajadores de Corpoelec"},"content":{"rendered":"<p style=\"text-align: justify;\"><span style=\"font-family: helvetica, arial, sans-serif;\"><i>**<strong>\u00a0\u00a0Tambi\u00e9n recibir\u00e1n formaci\u00f3n en el \u00e1rea de redes de distribuci\u00f3n el\u00e9ctrica, dirigido al personal t\u00e9cnico y estudiantes de Bachillerato Productivo de la clase obrera de esta entidad<\/strong><\/i><!--more--><\/span><\/p>\n<p>&nbsp;<\/p>\n<p style=\"text-align: justify;\"><span style=\"font-family: helvetica, arial, sans-serif;\">NADIA LOBO<\/span><\/p>\n<p style=\"text-align: justify;\"><span style=\"font-family: helvetica, arial, sans-serif;\">Dando cumplimiento al convenio de cooperaci\u00f3n suscrito entre el Instituto Nacional de Capacitaci\u00f3n y Educaci\u00f3n Socialista (Inces) y la Corporaci\u00f3n El\u00e9ctrica Nacional, S.A (Corpoelec), se otorgaron certificados a 17 trabajadores meride\u00f1os que culminaron la unidad curricular Redacci\u00f3n de Informes T\u00e9cnico, del perfil productivo Asistente Administrativo.<\/span><\/p>\n<p>&nbsp;<\/p>\n<p><img loading=\"lazy\" decoding=\"async\" class=\"aligncenter wp-image-63532 size-full\" src=\"https:\/\/inces.gob.ve\/wp-content\/uploads\/2025\/04\/Corpoelec-7-e1744204071557.jpg\" alt=\"\" width=\"800\" height=\"600\" \/><\/p>\n<p style=\"text-align: justify;\"><span style=\"font-family: helvetica, arial, sans-serif;\">As\u00ed lo dio a conocer el gerente regional del Inces, Geldrit Roca, quien destac\u00f3 que en M\u00e9rida se avanza en la formaci\u00f3n de los trabajadores y las trabajadoras de la oficina de Comercializaci\u00f3n regional, que permite impulsar la profesionalizaci\u00f3n del talento humano de esta importante empresa de energ\u00eda el\u00e9ctrica venezolana.<\/span><\/p>\n<p>&nbsp;<\/p>\n<p><img loading=\"lazy\" decoding=\"async\" class=\"aligncenter wp-image-63531 size-full\" src=\"https:\/\/inces.gob.ve\/wp-content\/uploads\/2025\/04\/Corpoelec-6-e1744204119716.jpg\" alt=\"\" width=\"800\" height=\"547\" srcset=\"https:\/\/inces.gob.ve\/wp-content\/uploads\/2025\/04\/Corpoelec-6-e1744204119716.jpg 800w, https:\/\/inces.gob.ve\/wp-content\/uploads\/2025\/04\/Corpoelec-6-e1744204119716-300x205.jpg 300w, https:\/\/inces.gob.ve\/wp-content\/uploads\/2025\/04\/Corpoelec-6-e1744204119716-768x525.jpg 768w\" sizes=\"auto, (max-width: 800px) 100vw, 800px\" \/><\/p>\n<p style=\"text-align: justify;\"><span style=\"font-family: helvetica, arial, sans-serif;\">Para el acto de entrega de certificados se cont\u00f3 con la presencia de\u00a0<em>Marielys Sacipa, directora de Corpoelec en M\u00e9rida<\/em><i>\u00a0<\/i>y responsable de<i>\u00a0<\/i>la<i>\u00a0<\/i>Secretar\u00eda de Servicios P\u00fablicos de la Gobernaci\u00f3n de M\u00e9rida, quien se mostr\u00f3 satisfecha por los avances en materia formativa que se desarrollan en esta entidad de trabajo, gracias al Inces.<\/span><\/p>\n<p>&nbsp;<\/p>\n<p><img loading=\"lazy\" decoding=\"async\" class=\"aligncenter wp-image-63529 size-full\" src=\"https:\/\/inces.gob.ve\/wp-content\/uploads\/2025\/04\/Corpeolec-5-e1744204187435.jpg\" alt=\"\" width=\"800\" height=\"653\" \/><\/p>\n<p>&nbsp;<\/p>\n<p style=\"text-align: justify;\"><span style=\"font-family: helvetica, arial, sans-serif;\">De igual manera enfatiz\u00f3 que la alianza entre ambas instituciones tambi\u00e9n contempla formaci\u00f3n t\u00e9cnica profesional en el \u00e1rea de Redes de Distribuci\u00f3n El\u00e9ctrica, dirigido al personal t\u00e9cnico y estudiantes de Bachillerato Productivo de la clase obrera de la entidad meride\u00f1a.<\/span><\/p>\n","protected":false},"excerpt":{"rendered":"<p>**\u00a0\u00a0Tambi\u00e9n recibir\u00e1n formaci\u00f3n en el \u00e1rea de redes de distribuci\u00f3n el\u00e9ctrica, dirigido al personal t\u00e9cnico y estudiantes de Bachillerato Productivo de la clase obrera de esta entidad<\/p>\n","protected":false},"author":15,"featured_media":63530,"comment_status":"closed","ping_status":"closed","sticky":false,"template":"","format":"standard","meta":{"footnotes":""},"categories":[2],"tags":[],"class_list":["post-63528","post","type-post","status-publish","format-standard","has-post-thumbnail","hentry","category-blog"],"_links":{"self":[{"href":"https:\/\/inces.gob.ve\/index.php\/wp-json\/wp\/v2\/posts\/63528","targetHints":{"allow":["GET"]}}],"collection":[{"href":"https:\/\/inces.gob.ve\/index.php\/wp-json\/wp\/v2\/posts"}],"about":[{"href":"https:\/\/inces.gob.ve\/index.php\/wp-json\/wp\/v2\/types\/post"}],"author":[{"embeddable":true,"href":"https:\/\/inces.gob.ve\/index.php\/wp-json\/wp\/v2\/users\/15"}],"replies":[{"embeddable":true,"href":"https:\/\/inces.gob.ve\/index.php\/wp-json\/wp\/v2\/comments?post=63528"}],"version-history":[{"count":1,"href":"https:\/\/inces.gob.ve\/index.php\/wp-json\/wp\/v2\/posts\/63528\/revisions"}],"predecessor-version":[{"id":63533,"href":"https:\/\/inces.gob.ve\/index.php\/wp-json\/wp\/v2\/posts\/63528\/revisions\/63533"}],"wp:featuredmedia":[{"embeddable":true,"href":"https:\/\/inces.gob.ve\/index.php\/wp-json\/wp\/v2\/media\/63530"}],"wp:attachment":[{"href":"https:\/\/inces.gob.ve\/index.php\/wp-json\/wp\/v2\/media?parent=63528"}],"wp:term":[{"taxonomy":"category","embeddable":true,"href":"https:\/\/inces.gob.ve\/index.php\/wp-json\/wp\/v2\/categories?post=63528"},{"taxonomy":"post_tag","embeddable":true,"href":"https:\/\/inces.gob.ve\/index.php\/wp-json\/wp\/v2\/tags?post=63528"}],"curies":[{"name":"wp","href":"https:\/\/api.w.org\/{rel}","templated":true}]}}