{"id":63654,"date":"2025-04-03T15:07:00","date_gmt":"2025-04-03T19:07:00","guid":{"rendered":"https:\/\/inces.gob.ve\/?p=63654"},"modified":"2025-04-16T15:11:36","modified_gmt":"2025-04-16T19:11:36","slug":"coro-inces-ofrece-formacion-tecnica-profesional-en-soldadura-a-trabajadores-de-hidrofalcon","status":"publish","type":"post","link":"https:\/\/inces.gob.ve\/index.php\/2025\/04\/03\/coro-inces-ofrece-formacion-tecnica-profesional-en-soldadura-a-trabajadores-de-hidrofalcon\/","title":{"rendered":"CORO | Inces ofrece formaci\u00f3n t\u00e9cnica profesional en soldadura a trabajadores de Hidrofalc\u00f3n"},"content":{"rendered":"<p style=\"text-align: justify;\" align=\"center\"><em><strong><span style=\"font-family: helvetica, arial, sans-serif; font-size: 18px;\">** La instituci\u00f3n <span style=\"color: #000000;\">impulsa programas educativos que tienen como fin el desarrollar habilidades y destrezas para el trabajo<\/span><\/span><\/strong><\/em><!--more--><\/p>\n<p align=\"center\">\n<p style=\"text-align: justify;\" align=\"justify\"><span style=\"font-family: helvetica, arial, sans-serif; font-size: 18px;\"><b>MIRIAM GONZ\u00c1LEZ VILLARROEL<\/b><\/span><\/p>\n<p style=\"text-align: justify;\" align=\"justify\"><span style=\"font-family: helvetica, arial, sans-serif; font-size: 18px;\">El Instituto Nacional de Capacitaci\u00f3n y Educaci\u00f3n Socialista (Inces) en el 2025, tambi\u00e9n dirige su formaci\u00f3n t\u00e9cnica profesional a la clase trabajadora, en esta ocasi\u00f3n, un grupo de 25 participantes de la Hidrol\u00f3gica Falconiana (HidroFalc\u00f3n) en la ciudad de Punto Fijo, iniciaron la ocupaci\u00f3n productiva: Soldador Oxicortador, correspondiente al perfil productivo laboral: Soldador (A) con el talento t\u00e9cnico del maestro Geancarlo Poza del centro de formaci\u00f3n socialista (CFS) Al\u00ed Primera.<\/span><\/p>\n<p align=\"justify\">\n<p align=\"justify\">\n<p style=\"text-align: justify;\" align=\"justify\"><span style=\"font-family: helvetica, arial, sans-serif; font-size: 18px;\">Esta acci\u00f3n formativa se desarrolla en la entidad trabajo, Hidrofalc\u00f3n, con el objetivo de preparar a los participantes para desempe\u00f1arse eficazmente en el sector industrial de la soldadura.<\/span><\/p>\n<p align=\"justify\">\n<p align=\"justify\">\n<p style=\"text-align: justify;\" align=\"justify\"><span style=\"font-family: helvetica, arial, sans-serif; font-size: 18px;\">Es importante dar a conocer, los participantes han culminado previamente otras unidades curriculares fundamentales para su formaci\u00f3n como Soldadores, tales como: Soldadura B\u00e1sica, Lectura e Interpretaci\u00f3n de Planos de Soldadura y Nociones de Soldadura.<\/span><\/p>\n<p align=\"justify\">\n<p align=\"justify\">\n<p style=\"text-align: justify;\" align=\"justify\"><span style=\"font-family: helvetica, arial, sans-serif; font-size: 18px;\">Del mismo modo, recientemente culminaron la unidad curricular: Seguridad y Salud Laboral, realizando un encuentro de saberes sobre las tem\u00e1ticas legales seg\u00fan la Lopcymat y los T\u00f3picos de la Soldadura, conocimientos esenciales para que los participantes trabajen en un entorno seguro, minimizando riesgos y promoviendo buenas pr\u00e1cticas laborales.<\/span><\/p>\n<p align=\"justify\">\n<p align=\"justify\">\n<p style=\"text-align: justify;\" align=\"justify\"><span style=\"font-family: helvetica, arial, sans-serif; font-size: 18px;\">Se\u00f1al\u00f3 el maestro Geancarlo Poza, en este grupo adem\u00e1s, de trabajadores de HidroFalc\u00f3n, participan familiares y miembros de la comunidad, interesados en adquirir competencias en esta \u00e1rea.<\/span><\/p>\n<p align=\"justify\">\n<p align=\"justify\">\n<p style=\"text-align: justify;\" align=\"justify\"><span style=\"font-family: helvetica, arial, sans-serif; font-size: 18px;\">Precis\u00f3 Poza, en la acci\u00f3n formativa, los participantes han mostrado su inter\u00e9s en formar parte de este importante programa, reflejo, del compromiso colectivo del Inces con la formaci\u00f3n t\u00e9cnica profesional de la clase trabajadora.<\/span><\/p>\n<p align=\"justify\">\n<p align=\"justify\">\n<p style=\"text-align: justify;\" align=\"justify\"><span style=\"font-family: helvetica, arial, sans-serif; font-size: 18px;\">El maestro t\u00e9cnico productivo Geancarlo Poza, con su experiencia desarrollada en el Centro Nacional de Soldadura (CNS) del CFS \u00abAli Primera\u00bb, ha sido factor clave para que los participantes adquieran las habilidades y destrezas necesarias a lo largo del proceso formativo y luego de culminado el perfil productivo, enfrentar los desaf\u00edos del mercado laboral en el \u00e1rea de la soldadura.<\/span><\/p>\n","protected":false},"excerpt":{"rendered":"<p>** La instituci\u00f3n impulsa programas educativos que tienen como fin el desarrollar habilidades y destrezas para el trabajo<\/p>\n","protected":false},"author":4,"featured_media":44011,"comment_status":"closed","ping_status":"closed","sticky":false,"template":"","format":"standard","meta":{"footnotes":""},"categories":[2],"tags":[],"class_list":["post-63654","post","type-post","status-publish","format-standard","has-post-thumbnail","hentry","category-blog"],"_links":{"self":[{"href":"https:\/\/inces.gob.ve\/index.php\/wp-json\/wp\/v2\/posts\/63654","targetHints":{"allow":["GET"]}}],"collection":[{"href":"https:\/\/inces.gob.ve\/index.php\/wp-json\/wp\/v2\/posts"}],"about":[{"href":"https:\/\/inces.gob.ve\/index.php\/wp-json\/wp\/v2\/types\/post"}],"author":[{"embeddable":true,"href":"https:\/\/inces.gob.ve\/index.php\/wp-json\/wp\/v2\/users\/4"}],"replies":[{"embeddable":true,"href":"https:\/\/inces.gob.ve\/index.php\/wp-json\/wp\/v2\/comments?post=63654"}],"version-history":[{"count":1,"href":"https:\/\/inces.gob.ve\/index.php\/wp-json\/wp\/v2\/posts\/63654\/revisions"}],"predecessor-version":[{"id":63655,"href":"https:\/\/inces.gob.ve\/index.php\/wp-json\/wp\/v2\/posts\/63654\/revisions\/63655"}],"wp:featuredmedia":[{"embeddable":true,"href":"https:\/\/inces.gob.ve\/index.php\/wp-json\/wp\/v2\/media\/44011"}],"wp:attachment":[{"href":"https:\/\/inces.gob.ve\/index.php\/wp-json\/wp\/v2\/media?parent=63654"}],"wp:term":[{"taxonomy":"category","embeddable":true,"href":"https:\/\/inces.gob.ve\/index.php\/wp-json\/wp\/v2\/categories?post=63654"},{"taxonomy":"post_tag","embeddable":true,"href":"https:\/\/inces.gob.ve\/index.php\/wp-json\/wp\/v2\/tags?post=63654"}],"curies":[{"name":"wp","href":"https:\/\/api.w.org\/{rel}","templated":true}]}}