{"id":63760,"date":"2025-04-21T13:00:55","date_gmt":"2025-04-21T17:00:55","guid":{"rendered":"https:\/\/inces.gob.ve\/?p=63760"},"modified":"2025-04-21T13:06:38","modified_gmt":"2025-04-21T17:06:38","slug":"amzonas-inces-fortalece-la-formacion-tecnica-profesional-en-centros-penitenciarios","status":"publish","type":"post","link":"https:\/\/inces.gob.ve\/index.php\/2025\/04\/21\/amzonas-inces-fortalece-la-formacion-tecnica-profesional-en-centros-penitenciarios\/","title":{"rendered":"AMAZONAS | Inces fortalece la formaci\u00f3n t\u00e9cnica profesional en centros penitenciarios"},"content":{"rendered":"<div style=\"text-align: justify;\"><span style=\"font-family: helvetica, arial, sans-serif;\"><em><strong>*** Fortaleciendo las formaciones en el \u00e1rea penitenciaria<\/strong><\/em><\/span><\/div>\n<div><\/div>\n<p style=\"text-align: justify;\"><span style=\"font-family: helvetica, arial, sans-serif;\"><!--more--><\/span><\/p>\n<div style=\"text-align: justify;\"><\/div>\n<div style=\"text-align: justify;\"><\/div>\n<div style=\"text-align: justify;\"><span style=\"font-family: helvetica, arial, sans-serif;\"><b>F\u00c9LIX RUIZ<br \/>\n<\/b>En una acci\u00f3n orientada a garantizar el acceso a herramientas educativas para quienes se encuentran en entornos de privaci\u00f3n de libertad, el Inces Amazonas, bajo la direcci\u00f3n del gerente regional, Tom\u00e1s Vivas, y a trav\u00e9s de la Divisi\u00f3n de Formaci\u00f3n Profesional. encabezada por la licenciada Yuviri Silva, realiz\u00f3 la entrega de una importante dotaci\u00f3n de materiales que contribuir\u00e1 al fortalecimiento de las formaciones.<\/span><\/div>\n<div style=\"text-align: justify;\"><\/div>\n<div style=\"text-align: justify;\"><\/div>\n<div style=\"text-align: justify;\"><span style=\"font-family: helvetica, arial, sans-serif;\">El coordinador del \u00e1rea penitenciaria, Carlos Veliz, recibi\u00f3 un total de 25 cuadernos y l\u00e1pices destinados al uso de los privados de libertad, los cuales tienen como finalidad facilitar su proceso de formaci\u00f3n y aprendizaje. Este esfuerzo busca fomentar el desarrollo humano y profesional a trav\u00e9s de las unidades curriculares impartidas por el Inces.\u00a0<\/span><\/div>\n<div style=\"text-align: justify;\"><\/div>\n<div style=\"text-align: justify;\"><\/div>\n<div style=\"text-align: justify;\"><span style=\"font-family: helvetica, arial, sans-serif;\">El gerente regional de Inces Amazonas destac\u00f3 la importancia de esta dotaci\u00f3n, se\u00f1alando que la educaci\u00f3n es un pilar fundamental para transformar vidas y construir un mejor pa\u00eds. \u00abLa formaci\u00f3n educativa y profesional no solo abre puertas para los individuos, sino que tambi\u00e9n contribuye al fortalecimiento del tejido social en nuestra regi\u00f3n\u00bb, expres\u00f3 Vivas.\u00a0<\/span><\/div>\n<div style=\"text-align: justify;\"><\/div>\n<div style=\"text-align: justify;\"><\/div>\n<div style=\"text-align: justify;\"><span style=\"font-family: helvetica, arial, sans-serif;\">Por su parte, la responsable de Formaci\u00f3n Profesional resalt\u00f3 que esta entrega de materiales es solo el inicio de una serie de iniciativas planificadas para el fortalecimiento de los programas educativos en centros penitenciarios. \u00abEstamos comprometidos con garantizar que todos tengan acceso a oportunidades educativas, independientemente de su situaci\u00f3n\u00bb, afirm\u00f3 Silva.\u00a0<\/span><\/div>\n<div style=\"text-align: justify;\"><\/div>\n<div style=\"text-align: justify;\"><span style=\"font-family: helvetica, arial, sans-serif;\">Esta dotaci\u00f3n de cuadernos y l\u00e1pices representa un paso significativo hacia la inclusi\u00f3n de los privados de libertad en procesos de formaci\u00f3n que ampl\u00eda sus capacidades y adquiriendo nuevas habilidades, que les permitir\u00e1 prepararlos para el mundo laboral.\u00a0<\/span><\/div>\n","protected":false},"excerpt":{"rendered":"<p>*** Fortaleciendo las formaciones en el \u00e1rea penitenciaria<\/p>\n","protected":false},"author":15,"featured_media":63762,"comment_status":"closed","ping_status":"closed","sticky":false,"template":"","format":"standard","meta":{"footnotes":""},"categories":[2],"tags":[],"class_list":["post-63760","post","type-post","status-publish","format-standard","has-post-thumbnail","hentry","category-blog"],"_links":{"self":[{"href":"https:\/\/inces.gob.ve\/index.php\/wp-json\/wp\/v2\/posts\/63760","targetHints":{"allow":["GET"]}}],"collection":[{"href":"https:\/\/inces.gob.ve\/index.php\/wp-json\/wp\/v2\/posts"}],"about":[{"href":"https:\/\/inces.gob.ve\/index.php\/wp-json\/wp\/v2\/types\/post"}],"author":[{"embeddable":true,"href":"https:\/\/inces.gob.ve\/index.php\/wp-json\/wp\/v2\/users\/15"}],"replies":[{"embeddable":true,"href":"https:\/\/inces.gob.ve\/index.php\/wp-json\/wp\/v2\/comments?post=63760"}],"version-history":[{"count":3,"href":"https:\/\/inces.gob.ve\/index.php\/wp-json\/wp\/v2\/posts\/63760\/revisions"}],"predecessor-version":[{"id":63765,"href":"https:\/\/inces.gob.ve\/index.php\/wp-json\/wp\/v2\/posts\/63760\/revisions\/63765"}],"wp:featuredmedia":[{"embeddable":true,"href":"https:\/\/inces.gob.ve\/index.php\/wp-json\/wp\/v2\/media\/63762"}],"wp:attachment":[{"href":"https:\/\/inces.gob.ve\/index.php\/wp-json\/wp\/v2\/media?parent=63760"}],"wp:term":[{"taxonomy":"category","embeddable":true,"href":"https:\/\/inces.gob.ve\/index.php\/wp-json\/wp\/v2\/categories?post=63760"},{"taxonomy":"post_tag","embeddable":true,"href":"https:\/\/inces.gob.ve\/index.php\/wp-json\/wp\/v2\/tags?post=63760"}],"curies":[{"name":"wp","href":"https:\/\/api.w.org\/{rel}","templated":true}]}}