{"id":63766,"date":"2025-04-21T13:14:01","date_gmt":"2025-04-21T17:14:01","guid":{"rendered":"https:\/\/inces.gob.ve\/?p=63766"},"modified":"2025-04-21T13:47:31","modified_gmt":"2025-04-21T17:47:31","slug":"falcon-el-inces-y-la-uptag-una-alianza-que-impulsa-el-futuro-profesional-de-la-juventud","status":"publish","type":"post","link":"https:\/\/inces.gob.ve\/index.php\/2025\/04\/21\/falcon-el-inces-y-la-uptag-una-alianza-que-impulsa-el-futuro-profesional-de-la-juventud\/","title":{"rendered":"FALC\u00d3N | El Inces y la Uptag una alianza que Impulsa el futuro profesional de la juventud"},"content":{"rendered":"<div dir=\"auto\" style=\"text-align: justify;\"><span style=\"font-family: helvetica, arial, sans-serif;\"><em><strong>** Jovenes falconianos aprenden la t\u00e9cnica como Instalador de Equipos de Refrigeraci\u00f3n y Climatizaci\u00f3n<\/strong><\/em><\/span><\/div>\n<div dir=\"auto\"><\/div>\n<p style=\"text-align: justify;\"><span style=\"font-family: helvetica, arial, sans-serif;\"><!--more--><\/span><\/p>\n<div dir=\"auto\" style=\"text-align: justify;\"><\/div>\n<div dir=\"auto\" style=\"text-align: justify;\"><span style=\"font-family: helvetica, arial, sans-serif;\">MIRIAM GONZ\u00c1LEZ VILLARROEL<\/span><\/div>\n<div dir=\"auto\" style=\"text-align: justify;\"><\/div>\n<div dir=\"auto\" style=\"text-align: justify;\"><span style=\"font-family: helvetica, arial, sans-serif;\">Nuevamente la alianza entre el Instituto Nacional de Capacitaci\u00f3n y Educaci\u00f3n Socialista (Inces) y la Universidad Polit\u00e9cnica Territorial Alonso Gamero (Uptag) en la ciudad de Santa Ana de Coro, egresan a 25 profesionales en el area de: Instalador de Equipos de Refrigeraci\u00f3n y Climatizaci\u00f3n, perfil productivo laboral que realizaron guiados por los conocimientos y experiencia del maestro Freddy D&#8217;Le\u00f3n Colina.<\/span><\/div>\n<div dir=\"auto\"><\/div>\n<div dir=\"auto\"><\/div>\n<div dir=\"auto\"><img loading=\"lazy\" decoding=\"async\" class=\"aligncenter wp-image-63770 \" src=\"https:\/\/inces.gob.ve\/wp-content\/uploads\/2025\/04\/IMG-20250412-WA0116-e1745255391297.jpg\" alt=\"\" width=\"488\" height=\"588\" srcset=\"https:\/\/inces.gob.ve\/wp-content\/uploads\/2025\/04\/IMG-20250412-WA0116-e1745255391297.jpg 800w, https:\/\/inces.gob.ve\/wp-content\/uploads\/2025\/04\/IMG-20250412-WA0116-e1745255391297-249x300.jpg 249w, https:\/\/inces.gob.ve\/wp-content\/uploads\/2025\/04\/IMG-20250412-WA0116-e1745255391297-768x925.jpg 768w\" sizes=\"auto, (max-width: 488px) 100vw, 488px\" \/><\/div>\n<div dir=\"auto\" style=\"text-align: justify;\"><\/div>\n<div dir=\"auto\" style=\"text-align: justify;\"><span style=\"font-family: helvetica, arial, sans-serif;\">Los 25 participantes, son j\u00f3venes que han encontrado en esta opci\u00f3n formativa del Inces, una puerta abierta hacia el futuro, con habilidades, destrezas y las herramientas esenciales para enfrentar los desaf\u00edos del mercado laboral en la regi\u00f3n y en el pa\u00eds en el \u00e1rea de refrigeraci\u00f3n.<\/span><\/div>\n<div dir=\"auto\" style=\"text-align: justify;\"><\/div>\n<div dir=\"auto\" style=\"text-align: justify;\"><span style=\"font-family: helvetica, arial, sans-serif;\">El profesor V\u00edctor Pi\u00f1ero, vicerrector de Desarrollo Territorial de la Uptag, resalt\u00f3 la importancia de esta iniciativa al se\u00f1alar: \u201cNecesitamos apuntar al encadenamiento productivo y esta es una de las v\u00edas, y se est\u00e1 logrando gracias a la formaci\u00f3n t\u00e9cnica profesional que ofrece el Inces\u201d.\u00a0<\/span><\/div>\n<div dir=\"auto\" style=\"text-align: justify;\"><\/div>\n<div dir=\"auto\"><\/div>\n<div dir=\"auto\"><img loading=\"lazy\" decoding=\"async\" class=\"aligncenter wp-image-63767\" src=\"https:\/\/inces.gob.ve\/wp-content\/uploads\/2025\/04\/IMG-20250412-WA0104-e1745255430428.jpg\" alt=\"\" width=\"544\" height=\"725\" \/><\/div>\n<div dir=\"auto\"><\/div>\n<div dir=\"auto\" style=\"text-align: justify;\"><span style=\"font-family: helvetica, arial, sans-serif;\">Comtinu\u00f3: \u00abLa formaci\u00f3n no solo proporciona conocimientos t\u00e9cnicos; tambi\u00e9n fomenta la creatividad, innovaci\u00f3n y la investigaci\u00f3n, elementos claves para agregar valor, en el sector industrial\u00bb.<\/span><\/div>\n<div dir=\"auto\" style=\"text-align: justify;\"><\/div>\n<div dir=\"auto\" style=\"text-align: justify;\"><span style=\"font-family: helvetica, arial, sans-serif;\">En este contexto, los participantes expresaron su satisfacci\u00f3n con el programa. Para el participante, Carlos Gotopo: \u201cLos conocimientos adquiridos en cuanto a refrigeraci\u00f3n y electricidad son fundamentales para su formaci\u00f3n y agradezco esta oportunidad que me permite crecer profesionalmente\u00bb.<\/span><\/div>\n<div dir=\"auto\" style=\"text-align: justify;\"><\/div>\n<div dir=\"auto\" style=\"text-align: justify;\"><span style=\"font-family: helvetica, arial, sans-serif;\">Por su parte, Jos\u00e9 Salas coment\u00f3 sobre la relevancia de aprender diferentes tipos de soldadura, lo que le ha permitido conocer mas a fondo la ocupaci\u00f3n, \u201cCada unidad curricular con sus aprendizajes productivos, son importantes\u00bb.<\/span><\/div>\n<div dir=\"auto\"><\/div>\n<div dir=\"auto\"><\/div>\n<div dir=\"auto\"><img loading=\"lazy\" decoding=\"async\" class=\"aligncenter wp-image-63769\" src=\"https:\/\/inces.gob.ve\/wp-content\/uploads\/2025\/04\/IMG-20250412-WA0109-e1745255478531-253x300.jpg\" alt=\"\" width=\"500\" height=\"593\" srcset=\"https:\/\/inces.gob.ve\/wp-content\/uploads\/2025\/04\/IMG-20250412-WA0109-e1745255478531-253x300.jpg 253w, https:\/\/inces.gob.ve\/wp-content\/uploads\/2025\/04\/IMG-20250412-WA0109-e1745255478531-768x910.jpg 768w, https:\/\/inces.gob.ve\/wp-content\/uploads\/2025\/04\/IMG-20250412-WA0109-e1745255478531.jpg 800w\" sizes=\"auto, (max-width: 500px) 100vw, 500px\" \/><\/div>\n<div dir=\"auto\" style=\"text-align: justify;\"><\/div>\n<div dir=\"auto\" style=\"text-align: justify;\"><span style=\"font-family: helvetica, arial, sans-serif;\">Sim\u00f3n Z\u00e1rraga tambi\u00e9n expres\u00f3 su gratitud hacia el Inces: \u201cGracias por los conocimientos y la formaci\u00f3n, totalmente gratuita. Es un valioso aporte a nuestro desarrollo profesional\u00bb.<\/span><\/div>\n<div dir=\"auto\"><\/div>\n<div dir=\"auto\" style=\"text-align: justify;\"><\/div>\n<div dir=\"auto\" style=\"text-align: justify;\"><span style=\"font-family: helvetica, arial, sans-serif;\">Emiliano L\u00f3pez, otro participante, agreg\u00f3 que las pr\u00e1cticas constantes, la facilidad que nos ofrecieron, fueron aspectos que hacen de esta formaci\u00f3n una experiencia enriquecedora.<\/span><\/div>\n<div dir=\"auto\"><\/div>\n<div dir=\"auto\" style=\"text-align: justify;\"><\/div>\n<div dir=\"auto\" style=\"text-align: justify;\"><span style=\"font-family: helvetica, arial, sans-serif;\">Igualmente, el maestro Freddy D&#8217;Le\u00f3n, destac\u00f3, los j\u00f3venes a lo largo de casi 400 horas de aprendizajes, han tenido la oportunidad de aprender sobre: Metrolog\u00eda, Principios de Refrigeraci\u00f3n, Herramientas e Instrumentos de Medici\u00f3n, Fundamentos de Tuber\u00edas, Instalaci\u00f3n de Tuber\u00edas para Equipos de Refrigeraci\u00f3n y Climatizaci\u00f3n, Mantenimiento de Equipos de Refrigeraci\u00f3n y Sistemas de Aire Acondicionado, unidades curriculares que complementan el perfil productivo.<\/span><\/div>\n<div dir=\"auto\" style=\"text-align: justify;\"><\/div>\n<div dir=\"auto\"><\/div>\n<div dir=\"auto\" style=\"text-align: justify;\"><span style=\"font-family: helvetica, arial, sans-serif;\">En este cierre formativo el maestro Freddy D&#8217;Le\u00f3n Colina estuvo acompa\u00f1ado por el Vicerrector de Desarrollo Territorial de la Uptag, V\u00edctor Pi\u00f1ero, en representaci\u00f3n del rector, Rafael Pineda Pi\u00f1a y por el Inces representando a la gerente regional Eneyda Mart\u00ednez, el equipo estuvo integrado por: Olga Noguera, coordinadora de Producci\u00f3n y Encadenamiento Productivo y Leonor Mart\u00ednez en representaci\u00f3n de la divisi\u00f3n de Formaci\u00f3n y Autoformaci\u00f3n Profesional, quienes han venido apoyando este esfuerzo educativo, esta alianza productiva entre el Inces y la Uptag.\u00a0\u00a0<\/span><\/div>\n<div dir=\"auto\" style=\"text-align: justify;\"><\/div>\n<div dir=\"auto\"><\/div>\n<div dir=\"auto\" style=\"text-align: justify;\"><span style=\"font-family: helvetica, arial, sans-serif;\">La formaci\u00f3n Instalador de Equipos de Refrigeraci\u00f3n y Climatizaci\u00f3n, representa un paso hacia adelante para estos 25 j\u00f3venes; es un testimonio del poder transformador de la educaci\u00f3n t\u00e9cnica profesional que ofrece el Inces.\u00a0<\/span><\/div>\n","protected":false},"excerpt":{"rendered":"<p>** Jovenes falconianos aprenden la t\u00e9cnica como Instalador de Equipos de Refrigeraci\u00f3n y Climatizaci\u00f3n<\/p>\n","protected":false},"author":15,"featured_media":63768,"comment_status":"closed","ping_status":"closed","sticky":false,"template":"","format":"standard","meta":{"footnotes":""},"categories":[2],"tags":[],"class_list":["post-63766","post","type-post","status-publish","format-standard","has-post-thumbnail","hentry","category-blog"],"_links":{"self":[{"href":"https:\/\/inces.gob.ve\/index.php\/wp-json\/wp\/v2\/posts\/63766","targetHints":{"allow":["GET"]}}],"collection":[{"href":"https:\/\/inces.gob.ve\/index.php\/wp-json\/wp\/v2\/posts"}],"about":[{"href":"https:\/\/inces.gob.ve\/index.php\/wp-json\/wp\/v2\/types\/post"}],"author":[{"embeddable":true,"href":"https:\/\/inces.gob.ve\/index.php\/wp-json\/wp\/v2\/users\/15"}],"replies":[{"embeddable":true,"href":"https:\/\/inces.gob.ve\/index.php\/wp-json\/wp\/v2\/comments?post=63766"}],"version-history":[{"count":4,"href":"https:\/\/inces.gob.ve\/index.php\/wp-json\/wp\/v2\/posts\/63766\/revisions"}],"predecessor-version":[{"id":63774,"href":"https:\/\/inces.gob.ve\/index.php\/wp-json\/wp\/v2\/posts\/63766\/revisions\/63774"}],"wp:featuredmedia":[{"embeddable":true,"href":"https:\/\/inces.gob.ve\/index.php\/wp-json\/wp\/v2\/media\/63768"}],"wp:attachment":[{"href":"https:\/\/inces.gob.ve\/index.php\/wp-json\/wp\/v2\/media?parent=63766"}],"wp:term":[{"taxonomy":"category","embeddable":true,"href":"https:\/\/inces.gob.ve\/index.php\/wp-json\/wp\/v2\/categories?post=63766"},{"taxonomy":"post_tag","embeddable":true,"href":"https:\/\/inces.gob.ve\/index.php\/wp-json\/wp\/v2\/tags?post=63766"}],"curies":[{"name":"wp","href":"https:\/\/api.w.org\/{rel}","templated":true}]}}