{"id":63775,"date":"2025-04-21T13:52:53","date_gmt":"2025-04-21T17:52:53","guid":{"rendered":"https:\/\/inces.gob.ve\/?p=63775"},"modified":"2025-04-21T15:54:36","modified_gmt":"2025-04-21T19:54:36","slug":"inces-y-ministerio-de-la-mujer-llevaron-a-cabo-un-taller-sobre-25-formas-de-violencia-contra-la-mujer","status":"publish","type":"post","link":"https:\/\/inces.gob.ve\/index.php\/2025\/04\/21\/inces-y-ministerio-de-la-mujer-llevaron-a-cabo-un-taller-sobre-25-formas-de-violencia-contra-la-mujer\/","title":{"rendered":"Inces y  Ministerio de la Mujer llevaron a cabo un taller sobre 25 formas de violencia contra la mujer"},"content":{"rendered":"<div dir=\"auto\" style=\"text-align: justify;\"><span style=\"font-size: large;\"><i>*<span style=\"font-family: helvetica, arial, sans-serif; font-size: 16px;\">* El Ince<strong>s de la mano de la coordinaci\u00f3n de mujeres productivas de esta instituci\u00f3n, llevo a cabo un significativo taller sobre Las 25 formas de violencia contra la mujer dictado por las Licenciadas Jaidy Monsalve y Kelly Berm\u00fadez, ambas representantes del Ministerio del Poder Popular para la Mujer (Minmujer)<\/strong><\/span><\/i><span style=\"font-family: helvetica, arial, sans-serif; font-size: 16px;\"><strong>.<\/strong><\/span><\/span><\/div>\n<p style=\"text-align: justify;\"><span style=\"font-family: helvetica, arial, sans-serif; font-size: 16px;\"><!--more--><\/span><\/p>\n<div dir=\"auto\" style=\"text-align: justify;\"><span style=\"font-size: 16px; font-family: helvetica, arial, sans-serif;\">\u00a0<\/span><\/div>\n<div dir=\"auto\"><\/div>\n<div dir=\"auto\" style=\"text-align: justify;\"><span style=\"font-size: 16px; font-family: helvetica, arial, sans-serif;\">La actividad se llev\u00f3 a cabo en el sal\u00f3n Vuelvan Caras del Piso 12, en el edificio Inces sede de la Avenida Nueva Granada, lugar donde se dieron cita trabajadores y trabajadoras de esta casa formativa para formar parte de un espacio de reflexi\u00f3n y conocimiento de esta problem\u00e1tica.<\/span><\/div>\n<div dir=\"auto\"><\/div>\n<div dir=\"auto\"><\/div>\n<div dir=\"auto\"><img loading=\"lazy\" decoding=\"async\" class=\"aligncenter wp-image-63776 size-full\" src=\"https:\/\/inces.gob.ve\/wp-content\/uploads\/2025\/04\/DSC_4084-scaled-e1745257848829.jpg\" alt=\"\" width=\"800\" height=\"481\" \/><\/div>\n<div dir=\"auto\" style=\"text-align: justify;\"><span style=\"font-size: 16px; font-family: helvetica, arial, sans-serif;\">\u00a0<\/span><\/div>\n<div dir=\"auto\" style=\"text-align: justify;\"><span style=\"font-size: 16px; font-family: helvetica, arial, sans-serif;\">Durante el taller las ponentes hablaron sobre las diversas manifestaciones de violencia de g\u00e9nero, adem\u00e1s profundizaron tambi\u00e9n las bases legales que resguardan y protegen a la mujeres en el pa\u00eds, destacando art\u00edculos claves de la Ley Org\u00e1nica Sobre el Derecho de las Mujeres a una Vida libre de Violencia, resaltando el art\u00edculo 11, el cual establece medidas de seguridad y protecci\u00f3n para salvaguardar la vida, la dignidad y la integridad de las mujeres que est\u00e1n siendo v\u00edctimas de la violencia; el rt\u00edculo 12 donde se ordena a las servidoras y servidores p\u00fablicos a actuar de oficio ante amenazas o violaciones de derechos y el art\u00edculo 13, numeral 2; este \u00faltimo proh\u00edbe la mediaci\u00f3n y conciliaci\u00f3n en casos de violencia de g\u00e9nero, asegurando que no se minimicen las agresiones sufridas por parte de la v\u00edctima que presenta este tipo de denuncia ante las autoridades.<\/span><\/div>\n<div dir=\"auto\"><\/div>\n<div dir=\"auto\" style=\"text-align: justify;\"><span style=\"font-size: 16px; font-family: helvetica, arial, sans-serif;\">\u00a0<\/span><\/div>\n<div dir=\"auto\" style=\"text-align: justify;\"><span style=\"font-size: 16px; font-family: helvetica, arial, sans-serif;\">Por otra parte las especialistas explicaron cada una de las 25 formas de violencia entre ellas, la violencia psicol\u00f3gica, fisica, familiar y vicar\u00eda, acoso u hostigamiento, amenaza o violencia sexual y en relaciones de pareja, violencia contra v\u00edctimas especiales vulnerables, esclavitud sexual, abuso sexual sin penetraci\u00f3n, prostituci\u00f3n forzada, violencia laboral, acoso sexual, y violencia patrimonial y econ\u00f3mica, violencia obst\u00e9trica, medi\u00e1tica, institucional, esterilizaci\u00f3n forzada, violencia simb\u00f3lica, inform\u00e1tica, pol\u00edtica, ginecol\u00f3gica, multicausal, tr\u00e1fico de mujeres ni\u00f1as y adolescentes, feminicidio agravado e inducci\u00f3n al suicidio, resaltando la importancia conocer las caracter\u00edsticas de cada una para identificarlas al momento que se presente dicha situaci\u00f3n y saber c\u00f3mo actuar frente a cada una de ellas.<\/span><\/div>\n<div dir=\"auto\" style=\"text-align: justify;\"><span style=\"font-size: 16px; font-family: helvetica, arial, sans-serif;\">\u00a0<\/span><\/div>\n<div dir=\"auto\" style=\"text-align: justify;\"><span style=\"font-size: 16px; font-family: helvetica, arial, sans-serif;\">\u00a0Rosa Barrios, trabajadora activa de la gerencia de Inces Militar,\u00a0 expreso su agradecimientos a la directiva del Inces y a la coordinacion de mujeres productivas por traer este tipo de formaciones a la instituci\u00f3n que\u00a0 permiten que el personal sea capacitado para enfrentar diferentes desaf\u00edos en el \u00e1rea laboral y familiar.<\/span><\/div>\n<div dir=\"auto\"><\/div>\n<div dir=\"auto\"><\/div>\n<div dir=\"auto\"><img loading=\"lazy\" decoding=\"async\" class=\"aligncenter wp-image-63777 size-full\" src=\"https:\/\/inces.gob.ve\/wp-content\/uploads\/2025\/04\/DSC_4090-scaled-e1745257915232.jpg\" alt=\"\" width=\"800\" height=\"476\" \/><\/div>\n<div dir=\"auto\" style=\"text-align: justify;\"><span style=\"font-size: 16px; font-family: helvetica, arial, sans-serif;\">\u00a0<\/span><\/div>\n<div dir=\"auto\" style=\"text-align: justify;\"><span style=\"font-size: 16px; font-family: helvetica, arial, sans-serif;\">Eulo Andrade trabajador del centro de formaci\u00f3n socialista Jorge Rodr\u00edguez, quien tambi\u00e9n form\u00f3 parte del taller de Violencia contra la mujer mujer, expres\u00f3 \u00abestos conocimientos nos ayudan a como reaccionar en estas situaciones de violencia y como manejarlo tanto en el trabajo como en las comunidades, me gust\u00f3 tanto el talle que ahora har\u00e9 la solicitud para que sea llevada est\u00e1 informaci\u00f3n a mi comunidad en Caricuao, agradezco al Inces por cada oportunidad que le brinda a los trabajadores\u00a0 \u00a0constantemente\u00bb.<\/span><\/div>\n<div dir=\"auto\" style=\"text-align: justify;\"><span style=\"font-size: 16px; font-family: helvetica, arial, sans-serif;\">\u00a0<\/span><\/div>\n<div dir=\"auto\" style=\"text-align: justify;\"><span style=\"font-size: 16px; font-family: helvetica, arial, sans-serif;\">Es importante mencionar que el objetivo de estas actividades es orientar al personal de la instituci\u00f3n\u00a0 sobre como identificar o reconocer los diferentes tipos de abusos o maltratos de acuerdo a la escala de las 25 formas de violencias, donde se identifican o donde pertenecen, para tener un mejor argumento y como enfrentar la situaci\u00f3n al momento realizar una denuncia.<\/span><\/div>\n<div dir=\"auto\" style=\"text-align: justify;\"><span style=\"font-size: 16px; font-family: helvetica, arial, sans-serif;\">\u00a0<\/span><\/div>\n<div dir=\"auto\" style=\"text-align: justify;\"><span style=\"font-size: 16px; font-family: helvetica, arial, sans-serif;\">Este tipo de talleres no solo permiten la concienciaci\u00f3n sobre la violencia de g\u00e9nero sino tambi\u00e9n fortalecer el compromiso institucional para evitar est\u00e1s situaciones, garantizando una vida libre de violencia a los trabajadores de la instituci\u00f3n.<\/span><\/div>\n<div dir=\"auto\" style=\"text-align: justify;\"><span style=\"font-size: 16px; font-family: helvetica, arial, sans-serif;\">\u00a0<\/span><\/div>\n<div dir=\"auto\" style=\"text-align: justify;\"><span style=\"font-size: 16px; font-family: helvetica, arial, sans-serif;\">\u00a0El Inces contin\u00faa promoviendo espacios de formaci\u00f3n y sensibilizaci\u00f3n, promoviendo una cultura de respeto e igualdad.<\/span><\/div>\n","protected":false},"excerpt":{"rendered":"<p>** El Inces de la mano de la coordinaci\u00f3n de mujeres productivas de esta instituci\u00f3n, llevo a cabo un significativo taller sobre Las 25 formas de violencia contra la mujer dictado por las Licenciadas Jaidy Monsalve y Kelly Berm\u00fadez, ambas representantes del Ministerio del Poder Popular para la Mujer (Minmujer).<\/p>\n","protected":false},"author":15,"featured_media":63778,"comment_status":"closed","ping_status":"closed","sticky":false,"template":"","format":"standard","meta":{"footnotes":""},"categories":[2],"tags":[],"class_list":["post-63775","post","type-post","status-publish","format-standard","has-post-thumbnail","hentry","category-blog"],"_links":{"self":[{"href":"https:\/\/inces.gob.ve\/index.php\/wp-json\/wp\/v2\/posts\/63775","targetHints":{"allow":["GET"]}}],"collection":[{"href":"https:\/\/inces.gob.ve\/index.php\/wp-json\/wp\/v2\/posts"}],"about":[{"href":"https:\/\/inces.gob.ve\/index.php\/wp-json\/wp\/v2\/types\/post"}],"author":[{"embeddable":true,"href":"https:\/\/inces.gob.ve\/index.php\/wp-json\/wp\/v2\/users\/15"}],"replies":[{"embeddable":true,"href":"https:\/\/inces.gob.ve\/index.php\/wp-json\/wp\/v2\/comments?post=63775"}],"version-history":[{"count":1,"href":"https:\/\/inces.gob.ve\/index.php\/wp-json\/wp\/v2\/posts\/63775\/revisions"}],"predecessor-version":[{"id":63779,"href":"https:\/\/inces.gob.ve\/index.php\/wp-json\/wp\/v2\/posts\/63775\/revisions\/63779"}],"wp:featuredmedia":[{"embeddable":true,"href":"https:\/\/inces.gob.ve\/index.php\/wp-json\/wp\/v2\/media\/63778"}],"wp:attachment":[{"href":"https:\/\/inces.gob.ve\/index.php\/wp-json\/wp\/v2\/media?parent=63775"}],"wp:term":[{"taxonomy":"category","embeddable":true,"href":"https:\/\/inces.gob.ve\/index.php\/wp-json\/wp\/v2\/categories?post=63775"},{"taxonomy":"post_tag","embeddable":true,"href":"https:\/\/inces.gob.ve\/index.php\/wp-json\/wp\/v2\/tags?post=63775"}],"curies":[{"name":"wp","href":"https:\/\/api.w.org\/{rel}","templated":true}]}}