{"id":63834,"date":"2025-05-02T10:11:21","date_gmt":"2025-05-02T14:11:21","guid":{"rendered":"https:\/\/inces.gob.ve\/?p=63834"},"modified":"2025-05-02T11:28:47","modified_gmt":"2025-05-02T15:28:47","slug":"yaracuy-privadas-de-libertad-reciben-certificados-tras-capacitarse-a-traves-del-inces","status":"publish","type":"post","link":"https:\/\/inces.gob.ve\/index.php\/2025\/05\/02\/yaracuy-privadas-de-libertad-reciben-certificados-tras-capacitarse-a-traves-del-inces\/","title":{"rendered":"YARACUY | Privadas de libertad reciben certificados tras capacitarse a trav\u00e9s del Inces"},"content":{"rendered":"<p style=\"font-weight: 400; text-align: justify;\"><span style=\"font-family: helvetica, arial, sans-serif; font-size: 18px;\"><em>***Las mujeres del centro de reclusi\u00f3n reciben capacitaci\u00f3n permanente en diversas \u00e1reas<\/em><!--more--><\/span><\/p>\n<p style=\"font-weight: 400; text-align: justify;\"><span style=\"font-family: helvetica, arial, sans-serif; font-size: 18px;\"><strong>YOLAICE VARGAS<\/strong><\/span><\/p>\n<p style=\"font-weight: 400; text-align: justify;\"><span style=\"font-family: helvetica, arial, sans-serif; font-size: 18px;\">En las Instalaciones del Centro de Coordinaci\u00f3n Policial (CCP), ubicado en el municipio Sucre, se llev\u00f3 a cabo un emotivo acto de entrega de certificados de la unidad curricular Corte de Prendas de Vestir a las f\u00e9minas privadas de libertad, quienes se han venido capacitando a trav\u00e9s del Instituto Nacional de Capacitaci\u00f3n y Educaci\u00f3n Socialista (Inces) regi\u00f3n Yaracuy, a trav\u00e9s del \u00e1mbito Centros de Resocializaci\u00f3n bajo la responsabilidad de Luis Traviezo<\/span><\/p>\n<p>&nbsp;<\/p>\n<p style=\"font-weight: 400; text-align: justify;\"><span style=\"font-family: helvetica, arial, sans-serif; font-size: 18px;\">En la actividad estuvieron presentes la directora del Ministerio del Poder Popular para la Mujer e Igualdad de G\u00e9nero Mar\u00eda Montero, y el Segundo Comandante del centro, Richard Jim\u00e9nez.<\/span><\/p>\n<p>&nbsp;<\/p>\n<p style=\"font-weight: 400; text-align: justify;\"><span style=\"font-family: helvetica, arial, sans-serif; font-size: 18px;\">Las autoridades presentes celebraron que las privadas de libertad se capaciten a trav\u00e9s del Inces de manera permanente en diversas \u00e1reas, en donde se les imparte por parte del Inces conocimientos y herramientas que les permiten aprender un oficio que les garantice ser \u00fatiles a la sociedad una vez obtengan la libertad plena.<\/span><\/p>\n<p>&nbsp;<\/p>\n<p style=\"font-weight: 400; text-align: justify;\"><span style=\"font-family: helvetica, arial, sans-serif; font-size: 18px;\"><strong>Planifican Plan Formativo<\/strong><\/span><\/p>\n<p style=\"font-weight: 400; text-align: justify;\"><span style=\"font-family: helvetica, arial, sans-serif; font-size: 18px;\">Siguiendo el cronograma del plan formativo el coordinador del \u00e1mbito Centros de Resocializaci\u00f3n, Luis Traviezo, sostuvo una reuni\u00f3n con la coordinadora regional del Instituto Nacional de la Mujer (Inamujer), Diana de la Rosa, con el prop\u00f3sito de realizar la planificaci\u00f3n del plan formativo que ser\u00e1 presentada\u00a0\u00a0ante el comandante del centro de coordinaci\u00f3n policial (CCP) Guama, Comandante Rub\u00e9n Azuaje, para continuar brindando capacitaci\u00f3n a las privadas de libertad.<\/span><\/p>\n<p>&nbsp;<\/p>\n<p style=\"font-weight: 400; text-align: justify;\"><span style=\"font-family: helvetica, arial, sans-serif; font-size: 18px;\">Cabe destacar que dichas acciones se llevan a cabo en el marco del convenio suscrito entre el Inces, el Ministerio del Poder Popular para el Servicio Penitenciario (MPPSP) y Ministerio para la Mujer e Igualdad De G\u00e9nero (Minmujer)<\/span><\/p>\n","protected":false},"excerpt":{"rendered":"<p>***Las mujeres del centro de reclusi\u00f3n reciben capacitaci\u00f3n permanente en diversas \u00e1reas<\/p>\n","protected":false},"author":4,"featured_media":63835,"comment_status":"closed","ping_status":"closed","sticky":false,"template":"","format":"standard","meta":{"footnotes":""},"categories":[2],"tags":[],"class_list":["post-63834","post","type-post","status-publish","format-standard","has-post-thumbnail","hentry","category-blog"],"_links":{"self":[{"href":"https:\/\/inces.gob.ve\/index.php\/wp-json\/wp\/v2\/posts\/63834","targetHints":{"allow":["GET"]}}],"collection":[{"href":"https:\/\/inces.gob.ve\/index.php\/wp-json\/wp\/v2\/posts"}],"about":[{"href":"https:\/\/inces.gob.ve\/index.php\/wp-json\/wp\/v2\/types\/post"}],"author":[{"embeddable":true,"href":"https:\/\/inces.gob.ve\/index.php\/wp-json\/wp\/v2\/users\/4"}],"replies":[{"embeddable":true,"href":"https:\/\/inces.gob.ve\/index.php\/wp-json\/wp\/v2\/comments?post=63834"}],"version-history":[{"count":2,"href":"https:\/\/inces.gob.ve\/index.php\/wp-json\/wp\/v2\/posts\/63834\/revisions"}],"predecessor-version":[{"id":63837,"href":"https:\/\/inces.gob.ve\/index.php\/wp-json\/wp\/v2\/posts\/63834\/revisions\/63837"}],"wp:featuredmedia":[{"embeddable":true,"href":"https:\/\/inces.gob.ve\/index.php\/wp-json\/wp\/v2\/media\/63835"}],"wp:attachment":[{"href":"https:\/\/inces.gob.ve\/index.php\/wp-json\/wp\/v2\/media?parent=63834"}],"wp:term":[{"taxonomy":"category","embeddable":true,"href":"https:\/\/inces.gob.ve\/index.php\/wp-json\/wp\/v2\/categories?post=63834"},{"taxonomy":"post_tag","embeddable":true,"href":"https:\/\/inces.gob.ve\/index.php\/wp-json\/wp\/v2\/tags?post=63834"}],"curies":[{"name":"wp","href":"https:\/\/api.w.org\/{rel}","templated":true}]}}