{"id":63841,"date":"2025-05-02T11:35:22","date_gmt":"2025-05-02T15:35:22","guid":{"rendered":"https:\/\/inces.gob.ve\/?p=63841"},"modified":"2025-05-02T11:35:22","modified_gmt":"2025-05-02T15:35:22","slug":"amazonas-inces-contribuye-al-desarrollo-profesional-en-electronica-digital-para-trabajadores-de-infocentro","status":"publish","type":"post","link":"https:\/\/inces.gob.ve\/index.php\/2025\/05\/02\/amazonas-inces-contribuye-al-desarrollo-profesional-en-electronica-digital-para-trabajadores-de-infocentro\/","title":{"rendered":"AMAZONAS | Inces contribuye al desarrollo profesional en Electr\u00f3nica Digital para trabajadores de Infocentro"},"content":{"rendered":"<p><span style=\"font-family: helvetica, arial, sans-serif; font-size: 16px;\">**Entidades de trabajos se capacitan en el \u00e1rea electr\u00f3nica<\/span><!--more--><\/p>\n<p>&nbsp;<\/p>\n<p><strong><span style=\"font-family: helvetica, arial, sans-serif; font-size: 16px;\">FELIX RUIZ<\/span><\/strong><\/p>\n<p style=\"text-align: justify;\"><span style=\"font-family: helvetica, arial, sans-serif; font-size: 16px;\">El Instituto Nacional de Capacitaci\u00f3n y Educaci\u00f3n Socialista (Inces) contin\u00faa fortaleciendo su compromiso con la formaci\u00f3n de los trabajadores de diferentes instituciones regionales.<\/span><\/p>\n<p style=\"text-align: justify;\">\n<p style=\"text-align: justify;\"><span style=\"font-family: helvetica, arial, sans-serif; font-size: 16px;\">Recientemente, se capacitaron en las unidades curriculares de Electr\u00f3nica Digital y Circuitos El\u00e9ctricos, dirigida por el maestro t\u00e9cnico productivo (MTP) Jes\u00fas Camico, a un grupo de 25 trabajadores de INFOCENTRO, entidad adscrita al Ministerio del Poder Popular de Ciencia y Tecnolog\u00eda.<\/span><\/p>\n<p style=\"text-align: justify;\">\n<p style=\"text-align: justify;\"><span style=\"font-family: helvetica, arial, sans-serif; font-size: 16px;\">Estas formaciones tienen como objetivo principal proporcionar herramientas y conocimientos en \u00e1reas fundamentales para el desarrollo tecnol\u00f3gico y cient\u00edfico. De este modo, se busca promover la innovaci\u00f3n y contribuir al fortalecimiento de la capacidad t\u00e9cnica de Infocentro.<\/span><\/p>\n<p style=\"text-align: justify;\">\n<p style=\"text-align: justify;\"><span style=\"font-family: helvetica, arial, sans-serif; font-size: 16px;\">La formaci\u00f3n de circuito el\u00e9ctrico tiene como finalidad que los participantes manejen los principios de electricidad con el objetivo de dar a conocer las caracter\u00edsticas de la corriente el\u00e9ctrica de forma b\u00e1sica, clara y precisa, as\u00ed como tambi\u00e9n el funcionamiento. Con este conocimiento, les permitir\u00e1 generar innovaciones hacia la independencia y soberan\u00eda tecnol\u00f3gica de nuestra regi\u00f3n.<\/span><\/p>\n<p style=\"text-align: justify;\">\n<p style=\"text-align: justify;\">\n","protected":false},"excerpt":{"rendered":"<p>**Entidades de trabajos se capacitan en el \u00e1rea electr\u00f3nica<\/p>\n","protected":false},"author":4,"featured_media":63842,"comment_status":"closed","ping_status":"closed","sticky":false,"template":"","format":"standard","meta":{"footnotes":""},"categories":[2],"tags":[],"class_list":["post-63841","post","type-post","status-publish","format-standard","has-post-thumbnail","hentry","category-blog"],"_links":{"self":[{"href":"https:\/\/inces.gob.ve\/index.php\/wp-json\/wp\/v2\/posts\/63841","targetHints":{"allow":["GET"]}}],"collection":[{"href":"https:\/\/inces.gob.ve\/index.php\/wp-json\/wp\/v2\/posts"}],"about":[{"href":"https:\/\/inces.gob.ve\/index.php\/wp-json\/wp\/v2\/types\/post"}],"author":[{"embeddable":true,"href":"https:\/\/inces.gob.ve\/index.php\/wp-json\/wp\/v2\/users\/4"}],"replies":[{"embeddable":true,"href":"https:\/\/inces.gob.ve\/index.php\/wp-json\/wp\/v2\/comments?post=63841"}],"version-history":[{"count":1,"href":"https:\/\/inces.gob.ve\/index.php\/wp-json\/wp\/v2\/posts\/63841\/revisions"}],"predecessor-version":[{"id":63843,"href":"https:\/\/inces.gob.ve\/index.php\/wp-json\/wp\/v2\/posts\/63841\/revisions\/63843"}],"wp:featuredmedia":[{"embeddable":true,"href":"https:\/\/inces.gob.ve\/index.php\/wp-json\/wp\/v2\/media\/63842"}],"wp:attachment":[{"href":"https:\/\/inces.gob.ve\/index.php\/wp-json\/wp\/v2\/media?parent=63841"}],"wp:term":[{"taxonomy":"category","embeddable":true,"href":"https:\/\/inces.gob.ve\/index.php\/wp-json\/wp\/v2\/categories?post=63841"},{"taxonomy":"post_tag","embeddable":true,"href":"https:\/\/inces.gob.ve\/index.php\/wp-json\/wp\/v2\/tags?post=63841"}],"curies":[{"name":"wp","href":"https:\/\/api.w.org\/{rel}","templated":true}]}}