{"id":63921,"date":"2025-05-08T10:11:18","date_gmt":"2025-05-08T14:11:18","guid":{"rendered":"https:\/\/inces.gob.ve\/?p=63921"},"modified":"2025-05-08T10:14:03","modified_gmt":"2025-05-08T14:14:03","slug":"inces-presento-la-revista-id-es-ahora-edicion-especial-2025","status":"publish","type":"post","link":"https:\/\/inces.gob.ve\/index.php\/2025\/05\/08\/inces-presento-la-revista-id-es-ahora-edicion-especial-2025\/","title":{"rendered":"Inces present\u00f3 la revista I+D Es Ahora &#8211; edici\u00f3n especial 2025"},"content":{"rendered":"<p style=\"text-align: justify;\"><span style=\"font-family: helvetica, arial, sans-serif; font-size: 18px;\"><strong><em>I+D es ahora, <\/em><\/strong><em>es una Revista Cient\u00edfica Popular del Instituto Nacional de Capacitaci\u00f3n y Educaci\u00f3n Socialista Inces que muestra el esfuerzo de esta instituci\u00f3n por fortalecer la formaci\u00f3n t\u00e9cnica profesional y la divulgaci\u00f3n cient\u00edfica tecnol\u00f3gica popular<\/em><!--more--><\/span><\/p>\n<p style=\"text-align: justify;\"><span style=\"font-family: helvetica, arial, sans-serif; font-size: 18px;\">El Instituto Nacional de Capacitaci\u00f3n y Educaci\u00f3n Socialista Inces, celebr\u00f3 este mi\u00e9rcoles 7 de mayo el lanzamiento p\u00fablico de la Revista <strong><em>I+D es ahora, <\/em><\/strong>en las instalaciones del auditorio del edificio Inces sede, ubicado en la avenida Nueva Granada, con la participaci\u00f3n del presidente del Inces Wuikelman Angel, directores, gerentes generales, trabajadores de esta casa formativa que se dieron cita en el lugar y encargados de investigaci\u00f3n y desarrollo en los diferentes estados del pa\u00eds quienes tuvieron la oportunidad de formar parte de esta celebraci\u00f3n marcada por el esfuerzo y el compromiso de innovar el desarrollo de la formaci\u00f3n t\u00e9cnica profesional en Venezuela, v\u00eda zoom.<\/span><\/p>\n<p>&nbsp;<\/p>\n<p><span style=\"font-size: 18px;\"><img loading=\"lazy\" decoding=\"async\" class=\"aligncenter wp-image-63922 size-large\" src=\"https:\/\/inces.gob.ve\/wp-content\/uploads\/2025\/05\/WhatsApp-Image-2025-05-07-at-1.09.02-PM-1-1024x682.jpeg\" alt=\"\" width=\"640\" height=\"426\" srcset=\"https:\/\/inces.gob.ve\/wp-content\/uploads\/2025\/05\/WhatsApp-Image-2025-05-07-at-1.09.02-PM-1-1024x682.jpeg 1024w, https:\/\/inces.gob.ve\/wp-content\/uploads\/2025\/05\/WhatsApp-Image-2025-05-07-at-1.09.02-PM-1-300x200.jpeg 300w, https:\/\/inces.gob.ve\/wp-content\/uploads\/2025\/05\/WhatsApp-Image-2025-05-07-at-1.09.02-PM-1-768x512.jpeg 768w, https:\/\/inces.gob.ve\/wp-content\/uploads\/2025\/05\/WhatsApp-Image-2025-05-07-at-1.09.02-PM-1-1536x1023.jpeg 1536w, https:\/\/inces.gob.ve\/wp-content\/uploads\/2025\/05\/WhatsApp-Image-2025-05-07-at-1.09.02-PM-1-272x182.jpeg 272w, https:\/\/inces.gob.ve\/wp-content\/uploads\/2025\/05\/WhatsApp-Image-2025-05-07-at-1.09.02-PM-1.jpeg 1600w\" sizes=\"auto, (max-width: 640px) 100vw, 640px\" \/><\/span><\/p>\n<p>&nbsp;<\/p>\n<p style=\"text-align: justify;\"><span style=\"font-family: helvetica, arial, sans-serif; font-size: 18px;\">La apertura de la actividad estuvo a cargo del director estrat\u00e9gico de Investigaci\u00f3n y Desarrollo del Inces Richard Delgado, quien durante su intervenci\u00f3n agradeci\u00f3 a los presentes y en especial a todas las personas que participaron durante meses en la creaci\u00f3n de esta primera edici\u00f3n de la Revista <strong><em>I+D\u00a0 es ahora,<\/em><\/strong> que marca un antes y un despu\u00e9s en la historia del Inces, adem\u00e1s destac\u00f3 la importancia de generar espacios para la divulgaci\u00f3n\u00a0 de conocimientos cient\u00edficos\u00a0 y tecnol\u00f3gicos accesibles para la comunidad en general.<\/span><\/p>\n<p>&nbsp;<\/p>\n<p style=\"text-align: justify;\"><span style=\"font-size: 18px;\"><img loading=\"lazy\" decoding=\"async\" class=\"aligncenter wp-image-63928 size-large\" src=\"https:\/\/inces.gob.ve\/wp-content\/uploads\/2025\/05\/WhatsApp-Image-2025-05-07-at-12.59.58-PM-1024x682.jpeg\" alt=\"\" width=\"640\" height=\"426\" srcset=\"https:\/\/inces.gob.ve\/wp-content\/uploads\/2025\/05\/WhatsApp-Image-2025-05-07-at-12.59.58-PM-1024x682.jpeg 1024w, https:\/\/inces.gob.ve\/wp-content\/uploads\/2025\/05\/WhatsApp-Image-2025-05-07-at-12.59.58-PM-300x200.jpeg 300w, https:\/\/inces.gob.ve\/wp-content\/uploads\/2025\/05\/WhatsApp-Image-2025-05-07-at-12.59.58-PM-768x512.jpeg 768w, https:\/\/inces.gob.ve\/wp-content\/uploads\/2025\/05\/WhatsApp-Image-2025-05-07-at-12.59.58-PM-1536x1024.jpeg 1536w, https:\/\/inces.gob.ve\/wp-content\/uploads\/2025\/05\/WhatsApp-Image-2025-05-07-at-12.59.58-PM-2048x1365.jpeg 2048w, https:\/\/inces.gob.ve\/wp-content\/uploads\/2025\/05\/WhatsApp-Image-2025-05-07-at-12.59.58-PM-272x182.jpeg 272w\" sizes=\"auto, (max-width: 640px) 100vw, 640px\" \/><\/span><\/p>\n<p>&nbsp;<\/p>\n<p style=\"text-align: justify;\"><span style=\"font-family: helvetica, arial, sans-serif; font-size: 18px;\">Delgado mencion\u00f3 que esta revista es una herramienta del Inces destinada a dar a conocer las investigaciones cient\u00edficas y tecnol\u00f3gicas en la transformaci\u00f3n de la formaci\u00f3n t\u00e9cnica profesional mediante tres art\u00edculos de investigaci\u00f3n que ya fueron publicados en otras revistas pero que tambi\u00e9n estar\u00e1n presente en la edici\u00f3n especial 2025 de <strong><em>I+D\u00a0 es ahora<\/em><\/strong>; dos ensayos de investigaci\u00f3n, seis ensayos de opini\u00f3n producto del trabajo investigativo de maestros t\u00e9cnicos productivos y de los participantes de las comunidades de aprendizajes del Inces durante sus procesos de formaci\u00f3n en la instituci\u00f3n y la recensi\u00f3n del libro del presidente Wuikelman Angel, ya publicado como parte de sus estudios en el programa de estudios abiertos para alcanzar su postgrado, es importante mencionar que dentro de la revista tambi\u00e9n se ver\u00e1n reflejadas las 7 transformaciones orientadas por el Ejecutivo Nacional.<\/span><\/p>\n<p>&nbsp;<\/p>\n<p style=\"text-align: justify;\"><span style=\"font-family: helvetica, arial, sans-serif; font-size: 18px;\">\u201cEsta revista que est\u00e1 iniciando es una nueva etapa en el proceso de investigaci\u00f3n pero tambi\u00e9n en la formaci\u00f3n y profesionalizaci\u00f3n de los trabajadores y trabajadoras de todo el territorio nacional, en este proyecto tenemos importantes expectativas para dar a conocer y comenzar a socializar con el mundo entero, este proceso de investigaci\u00f3n metodol\u00f3gica nos ha llevado a tener en la actualidad m\u00e1s de 700\u00a0 unidades curriculares en la formaci\u00f3n t\u00e9cnica, pero no lo estamos divulgando y es lo que hoy a trav\u00e9s de la direcci\u00f3n estrat\u00e9gica de investigaci\u00f3n y desarrollo del Inces y el gran esfuerzo de la gesti\u00f3n pol\u00edtica del presidente de esta casa formativa, se estar\u00e1 comenzando a compartir el resultado de ese trabajo de investigaci\u00f3n\u201d. A\u00f1adi\u00f3<\/span><\/p>\n<p>&nbsp;<\/p>\n<p style=\"text-align: justify;\"><span style=\"font-family: helvetica, arial, sans-serif; font-size: 18px;\">Por otra parte, Wuikelman Angel asever\u00f3 que esta iniciativa del Inces reafirma su compromiso de proporcionar\u00a0 herramientas para la formaci\u00f3n t\u00e9cnica profesional que sirvan para el desarrollo sostenible, reforzando el conocimiento humano venezolano.<\/span><\/p>\n<p><span style=\"font-size: 18px;\"><img loading=\"lazy\" decoding=\"async\" class=\"aligncenter wp-image-63923 size-large\" src=\"https:\/\/inces.gob.ve\/wp-content\/uploads\/2025\/05\/WhatsApp-Image-2025-05-07-at-1.09.02-PM-1024x682.jpeg\" alt=\"\" width=\"640\" height=\"426\" srcset=\"https:\/\/inces.gob.ve\/wp-content\/uploads\/2025\/05\/WhatsApp-Image-2025-05-07-at-1.09.02-PM-1024x682.jpeg 1024w, https:\/\/inces.gob.ve\/wp-content\/uploads\/2025\/05\/WhatsApp-Image-2025-05-07-at-1.09.02-PM-300x200.jpeg 300w, https:\/\/inces.gob.ve\/wp-content\/uploads\/2025\/05\/WhatsApp-Image-2025-05-07-at-1.09.02-PM-768x512.jpeg 768w, https:\/\/inces.gob.ve\/wp-content\/uploads\/2025\/05\/WhatsApp-Image-2025-05-07-at-1.09.02-PM-1536x1023.jpeg 1536w, https:\/\/inces.gob.ve\/wp-content\/uploads\/2025\/05\/WhatsApp-Image-2025-05-07-at-1.09.02-PM-272x182.jpeg 272w, https:\/\/inces.gob.ve\/wp-content\/uploads\/2025\/05\/WhatsApp-Image-2025-05-07-at-1.09.02-PM.jpeg 1600w\" sizes=\"auto, (max-width: 640px) 100vw, 640px\" \/><\/span><\/p>\n<p>&nbsp;<\/p>\n<p style=\"text-align: justify;\"><span style=\"font-family: helvetica, arial, sans-serif; font-size: 18px;\">Angel felicit\u00f3 y agradeci\u00f3 a todo el equipo que d\u00eda tras d\u00eda trabaj\u00f3 colectivamente para llevar a cabo este trabajo superando las diferencias de algunos sectores y reconociendo el pensamiento de Luis Beltr\u00e1n Prieto Figueroa quien forma parte tambi\u00e9n de los hombres insignes de la historia venezolana.<\/span><\/p>\n<p style=\"text-align: justify;\"><span style=\"font-family: helvetica, arial, sans-serif; font-size: 18px;\">Tenemos tambi\u00e9n que investigar y resaltar el pensamiento y legado de Rafael Angulo, quien quiz\u00e1s no escribi\u00f3 demasiado como el maestro de maestros Luis Beltr\u00e1n, pero que tambi\u00e9n es pieza fundamental de nuestras ra\u00edces. Esta revista no es cualquier revista, es un instrumento en el que se ver\u00e1 plasmado y se compartir\u00e1n investigaciones, experiencias y aprendizaje, agreg\u00f3.<\/span><\/p>\n<p style=\"text-align: justify;\"><span style=\"font-size: 18px;\"><img loading=\"lazy\" decoding=\"async\" class=\"aligncenter wp-image-63940 size-large\" src=\"https:\/\/inces.gob.ve\/wp-content\/uploads\/2025\/05\/WhatsApp-Image-2025-05-07-at-12.59.59-PM-1024x682.jpeg\" alt=\"\" width=\"640\" height=\"426\" srcset=\"https:\/\/inces.gob.ve\/wp-content\/uploads\/2025\/05\/WhatsApp-Image-2025-05-07-at-12.59.59-PM-1024x682.jpeg 1024w, https:\/\/inces.gob.ve\/wp-content\/uploads\/2025\/05\/WhatsApp-Image-2025-05-07-at-12.59.59-PM-300x200.jpeg 300w, https:\/\/inces.gob.ve\/wp-content\/uploads\/2025\/05\/WhatsApp-Image-2025-05-07-at-12.59.59-PM-768x512.jpeg 768w, https:\/\/inces.gob.ve\/wp-content\/uploads\/2025\/05\/WhatsApp-Image-2025-05-07-at-12.59.59-PM-1536x1023.jpeg 1536w, https:\/\/inces.gob.ve\/wp-content\/uploads\/2025\/05\/WhatsApp-Image-2025-05-07-at-12.59.59-PM-272x182.jpeg 272w, https:\/\/inces.gob.ve\/wp-content\/uploads\/2025\/05\/WhatsApp-Image-2025-05-07-at-12.59.59-PM.jpeg 1600w\" sizes=\"auto, (max-width: 640px) 100vw, 640px\" \/><\/span><\/p>\n<p>&nbsp;<\/p>\n<p style=\"text-align: justify;\"><span style=\"font-family: helvetica, arial, sans-serif; font-size: 18px;\">Una vez inaugurada oficialmente la revista, se dio paso a un primer foro de socializaci\u00f3n de las investigaciones plasmadas en <strong>I+D es ahora,<\/strong> con un equipo de panelistas integrado por el gerente general de Investigaci\u00f3n y Desarrollo Hern\u00e1n Garboza, el productor e innovador del estado Falc\u00f3n, Robinson Urbina y la Lic. M\u00e9lida Arteaga, especialista III de la Gerencia Regional del estado Falc\u00f3n quienes conversaron sobre su art\u00edculo de investigaci\u00f3n: \u00abIndagando el potencial y desaf\u00edos de la producci\u00f3n y procesamiento artesanal del coco\u00bb, adem\u00e1s, en\u00a0 el foro de socializaci\u00f3n tambi\u00e9n estuvo presente la doctora Mar\u00eda Arisela Medina, gerente regional del Inces, estado Gu\u00e1rico, con su ensayo de opini\u00f3n: Innovaciones y desaf\u00edos en la Formaci\u00f3n T\u00e9cnica y Profesional en Venezuela: reflexiones te\u00f3ricas y pr\u00e1cticas desde el Inces como plataforma de desarrollo nacional e internacional.<\/span><\/p>\n<p>&nbsp;<\/p>\n<p style=\"text-align: justify;\"><span style=\"font-size: 18px;\"><img loading=\"lazy\" decoding=\"async\" class=\"aligncenter wp-image-63927 size-large\" src=\"https:\/\/inces.gob.ve\/wp-content\/uploads\/2025\/05\/WhatsApp-Image-2025-05-07-at-12.52.52-PM-1024x682.jpeg\" alt=\"\" width=\"640\" height=\"426\" srcset=\"https:\/\/inces.gob.ve\/wp-content\/uploads\/2025\/05\/WhatsApp-Image-2025-05-07-at-12.52.52-PM-1024x682.jpeg 1024w, https:\/\/inces.gob.ve\/wp-content\/uploads\/2025\/05\/WhatsApp-Image-2025-05-07-at-12.52.52-PM-300x200.jpeg 300w, https:\/\/inces.gob.ve\/wp-content\/uploads\/2025\/05\/WhatsApp-Image-2025-05-07-at-12.52.52-PM-768x512.jpeg 768w, https:\/\/inces.gob.ve\/wp-content\/uploads\/2025\/05\/WhatsApp-Image-2025-05-07-at-12.52.52-PM-1536x1023.jpeg 1536w, https:\/\/inces.gob.ve\/wp-content\/uploads\/2025\/05\/WhatsApp-Image-2025-05-07-at-12.52.52-PM-272x182.jpeg 272w, https:\/\/inces.gob.ve\/wp-content\/uploads\/2025\/05\/WhatsApp-Image-2025-05-07-at-12.52.52-PM.jpeg 1600w\" sizes=\"auto, (max-width: 640px) 100vw, 640px\" \/><\/span><\/p>\n<p>&nbsp;<\/p>\n<p><span style=\"font-size: 18px;\"><img loading=\"lazy\" decoding=\"async\" class=\"aligncenter wp-image-63925 size-large\" src=\"https:\/\/inces.gob.ve\/wp-content\/uploads\/2025\/05\/WhatsApp-Image-2025-05-07-at-12.52.51-PM-1024x682.jpeg\" alt=\"\" width=\"640\" height=\"426\" srcset=\"https:\/\/inces.gob.ve\/wp-content\/uploads\/2025\/05\/WhatsApp-Image-2025-05-07-at-12.52.51-PM-1024x682.jpeg 1024w, https:\/\/inces.gob.ve\/wp-content\/uploads\/2025\/05\/WhatsApp-Image-2025-05-07-at-12.52.51-PM-300x200.jpeg 300w, https:\/\/inces.gob.ve\/wp-content\/uploads\/2025\/05\/WhatsApp-Image-2025-05-07-at-12.52.51-PM-768x512.jpeg 768w, https:\/\/inces.gob.ve\/wp-content\/uploads\/2025\/05\/WhatsApp-Image-2025-05-07-at-12.52.51-PM-1536x1024.jpeg 1536w, https:\/\/inces.gob.ve\/wp-content\/uploads\/2025\/05\/WhatsApp-Image-2025-05-07-at-12.52.51-PM-2048x1365.jpeg 2048w, https:\/\/inces.gob.ve\/wp-content\/uploads\/2025\/05\/WhatsApp-Image-2025-05-07-at-12.52.51-PM-272x182.jpeg 272w\" sizes=\"auto, (max-width: 640px) 100vw, 640px\" \/><\/span><\/p>\n<p>&nbsp;<\/p>\n<p><span style=\"font-size: 18px;\"><img loading=\"lazy\" decoding=\"async\" class=\"aligncenter wp-image-63926 size-large\" src=\"https:\/\/inces.gob.ve\/wp-content\/uploads\/2025\/05\/WhatsApp-Image-2025-05-07-at-12.52.52-PM-1-1024x682.jpeg\" alt=\"\" width=\"640\" height=\"426\" srcset=\"https:\/\/inces.gob.ve\/wp-content\/uploads\/2025\/05\/WhatsApp-Image-2025-05-07-at-12.52.52-PM-1-1024x682.jpeg 1024w, https:\/\/inces.gob.ve\/wp-content\/uploads\/2025\/05\/WhatsApp-Image-2025-05-07-at-12.52.52-PM-1-300x200.jpeg 300w, https:\/\/inces.gob.ve\/wp-content\/uploads\/2025\/05\/WhatsApp-Image-2025-05-07-at-12.52.52-PM-1-768x512.jpeg 768w, https:\/\/inces.gob.ve\/wp-content\/uploads\/2025\/05\/WhatsApp-Image-2025-05-07-at-12.52.52-PM-1-1536x1023.jpeg 1536w, https:\/\/inces.gob.ve\/wp-content\/uploads\/2025\/05\/WhatsApp-Image-2025-05-07-at-12.52.52-PM-1-272x182.jpeg 272w, https:\/\/inces.gob.ve\/wp-content\/uploads\/2025\/05\/WhatsApp-Image-2025-05-07-at-12.52.52-PM-1.jpeg 1600w\" sizes=\"auto, (max-width: 640px) 100vw, 640px\" \/><\/span><\/p>\n<p>&nbsp;<\/p>\n<p style=\"text-align: justify;\"><span style=\"font-family: helvetica, arial, sans-serif; font-size: 18px;\">El evento finaliz\u00f3 con la entrega de reconocimientos a los articulistas que formaron parte e hicieron posible esta primera edici\u00f3n <strong><em>I+D es ahora<\/em><\/strong> y un acto cultural a cargo del Sistema de Orquestas, programa Alma Llanera, con un repertorio de cuatro piezas musicales: Caballo viejo, San Rafael, El cuatrero y Que vale m\u00e1s.<\/span><\/p>\n<p data-wp-editing=\"1\"><span style=\"font-size: 18px;\"><img loading=\"lazy\" decoding=\"async\" class=\"alignnone size-medium wp-image-63939 aligncenter\" src=\"https:\/\/inces.gob.ve\/wp-content\/uploads\/2025\/05\/WhatsApp-Image-2025-05-07-at-12.59.59-PM-11-300x200.jpeg\" alt=\"\" width=\"300\" height=\"200\" srcset=\"https:\/\/inces.gob.ve\/wp-content\/uploads\/2025\/05\/WhatsApp-Image-2025-05-07-at-12.59.59-PM-11-300x200.jpeg 300w, https:\/\/inces.gob.ve\/wp-content\/uploads\/2025\/05\/WhatsApp-Image-2025-05-07-at-12.59.59-PM-11-1024x682.jpeg 1024w, https:\/\/inces.gob.ve\/wp-content\/uploads\/2025\/05\/WhatsApp-Image-2025-05-07-at-12.59.59-PM-11-768x512.jpeg 768w, https:\/\/inces.gob.ve\/wp-content\/uploads\/2025\/05\/WhatsApp-Image-2025-05-07-at-12.59.59-PM-11-1536x1023.jpeg 1536w, https:\/\/inces.gob.ve\/wp-content\/uploads\/2025\/05\/WhatsApp-Image-2025-05-07-at-12.59.59-PM-11-272x182.jpeg 272w, https:\/\/inces.gob.ve\/wp-content\/uploads\/2025\/05\/WhatsApp-Image-2025-05-07-at-12.59.59-PM-11.jpeg 1600w\" sizes=\"auto, (max-width: 300px) 100vw, 300px\" \/> <img loading=\"lazy\" decoding=\"async\" class=\"alignnone size-medium wp-image-63938 aligncenter\" src=\"https:\/\/inces.gob.ve\/wp-content\/uploads\/2025\/05\/WhatsApp-Image-2025-05-07-at-12.59.59-PM-10-300x200.jpeg\" alt=\"\" width=\"300\" height=\"200\" srcset=\"https:\/\/inces.gob.ve\/wp-content\/uploads\/2025\/05\/WhatsApp-Image-2025-05-07-at-12.59.59-PM-10-300x200.jpeg 300w, https:\/\/inces.gob.ve\/wp-content\/uploads\/2025\/05\/WhatsApp-Image-2025-05-07-at-12.59.59-PM-10-1024x682.jpeg 1024w, https:\/\/inces.gob.ve\/wp-content\/uploads\/2025\/05\/WhatsApp-Image-2025-05-07-at-12.59.59-PM-10-768x512.jpeg 768w, https:\/\/inces.gob.ve\/wp-content\/uploads\/2025\/05\/WhatsApp-Image-2025-05-07-at-12.59.59-PM-10-1536x1023.jpeg 1536w, https:\/\/inces.gob.ve\/wp-content\/uploads\/2025\/05\/WhatsApp-Image-2025-05-07-at-12.59.59-PM-10-272x182.jpeg 272w, https:\/\/inces.gob.ve\/wp-content\/uploads\/2025\/05\/WhatsApp-Image-2025-05-07-at-12.59.59-PM-10.jpeg 1600w\" sizes=\"auto, (max-width: 300px) 100vw, 300px\" \/> <img loading=\"lazy\" decoding=\"async\" class=\"alignnone size-medium wp-image-63937 aligncenter\" src=\"https:\/\/inces.gob.ve\/wp-content\/uploads\/2025\/05\/WhatsApp-Image-2025-05-07-at-12.59.59-PM-9-300x200.jpeg\" alt=\"\" width=\"300\" height=\"200\" srcset=\"https:\/\/inces.gob.ve\/wp-content\/uploads\/2025\/05\/WhatsApp-Image-2025-05-07-at-12.59.59-PM-9-300x200.jpeg 300w, https:\/\/inces.gob.ve\/wp-content\/uploads\/2025\/05\/WhatsApp-Image-2025-05-07-at-12.59.59-PM-9-1024x682.jpeg 1024w, https:\/\/inces.gob.ve\/wp-content\/uploads\/2025\/05\/WhatsApp-Image-2025-05-07-at-12.59.59-PM-9-768x512.jpeg 768w, https:\/\/inces.gob.ve\/wp-content\/uploads\/2025\/05\/WhatsApp-Image-2025-05-07-at-12.59.59-PM-9-1536x1023.jpeg 1536w, https:\/\/inces.gob.ve\/wp-content\/uploads\/2025\/05\/WhatsApp-Image-2025-05-07-at-12.59.59-PM-9-272x182.jpeg 272w, https:\/\/inces.gob.ve\/wp-content\/uploads\/2025\/05\/WhatsApp-Image-2025-05-07-at-12.59.59-PM-9.jpeg 1600w\" sizes=\"auto, (max-width: 300px) 100vw, 300px\" \/> <img loading=\"lazy\" decoding=\"async\" class=\"alignnone size-medium wp-image-63936 aligncenter\" src=\"https:\/\/inces.gob.ve\/wp-content\/uploads\/2025\/05\/WhatsApp-Image-2025-05-07-at-12.59.59-PM-8-300x200.jpeg\" alt=\"\" width=\"300\" height=\"200\" srcset=\"https:\/\/inces.gob.ve\/wp-content\/uploads\/2025\/05\/WhatsApp-Image-2025-05-07-at-12.59.59-PM-8-300x200.jpeg 300w, https:\/\/inces.gob.ve\/wp-content\/uploads\/2025\/05\/WhatsApp-Image-2025-05-07-at-12.59.59-PM-8-1024x682.jpeg 1024w, https:\/\/inces.gob.ve\/wp-content\/uploads\/2025\/05\/WhatsApp-Image-2025-05-07-at-12.59.59-PM-8-768x512.jpeg 768w, https:\/\/inces.gob.ve\/wp-content\/uploads\/2025\/05\/WhatsApp-Image-2025-05-07-at-12.59.59-PM-8-1536x1023.jpeg 1536w, https:\/\/inces.gob.ve\/wp-content\/uploads\/2025\/05\/WhatsApp-Image-2025-05-07-at-12.59.59-PM-8-272x182.jpeg 272w, https:\/\/inces.gob.ve\/wp-content\/uploads\/2025\/05\/WhatsApp-Image-2025-05-07-at-12.59.59-PM-8.jpeg 1600w\" sizes=\"auto, (max-width: 300px) 100vw, 300px\" \/> <img loading=\"lazy\" decoding=\"async\" class=\"alignnone size-medium wp-image-63933 aligncenter\" src=\"https:\/\/inces.gob.ve\/wp-content\/uploads\/2025\/05\/WhatsApp-Image-2025-05-07-at-12.59.59-PM-5-300x200.jpeg\" alt=\"\" width=\"300\" height=\"200\" srcset=\"https:\/\/inces.gob.ve\/wp-content\/uploads\/2025\/05\/WhatsApp-Image-2025-05-07-at-12.59.59-PM-5-300x200.jpeg 300w, https:\/\/inces.gob.ve\/wp-content\/uploads\/2025\/05\/WhatsApp-Image-2025-05-07-at-12.59.59-PM-5-1024x682.jpeg 1024w, https:\/\/inces.gob.ve\/wp-content\/uploads\/2025\/05\/WhatsApp-Image-2025-05-07-at-12.59.59-PM-5-768x512.jpeg 768w, https:\/\/inces.gob.ve\/wp-content\/uploads\/2025\/05\/WhatsApp-Image-2025-05-07-at-12.59.59-PM-5-1536x1023.jpeg 1536w, https:\/\/inces.gob.ve\/wp-content\/uploads\/2025\/05\/WhatsApp-Image-2025-05-07-at-12.59.59-PM-5-272x182.jpeg 272w, https:\/\/inces.gob.ve\/wp-content\/uploads\/2025\/05\/WhatsApp-Image-2025-05-07-at-12.59.59-PM-5.jpeg 1600w\" sizes=\"auto, (max-width: 300px) 100vw, 300px\" \/> <img loading=\"lazy\" decoding=\"async\" class=\"alignnone size-medium wp-image-63932 aligncenter\" src=\"https:\/\/inces.gob.ve\/wp-content\/uploads\/2025\/05\/WhatsApp-Image-2025-05-07-at-12.59.59-PM-4-300x200.jpeg\" alt=\"\" width=\"300\" height=\"200\" srcset=\"https:\/\/inces.gob.ve\/wp-content\/uploads\/2025\/05\/WhatsApp-Image-2025-05-07-at-12.59.59-PM-4-300x200.jpeg 300w, https:\/\/inces.gob.ve\/wp-content\/uploads\/2025\/05\/WhatsApp-Image-2025-05-07-at-12.59.59-PM-4-1024x682.jpeg 1024w, https:\/\/inces.gob.ve\/wp-content\/uploads\/2025\/05\/WhatsApp-Image-2025-05-07-at-12.59.59-PM-4-768x512.jpeg 768w, https:\/\/inces.gob.ve\/wp-content\/uploads\/2025\/05\/WhatsApp-Image-2025-05-07-at-12.59.59-PM-4-1536x1023.jpeg 1536w, https:\/\/inces.gob.ve\/wp-content\/uploads\/2025\/05\/WhatsApp-Image-2025-05-07-at-12.59.59-PM-4-272x182.jpeg 272w, https:\/\/inces.gob.ve\/wp-content\/uploads\/2025\/05\/WhatsApp-Image-2025-05-07-at-12.59.59-PM-4.jpeg 1600w\" sizes=\"auto, (max-width: 300px) 100vw, 300px\" \/> <img loading=\"lazy\" decoding=\"async\" class=\"alignnone size-medium wp-image-63931 aligncenter\" src=\"https:\/\/inces.gob.ve\/wp-content\/uploads\/2025\/05\/WhatsApp-Image-2025-05-07-at-12.59.59-PM-3-300x200.jpeg\" alt=\"\" width=\"300\" height=\"200\" srcset=\"https:\/\/inces.gob.ve\/wp-content\/uploads\/2025\/05\/WhatsApp-Image-2025-05-07-at-12.59.59-PM-3-300x200.jpeg 300w, https:\/\/inces.gob.ve\/wp-content\/uploads\/2025\/05\/WhatsApp-Image-2025-05-07-at-12.59.59-PM-3-1024x682.jpeg 1024w, https:\/\/inces.gob.ve\/wp-content\/uploads\/2025\/05\/WhatsApp-Image-2025-05-07-at-12.59.59-PM-3-768x512.jpeg 768w, https:\/\/inces.gob.ve\/wp-content\/uploads\/2025\/05\/WhatsApp-Image-2025-05-07-at-12.59.59-PM-3-1536x1023.jpeg 1536w, https:\/\/inces.gob.ve\/wp-content\/uploads\/2025\/05\/WhatsApp-Image-2025-05-07-at-12.59.59-PM-3-272x182.jpeg 272w, https:\/\/inces.gob.ve\/wp-content\/uploads\/2025\/05\/WhatsApp-Image-2025-05-07-at-12.59.59-PM-3.jpeg 1600w\" sizes=\"auto, (max-width: 300px) 100vw, 300px\" \/> <img loading=\"lazy\" decoding=\"async\" class=\"alignnone size-medium wp-image-63930 aligncenter\" src=\"https:\/\/inces.gob.ve\/wp-content\/uploads\/2025\/05\/WhatsApp-Image-2025-05-07-at-12.59.59-PM-2-300x200.jpeg\" alt=\"\" width=\"300\" height=\"200\" srcset=\"https:\/\/inces.gob.ve\/wp-content\/uploads\/2025\/05\/WhatsApp-Image-2025-05-07-at-12.59.59-PM-2-300x200.jpeg 300w, https:\/\/inces.gob.ve\/wp-content\/uploads\/2025\/05\/WhatsApp-Image-2025-05-07-at-12.59.59-PM-2-1024x682.jpeg 1024w, https:\/\/inces.gob.ve\/wp-content\/uploads\/2025\/05\/WhatsApp-Image-2025-05-07-at-12.59.59-PM-2-768x512.jpeg 768w, https:\/\/inces.gob.ve\/wp-content\/uploads\/2025\/05\/WhatsApp-Image-2025-05-07-at-12.59.59-PM-2-1536x1023.jpeg 1536w, https:\/\/inces.gob.ve\/wp-content\/uploads\/2025\/05\/WhatsApp-Image-2025-05-07-at-12.59.59-PM-2-272x182.jpeg 272w, https:\/\/inces.gob.ve\/wp-content\/uploads\/2025\/05\/WhatsApp-Image-2025-05-07-at-12.59.59-PM-2.jpeg 1600w\" sizes=\"auto, (max-width: 300px) 100vw, 300px\" \/><\/span><\/p>\n<p>&nbsp;<\/p>\n<p style=\"text-align: justify;\"><span style=\"font-family: helvetica, arial, sans-serif; font-size: 18px;\">La revista digital est\u00e1 disponible en el portal web de la instituci\u00f3n <a href=\"https:\/\/inces.gob.ve\/index.php\/revista_id\/\">https:\/\/inces.gob.ve\/index.php\/revista_id\/<\/a><\/span><\/p>\n","protected":false},"excerpt":{"rendered":"<p>I+D es ahora, es una Revista Cient\u00edfica Popular del Instituto Nacional de Capacitaci\u00f3n y Educaci\u00f3n Socialista Inces que muestra el esfuerzo de esta instituci\u00f3n por fortalecer la formaci\u00f3n t\u00e9cnica profesional y la divulgaci\u00f3n cient\u00edfica tecnol\u00f3gica popular<\/p>\n","protected":false},"author":4,"featured_media":63929,"comment_status":"closed","ping_status":"closed","sticky":false,"template":"","format":"standard","meta":{"footnotes":""},"categories":[2],"tags":[],"class_list":["post-63921","post","type-post","status-publish","format-standard","has-post-thumbnail","hentry","category-blog"],"_links":{"self":[{"href":"https:\/\/inces.gob.ve\/index.php\/wp-json\/wp\/v2\/posts\/63921","targetHints":{"allow":["GET"]}}],"collection":[{"href":"https:\/\/inces.gob.ve\/index.php\/wp-json\/wp\/v2\/posts"}],"about":[{"href":"https:\/\/inces.gob.ve\/index.php\/wp-json\/wp\/v2\/types\/post"}],"author":[{"embeddable":true,"href":"https:\/\/inces.gob.ve\/index.php\/wp-json\/wp\/v2\/users\/4"}],"replies":[{"embeddable":true,"href":"https:\/\/inces.gob.ve\/index.php\/wp-json\/wp\/v2\/comments?post=63921"}],"version-history":[{"count":4,"href":"https:\/\/inces.gob.ve\/index.php\/wp-json\/wp\/v2\/posts\/63921\/revisions"}],"predecessor-version":[{"id":63942,"href":"https:\/\/inces.gob.ve\/index.php\/wp-json\/wp\/v2\/posts\/63921\/revisions\/63942"}],"wp:featuredmedia":[{"embeddable":true,"href":"https:\/\/inces.gob.ve\/index.php\/wp-json\/wp\/v2\/media\/63929"}],"wp:attachment":[{"href":"https:\/\/inces.gob.ve\/index.php\/wp-json\/wp\/v2\/media?parent=63921"}],"wp:term":[{"taxonomy":"category","embeddable":true,"href":"https:\/\/inces.gob.ve\/index.php\/wp-json\/wp\/v2\/categories?post=63921"},{"taxonomy":"post_tag","embeddable":true,"href":"https:\/\/inces.gob.ve\/index.php\/wp-json\/wp\/v2\/tags?post=63921"}],"curies":[{"name":"wp","href":"https:\/\/api.w.org\/{rel}","templated":true}]}}