{"id":64033,"date":"2025-05-20T07:36:54","date_gmt":"2025-05-20T11:36:54","guid":{"rendered":"https:\/\/inces.gob.ve\/?p=64033"},"modified":"2025-05-20T07:36:54","modified_gmt":"2025-05-20T11:36:54","slug":"amazonas-se-celebro-un-encuentro-estrategico-para-fortalecer-la-formacion-en-diversos-ambitos","status":"publish","type":"post","link":"https:\/\/inces.gob.ve\/index.php\/2025\/05\/20\/amazonas-se-celebro-un-encuentro-estrategico-para-fortalecer-la-formacion-en-diversos-ambitos\/","title":{"rendered":"AMAZONAS | Se celebr\u00f3 un encuentro estrat\u00e9gico para fortalecer la formaci\u00f3n en diversos \u00e1mbitos"},"content":{"rendered":"<p style=\"text-align: justify;\"><em><strong><span style=\"font-family: helvetica, arial, sans-serif; font-size: 18px;\">**Seguimos creando estrategia y planificando formaciones<\/span><\/strong><\/em><!--more--><\/p>\n<p>&nbsp;<\/p>\n<p>&nbsp;<\/p>\n<p style=\"text-align: justify;\"><strong><span style=\"font-family: helvetica, arial, sans-serif; font-size: 18px;\">F\u00c9LIX RUIZ<\/span><\/strong><\/p>\n<p style=\"text-align: justify;\"><span style=\"font-family: helvetica, arial, sans-serif; font-size: 18px;\">Como parte de las acciones para seguir fortaleciendo los procesos de formaci\u00f3n en nuestras distintas \u00e1reas estrat\u00e9gicas, se realiz\u00f3 un encuentro en el que se reunieron representantes de los diversos \u00e1mbitos que componen la instituci\u00f3n con el objetivo de dise\u00f1ar estrategias para mejorar el abordaje en entidades clave.<\/span><\/p>\n<p style=\"text-align: justify;\">\n<p>&nbsp;<\/p>\n<p style=\"text-align: justify;\"><span style=\"font-family: helvetica, arial, sans-serif; font-size: 18px;\">La actividad cont\u00f3 con la participaci\u00f3n de Yuviri Silva jefa de la divisi\u00f3n de Formaci\u00f3n Profesional; Apolonia Camico, responsable del \u00e1mbito Entidades de Trabajo; Medardo Gonz\u00e1lez, encargado del \u00e1mbito Unidades Educativas; Jonni Vivas, representante del Centro de Formaci\u00f3n Socialista Casique Aramare; Yusmari Nieves, en representaci\u00f3n de las comunas; Carlos Veliz, responsable del \u00e1mbito resocializaci\u00f3n (penitenciario); Rosana Ramos, \u00e1mbito de Misiones y grandes misiones, Consuelo Mora, Inces Mujer, entre otros presentes.<\/span><\/p>\n<p style=\"text-align: justify;\">\n<p style=\"text-align: justify;\"><span style=\"font-family: helvetica, arial, sans-serif; font-size: 18px;\">Cada uno de los participantes comparti\u00f3 sus experiencias y propuestas, contribuyendo a la construcci\u00f3n de un plan de acci\u00f3n de manera integral que permitir\u00e1 contribuir a los procesos de formaci\u00f3n y fortalecer el trabajo colectivo entre los distintos \u00e1mbitos.<\/span><\/p>\n<p style=\"text-align: justify;\">\n<p style=\"text-align: justify;\">\n<p style=\"text-align: justify;\"><span style=\"font-family: helvetica, arial, sans-serif; font-size: 18px;\">Durante la jornada, se presentaron estrategias para garantizar una mejor planificaci\u00f3n y ejecuci\u00f3n de los programas formativos en sus respectivos \u00e1mbitos. Se abordaron temas muy importantes como el fortalecimiento del abordaje en entidades de trabajo y las comunas, as\u00ed como tambi\u00e9n en el sistema penitenciario, entre muchos m\u00e1s.<\/span><\/p>\n<p style=\"text-align: justify;\"><span style=\"font-family: helvetica, arial, sans-serif; font-size: 18px;\">El encuentro no solo permiti\u00f3 la creaci\u00f3n de nuevas estrategias, sino que tambi\u00e9n reafirm\u00f3 el compromiso de la instituci\u00f3n y el de los trabajadores con el desarrollo de iniciativas formativas que impacten positivamente a la colectividad amazonense.<\/span><\/p>\n<p style=\"text-align: justify;\">\n","protected":false},"excerpt":{"rendered":"<p>**Seguimos creando estrategia y planificando formaciones<\/p>\n","protected":false},"author":4,"featured_media":64034,"comment_status":"closed","ping_status":"closed","sticky":false,"template":"","format":"standard","meta":{"footnotes":""},"categories":[2],"tags":[],"class_list":["post-64033","post","type-post","status-publish","format-standard","has-post-thumbnail","hentry","category-blog"],"_links":{"self":[{"href":"https:\/\/inces.gob.ve\/index.php\/wp-json\/wp\/v2\/posts\/64033","targetHints":{"allow":["GET"]}}],"collection":[{"href":"https:\/\/inces.gob.ve\/index.php\/wp-json\/wp\/v2\/posts"}],"about":[{"href":"https:\/\/inces.gob.ve\/index.php\/wp-json\/wp\/v2\/types\/post"}],"author":[{"embeddable":true,"href":"https:\/\/inces.gob.ve\/index.php\/wp-json\/wp\/v2\/users\/4"}],"replies":[{"embeddable":true,"href":"https:\/\/inces.gob.ve\/index.php\/wp-json\/wp\/v2\/comments?post=64033"}],"version-history":[{"count":1,"href":"https:\/\/inces.gob.ve\/index.php\/wp-json\/wp\/v2\/posts\/64033\/revisions"}],"predecessor-version":[{"id":64035,"href":"https:\/\/inces.gob.ve\/index.php\/wp-json\/wp\/v2\/posts\/64033\/revisions\/64035"}],"wp:featuredmedia":[{"embeddable":true,"href":"https:\/\/inces.gob.ve\/index.php\/wp-json\/wp\/v2\/media\/64034"}],"wp:attachment":[{"href":"https:\/\/inces.gob.ve\/index.php\/wp-json\/wp\/v2\/media?parent=64033"}],"wp:term":[{"taxonomy":"category","embeddable":true,"href":"https:\/\/inces.gob.ve\/index.php\/wp-json\/wp\/v2\/categories?post=64033"},{"taxonomy":"post_tag","embeddable":true,"href":"https:\/\/inces.gob.ve\/index.php\/wp-json\/wp\/v2\/tags?post=64033"}],"curies":[{"name":"wp","href":"https:\/\/api.w.org\/{rel}","templated":true}]}}