{"id":64068,"date":"2025-05-23T08:59:53","date_gmt":"2025-05-23T12:59:53","guid":{"rendered":"https:\/\/inces.gob.ve\/?p=64068"},"modified":"2025-05-23T09:00:08","modified_gmt":"2025-05-23T13:00:08","slug":"guarico-inces-forma-a-emprendedores-en-reposteria-y-panaderia-con-altos-estandares-de-calidad-2","status":"publish","type":"post","link":"https:\/\/inces.gob.ve\/index.php\/2025\/05\/23\/guarico-inces-forma-a-emprendedores-en-reposteria-y-panaderia-con-altos-estandares-de-calidad-2\/","title":{"rendered":"GU\u00c1RICO | Inces forma a emprendedores en reposter\u00eda y panader\u00eda con altos est\u00e1ndares de calidad"},"content":{"rendered":"<p style=\"text-align: justify;\"><span style=\"font-family: helvetica, arial, sans-serif; font-size: 18px;\"><strong><em>** Los participantes de la formaci\u00f3n logran poner en pr\u00e1ctica sus conocimientos para darle seguridad econ\u00f3mica a su familia incursionando en la industria gastron\u00f3mica<\/em><\/strong><\/span><!--more--><\/p>\n<p>&nbsp;<\/p>\n<p style=\"text-align: justify;\"><span style=\"font-family: helvetica, arial, sans-serif; font-size: 18px;\"><strong>MAR\u00cdA SANTIAGO<\/strong><\/span><\/p>\n<p style=\"text-align: justify;\"><span style=\"font-family: helvetica, arial, sans-serif; font-size: 18px;\">El Instituto Nacional de Capacitaci\u00f3n y Educaci\u00f3n Socialista (Inces) en el estado Gu\u00e1rico sigue impulsando el desarrollo econ\u00f3mico de la regi\u00f3n a trav\u00e9s de sus formaciones t\u00e9cnicas, destacando en esta oportunidad el \u00e1rea de reposter\u00eda y panader\u00eda, donde los participantes adquieren habilidades para emprender con el respaldo de maestros t\u00e9cnicos productivos (MTP) altamente calificados.<\/span><\/p>\n<p>&nbsp;<\/p>\n<p>&nbsp;<\/p>\n<p style=\"text-align: justify;\"><span style=\"font-family: helvetica, arial, sans-serif; font-size: 18px;\">Las formaciones impartidas por el Inces brindan herramientas pr\u00e1cticas y te\u00f3ricas para la elaboraci\u00f3n de productos de reposter\u00eda y panader\u00eda con altos est\u00e1ndares de calidad, permitiendo a los guarique\u00f1os iniciar sus propios negocios o fortalecer emprendimientos ya existentes.<\/span><\/p>\n<p>&nbsp;<\/p>\n<p style=\"text-align: justify;\"><span style=\"font-family: helvetica, arial, sans-serif; font-size: 18px;\">MTP en reposter\u00eda Karelis Zamora, desde el Centro de formaci\u00f3n Socialista (CFS) Altagracia de Orituco, destac\u00f3 la importancia de estos espacios formativos: \u00abEn el Inces no solo ense\u00f1amos t\u00e9cnicas de reposter\u00eda, sino que empoderamos a los participantes para que sean generadores de su propio sustento. Trabajamos para que cada alumno domine desde lo b\u00e1sico hasta t\u00e9cnicas avanzadas, garantizando productos competitivos en el mercado\u00bb.<\/span><\/p>\n<p>&nbsp;<\/p>\n<p style=\"text-align: justify;\"><span style=\"font-family: helvetica, arial, sans-serif; font-size: 18px;\">Por otro lado, la participante Ana Rodr\u00edguez, destac\u00f3 que: \u00abGracias al Inces, hoy tengo mi propio negocio de tortas y dulces. Los conocimientos que adquir\u00ed me permitieron mejorar la calidad de mis productos y aumentar mis clientes. Esta formaci\u00f3n ha cambiado mi vida econ\u00f3micamente y me ha dado independencia\u00bb.<\/span><\/p>\n<p style=\"text-align: justify;\">\n","protected":false},"excerpt":{"rendered":"<p>** Los participantes de la formaci\u00f3n logran poner en pr\u00e1ctica sus conocimientos para darle seguridad econ\u00f3mica a su familia incursionando en la industria gastron\u00f3mica<\/p>\n","protected":false},"author":4,"featured_media":64069,"comment_status":"closed","ping_status":"closed","sticky":false,"template":"","format":"standard","meta":{"footnotes":""},"categories":[2],"tags":[],"class_list":["post-64068","post","type-post","status-publish","format-standard","has-post-thumbnail","hentry","category-blog"],"_links":{"self":[{"href":"https:\/\/inces.gob.ve\/index.php\/wp-json\/wp\/v2\/posts\/64068","targetHints":{"allow":["GET"]}}],"collection":[{"href":"https:\/\/inces.gob.ve\/index.php\/wp-json\/wp\/v2\/posts"}],"about":[{"href":"https:\/\/inces.gob.ve\/index.php\/wp-json\/wp\/v2\/types\/post"}],"author":[{"embeddable":true,"href":"https:\/\/inces.gob.ve\/index.php\/wp-json\/wp\/v2\/users\/4"}],"replies":[{"embeddable":true,"href":"https:\/\/inces.gob.ve\/index.php\/wp-json\/wp\/v2\/comments?post=64068"}],"version-history":[{"count":2,"href":"https:\/\/inces.gob.ve\/index.php\/wp-json\/wp\/v2\/posts\/64068\/revisions"}],"predecessor-version":[{"id":64071,"href":"https:\/\/inces.gob.ve\/index.php\/wp-json\/wp\/v2\/posts\/64068\/revisions\/64071"}],"wp:featuredmedia":[{"embeddable":true,"href":"https:\/\/inces.gob.ve\/index.php\/wp-json\/wp\/v2\/media\/64069"}],"wp:attachment":[{"href":"https:\/\/inces.gob.ve\/index.php\/wp-json\/wp\/v2\/media?parent=64068"}],"wp:term":[{"taxonomy":"category","embeddable":true,"href":"https:\/\/inces.gob.ve\/index.php\/wp-json\/wp\/v2\/categories?post=64068"},{"taxonomy":"post_tag","embeddable":true,"href":"https:\/\/inces.gob.ve\/index.php\/wp-json\/wp\/v2\/tags?post=64068"}],"curies":[{"name":"wp","href":"https:\/\/api.w.org\/{rel}","templated":true}]}}