{"id":64078,"date":"2025-05-23T09:21:39","date_gmt":"2025-05-23T13:21:39","guid":{"rendered":"https:\/\/inces.gob.ve\/?p=64078"},"modified":"2025-05-23T09:21:44","modified_gmt":"2025-05-23T13:21:44","slug":"aragua-jovenes-de-la-comunidad-18-de-mayo-celebraron-la-entrega-de-certificados-del-perfil-asistente-administrativo","status":"publish","type":"post","link":"https:\/\/inces.gob.ve\/index.php\/2025\/05\/23\/aragua-jovenes-de-la-comunidad-18-de-mayo-celebraron-la-entrega-de-certificados-del-perfil-asistente-administrativo\/","title":{"rendered":"ARAGUA | J\u00f3venes de la comunidad 18 de Mayo celebraron la entrega de certificados del perfil\u00a0 Asistente Administrativo"},"content":{"rendered":"<div style=\"text-align: justify;\"><em><strong>** <span style=\"font-family: helvetica, arial, sans-serif; font-size: 18px;\">Un total de 18 participantes culminaron con \u00e9xito todas sus unidades curriculares\u00a0<\/span><\/strong><\/em><\/div>\n<p style=\"text-align: justify;\"><!--more--><\/p>\n<div style=\"text-align: justify;\"><\/div>\n<div dir=\"auto\" style=\"text-align: justify;\"><strong><span style=\"font-family: helvetica, arial, sans-serif; font-size: 18px;\">NINOSKA PATRIZ\u00a0<\/span><\/strong><\/div>\n<div dir=\"auto\" style=\"text-align: justify;\"><\/div>\n<div dir=\"auto\" style=\"text-align: justify;\"><span style=\"font-family: helvetica, arial, sans-serif; font-size: 18px;\">En un ambiente de j\u00fabilo y reconocimiento, 18 integrantes de la comunidad 18 de Mayo, ubicada en el municipio Francisco Linares Alc\u00e1ntara, recibieron sus certificados tras completar satisfactoriamente las unidades curriculares de Planificaci\u00f3n y Control de Costo y Almac\u00e9n y Contabilidad B\u00e1sica. Estos m\u00f3dulos forman parte del Programa Nacional de Formaci\u00f3n (PNF) en Asistente Administrativo, una iniciativa que busca fortalecer las habilidades profesionales de los j\u00f3venes de la regi\u00f3n.<\/span><\/div>\n<div dir=\"auto\" style=\"text-align: justify;\"><\/div>\n<div dir=\"auto\" style=\"text-align: justify;\"><\/div>\n<div dir=\"auto\" style=\"text-align: justify;\"><\/div>\n<div dir=\"auto\" style=\"text-align: justify;\"><span style=\"font-family: helvetica, arial, sans-serif; font-size: 18px;\">La emotiva ceremonia de Entrega de Certificados se llev\u00f3 a cabo en las instalaciones de la Unidad Educativa Arturo Sarco Villena,\u00a0 contando con la distinguida presencia de\u00a0 Euridis de Riera y Yindred Fuentes, jefa del Programa Turismo del Instituto Nacional de Capacitaci\u00f3n y Educaci\u00f3n Socialista (Inces).<\/span><\/div>\n<div dir=\"auto\" style=\"text-align: justify;\"><\/div>\n<div dir=\"auto\" style=\"text-align: justify;\"><\/div>\n<div dir=\"auto\" style=\"text-align: justify;\"><\/div>\n<div dir=\"auto\" style=\"text-align: justify;\"><span style=\"font-family: helvetica, arial, sans-serif; font-size: 18px;\"> Asimismo, estuvo presente un equipo representativo de la alcald\u00eda de Francisco Linares Alc\u00e1ntara acompa\u00f1ando este importante logro y reafirmando su compromiso con la formaci\u00f3n t\u00e9cnica y profesional de sus ciudadanos.<\/span><\/div>\n<div dir=\"auto\" style=\"text-align: justify;\"><\/div>\n<div dir=\"auto\"><\/div>\n<div dir=\"auto\" style=\"text-align: justify;\"><\/div>\n<div dir=\"auto\" style=\"text-align: justify;\"><span style=\"font-family: helvetica, arial, sans-serif; font-size: 18px;\">Esta significativa formaci\u00f3n fue posible gracias a la s\u00f3lida alianza estrat\u00e9gica establecida entre la alcald\u00eda del municipio Francisco Linares Alc\u00e1ntara y el Inces. De la misma manera el jefe de Formaci\u00f3n Profesional, Sim\u00f3n Navarro, destac\u00f3: \u00abLa colaboraci\u00f3n respondi\u00f3 directamente a la sentida solicitud de j\u00f3venes pertenecientes a la comunidad 18 de Mayo, quienes manifestaron su inter\u00e9s en adquirir herramientas y conocimientos fundamentales para su desarrollo profesional en el din\u00e1mico campo de la administraci\u00f3n\u00bb.<\/span><\/div>\n<div dir=\"auto\" style=\"text-align: justify;\"><\/div>\n<div dir=\"auto\" style=\"text-align: justify;\"><\/div>\n<div dir=\"auto\" style=\"text-align: justify;\"><span style=\"font-family: helvetica, arial, sans-serif; font-size: 18px;\">Durante el evento, la Licenciada Yindred Fuentes resalt\u00f3 el valor de esta iniciativa para el progreso local: \u00abEste logro refleja el compromiso de nuestro municipio con la educaci\u00f3n t\u00e9cnica y las oportunidades para los j\u00f3venes\u00bb. En su mensaje subray\u00f3 la importancia de brindar alternativas de formaci\u00f3n que impulsen el crecimiento individual y colectivo de la comunidad.<\/span><\/div>\n<div style=\"text-align: justify;\"><\/div>\n","protected":false},"excerpt":{"rendered":"<p>** Un total de 18 participantes culminaron con \u00e9xito todas sus unidades curriculares\u00a0<\/p>\n","protected":false},"author":4,"featured_media":64079,"comment_status":"closed","ping_status":"closed","sticky":false,"template":"","format":"standard","meta":{"footnotes":""},"categories":[2],"tags":[],"class_list":["post-64078","post","type-post","status-publish","format-standard","has-post-thumbnail","hentry","category-blog"],"_links":{"self":[{"href":"https:\/\/inces.gob.ve\/index.php\/wp-json\/wp\/v2\/posts\/64078","targetHints":{"allow":["GET"]}}],"collection":[{"href":"https:\/\/inces.gob.ve\/index.php\/wp-json\/wp\/v2\/posts"}],"about":[{"href":"https:\/\/inces.gob.ve\/index.php\/wp-json\/wp\/v2\/types\/post"}],"author":[{"embeddable":true,"href":"https:\/\/inces.gob.ve\/index.php\/wp-json\/wp\/v2\/users\/4"}],"replies":[{"embeddable":true,"href":"https:\/\/inces.gob.ve\/index.php\/wp-json\/wp\/v2\/comments?post=64078"}],"version-history":[{"count":1,"href":"https:\/\/inces.gob.ve\/index.php\/wp-json\/wp\/v2\/posts\/64078\/revisions"}],"predecessor-version":[{"id":64080,"href":"https:\/\/inces.gob.ve\/index.php\/wp-json\/wp\/v2\/posts\/64078\/revisions\/64080"}],"wp:featuredmedia":[{"embeddable":true,"href":"https:\/\/inces.gob.ve\/index.php\/wp-json\/wp\/v2\/media\/64079"}],"wp:attachment":[{"href":"https:\/\/inces.gob.ve\/index.php\/wp-json\/wp\/v2\/media?parent=64078"}],"wp:term":[{"taxonomy":"category","embeddable":true,"href":"https:\/\/inces.gob.ve\/index.php\/wp-json\/wp\/v2\/categories?post=64078"},{"taxonomy":"post_tag","embeddable":true,"href":"https:\/\/inces.gob.ve\/index.php\/wp-json\/wp\/v2\/tags?post=64078"}],"curies":[{"name":"wp","href":"https:\/\/api.w.org\/{rel}","templated":true}]}}