{"id":64089,"date":"2025-05-23T10:55:23","date_gmt":"2025-05-23T14:55:23","guid":{"rendered":"https:\/\/inces.gob.ve\/?p=64089"},"modified":"2025-05-23T10:55:39","modified_gmt":"2025-05-23T14:55:39","slug":"barinas-aprendices-de-diversas-ocupaciones-cualificadas-realizaron-jornada-de-labor-social-en-el-hospital-dr-luis-razetti","status":"publish","type":"post","link":"https:\/\/inces.gob.ve\/index.php\/2025\/05\/23\/barinas-aprendices-de-diversas-ocupaciones-cualificadas-realizaron-jornada-de-labor-social-en-el-hospital-dr-luis-razetti\/","title":{"rendered":"BARINAS | Aprendices de diversas ocupaciones cualificadas realizaron jornada de labor social en el hospital Dr. Luis Razetti"},"content":{"rendered":"<p style=\"text-align: justify;\"><em><strong><span style=\"font-family: helvetica, arial, sans-serif; font-size: 18px;\">** Educando con valores, creando conciencia y fomentando la empat\u00eda para ofrecer aprendizaje para la vida<\/span><\/strong><\/em><!--more--><\/p>\n<p>&nbsp;<\/p>\n<p style=\"text-align: justify;\"><strong><span style=\"font-family: helvetica, arial, sans-serif; font-size: 18px;\">HIRASYANEL BAYONA<\/span><\/strong><\/p>\n<p style=\"text-align: justify;\"><span style=\"font-family: helvetica, arial, sans-serif; font-size: 18px;\">Aprendices de diversas ocupaciones cualificadas realizaron una actividad comunitaria o de labor social dirigida a pacientes de la emergencia del centro hospitalario Dr. Luis Razetti.<\/span><\/p>\n<p>&nbsp;<\/p>\n<p style=\"text-align: justify;\"><span style=\"font-family: helvetica, arial, sans-serif; font-size: 18px;\">Guiados, orientados y acompa\u00f1ados por \u00c1ngel Navas, maestro del ciclo inicial del Programa Nacional de Aprendizaje, aprendices de Desarrollador de Software y Aplicaciones, Constructor de Casas, Electromec\u00e1nica, Secretario Administrativo, Mec\u00e1nica Automotriz, Asesor de Ventas y Cocina hicieron entrega, directamente a los pacientes, de kits contentivos de 3 jelco #22, 1 cloruro de socio 0.9%, 1 alcohol absoluto 120 ml, 6 gasa est\u00e9ril 4&#215;4, 2 pares de guantes est\u00e9ril, 2 jeringas de 5cc, 1 bl\u00edster de acetaminof\u00e9n 500 mg., 1 bl\u00edster de ibuprofeno 400 mg., 5 unidades de pa\u00f1al de adulto o de pedi\u00e1trico. 3 ceftriaxona 1mg. amp., 2 Ondantrin 8mg. amp., 1 dipirona amp., 3 N-Butil bromuro amp.<\/span><\/p>\n<p>&nbsp;<\/p>\n<p style=\"text-align: justify;\"><span style=\"font-family: helvetica, arial, sans-serif; font-size: 18px;\">Navas explic\u00f3 que el prop\u00f3sito de esta actividad era tener injerencia en la formaci\u00f3n para manejar la parte acad\u00e9mica conjuntamente con la parte humana, brindando las herramientas para poder elaborar, organizar, planificar y desarrollar exitosamente un proyecto comunitario a su vez que se fortalece la creaci\u00f3n de conciencia en nuestros aprendices y se estimula la empat\u00eda.<\/span><\/p>\n<p>&nbsp;<\/p>\n<p style=\"text-align: justify;\"><span style=\"font-family: helvetica, arial, sans-serif; font-size: 18px;\">Asimismo, Navas aclar\u00f3 que previa a la entrega de los Kits, se realiz\u00f3 visita al centro hospitalario para conversar con el Dr. Juan Ch\u00e1vez, director del hospital, quien suministro importante informaci\u00f3n en relaci\u00f3n a las necesidades presentadas y cu\u00e1l podr\u00eda ser un aporte de invaluable valor para contribuir con la recuperaci\u00f3n de los pacientes a trav\u00e9s de esta ayuda social.<\/span><\/p>\n<p>&nbsp;<\/p>\n<p style=\"text-align: justify;\"><span style=\"font-family: helvetica, arial, sans-serif; font-size: 18px;\">Es necesario mencionar que este tipo de jornadas las ejecutan al culminar la fase de trayecto inicial, enmarcado en la puesta en marcha del proyecto educativo titulado \u201cDonaci\u00f3n de insumos b\u00e1sicos y medicamentos a trav\u00e9s de un botiqu\u00edn de primeros auxilios en el \u00e1rea de emergencia, estabilizaci\u00f3n y recuperaci\u00f3n de pacientes en el hospital Dr. Luis Razetti del estado Barinas\u201d<\/span><\/p>\n","protected":false},"excerpt":{"rendered":"<p>** Educando con valores, creando conciencia y fomentando la empat\u00eda para ofrecer aprendizaje para la vida<\/p>\n","protected":false},"author":4,"featured_media":64090,"comment_status":"closed","ping_status":"closed","sticky":false,"template":"","format":"standard","meta":{"footnotes":""},"categories":[2],"tags":[],"class_list":["post-64089","post","type-post","status-publish","format-standard","has-post-thumbnail","hentry","category-blog"],"_links":{"self":[{"href":"https:\/\/inces.gob.ve\/index.php\/wp-json\/wp\/v2\/posts\/64089","targetHints":{"allow":["GET"]}}],"collection":[{"href":"https:\/\/inces.gob.ve\/index.php\/wp-json\/wp\/v2\/posts"}],"about":[{"href":"https:\/\/inces.gob.ve\/index.php\/wp-json\/wp\/v2\/types\/post"}],"author":[{"embeddable":true,"href":"https:\/\/inces.gob.ve\/index.php\/wp-json\/wp\/v2\/users\/4"}],"replies":[{"embeddable":true,"href":"https:\/\/inces.gob.ve\/index.php\/wp-json\/wp\/v2\/comments?post=64089"}],"version-history":[{"count":3,"href":"https:\/\/inces.gob.ve\/index.php\/wp-json\/wp\/v2\/posts\/64089\/revisions"}],"predecessor-version":[{"id":64093,"href":"https:\/\/inces.gob.ve\/index.php\/wp-json\/wp\/v2\/posts\/64089\/revisions\/64093"}],"wp:featuredmedia":[{"embeddable":true,"href":"https:\/\/inces.gob.ve\/index.php\/wp-json\/wp\/v2\/media\/64090"}],"wp:attachment":[{"href":"https:\/\/inces.gob.ve\/index.php\/wp-json\/wp\/v2\/media?parent=64089"}],"wp:term":[{"taxonomy":"category","embeddable":true,"href":"https:\/\/inces.gob.ve\/index.php\/wp-json\/wp\/v2\/categories?post=64089"},{"taxonomy":"post_tag","embeddable":true,"href":"https:\/\/inces.gob.ve\/index.php\/wp-json\/wp\/v2\/tags?post=64089"}],"curies":[{"name":"wp","href":"https:\/\/api.w.org\/{rel}","templated":true}]}}