{"id":64103,"date":"2025-05-27T11:21:49","date_gmt":"2025-05-27T15:21:49","guid":{"rendered":"https:\/\/inces.gob.ve\/?p=64103"},"modified":"2025-05-27T11:21:49","modified_gmt":"2025-05-27T15:21:49","slug":"aragua-culminada-la-fase-teorica-en-la-formacion-secretariado-administrativo-impulsando-el-talento-regional","status":"publish","type":"post","link":"https:\/\/inces.gob.ve\/index.php\/2025\/05\/27\/aragua-culminada-la-fase-teorica-en-la-formacion-secretariado-administrativo-impulsando-el-talento-regional\/","title":{"rendered":"ARAGUA | Culminada la fase te\u00f3rica en la Formaci\u00f3n\u00a0 Secretariado Administrativo: impulsando el talento regional"},"content":{"rendered":"<div dir=\"auto\" style=\"text-align: justify;\"><em><strong><span style=\"font-family: helvetica, arial, sans-serif; font-size: 18px;\">** Veintisiete participantes dieron un paso adelante en su formaci\u00f3n a trav\u00e9s del Programa Nacional de Aprendizaje del Inces<\/span><\/strong><\/em><\/div>\n<p><!--more--><\/p>\n<div dir=\"auto\"><\/div>\n<div dir=\"auto\" style=\"text-align: justify;\"><\/div>\n<div dir=\"auto\" style=\"text-align: justify;\"><strong><span style=\"font-family: helvetica, arial, sans-serif;\"><span style=\"font-size: 18px;\">ANA RODR\u00cdGUEZ<\/span><\/span><\/strong><\/div>\n<div dir=\"auto\"><\/div>\n<div dir=\"auto\" style=\"text-align: justify;\"><span style=\"font-family: helvetica, arial, sans-serif; font-size: 18px;\">El Centro de Formaci\u00f3n Socialista El Lim\u00f3n se llen\u00f3 de orgullo con la graduaci\u00f3n de 27 integrantes del Programa Nacional de Aprendizaje en Secretariado Administrativo del Inces Aragua. Fue un acto muy especial, no solo por lo que representa para quienes culminaron la fase te\u00f3rica, sino tambi\u00e9n por el apoyo de las empresas que cultivan el talento de la regi\u00f3n.<\/span><\/div>\n<div dir=\"auto\"><\/div>\n<div dir=\"auto\"><\/div>\n<div dir=\"auto\" style=\"text-align: justify;\"><\/div>\n<div dir=\"auto\" style=\"text-align: justify;\"><span style=\"font-family: helvetica, arial, sans-serif; font-size: 18px;\">El acto se llev\u00f3 a cabo en el auditorio del centro y cont\u00f3 con la participaci\u00f3n de los profesores que estuvieron con los Aprendices durante todo su proceso de formaci\u00f3n: Aymara Borges, Francys Sol\u00f3rzano, Hennis Hern\u00e1ndez, la asistente integral Carmen Luisa Morales y los licenciados David Finol y Carlos Vivas no solo ense\u00f1aron, tambi\u00e9n acompa\u00f1aron, motivaron y vieron crecer a cada uno de los participantes.<\/span><\/div>\n<div dir=\"auto\"><\/div>\n<div dir=\"auto\"><\/div>\n<div dir=\"auto\" style=\"text-align: justify;\"><\/div>\n<div dir=\"auto\" style=\"text-align: justify;\"><span style=\"font-family: helvetica, arial, sans-serif; font-size: 18px;\">Y como el trabajo en equipo da buenos resultados, varias empresas de la zona tambi\u00e9n dijeron presente. Algunas de ellas fueron Prevaler, representada por Ronald Lovera; Surtex, con Peter Salazar; y Tecmecanizada, con Maribel Rojas. Estas empresas no solo ofrecieron espacios de aprendizaje, sino que tambi\u00e9n demostraron con hechos su compromiso con el crecimiento de estos\u00a0 j\u00f3venes arag\u00fce\u00f1os.<\/span><\/div>\n<div dir=\"auto\"><\/div>\n<div dir=\"auto\"><\/div>\n<div dir=\"auto\" style=\"text-align: justify;\"><\/div>\n<div dir=\"auto\" style=\"text-align: justify;\"><span style=\"font-family: helvetica, arial, sans-serif; font-size: 18px;\">Durante el acto, el licenciado Carlos Vivas, jefe del centro, comparti\u00f3 unas palabras resaltando todo el esfuerzo que implic\u00f3 este camino y felicit\u00f3 a cada uno de los egresados por su constancia y ganas de salir adelante.<\/span><\/div>\n<div dir=\"auto\"><\/div>\n<div dir=\"auto\" style=\"text-align: justify;\"><\/div>\n<div dir=\"auto\"><\/div>\n<div dir=\"auto\" style=\"text-align: justify;\"><span style=\"font-family: helvetica, arial, sans-serif; font-size: 18px;\">Esta nueva cohorte llega justo en el momento en que muchas empresas necesitan personal preparado, din\u00e1mico y con buena actitud para aportar desde el \u00e1rea administrativa.<\/span><\/div>\n<div dir=\"auto\"><\/div>\n<div dir=\"auto\"><\/div>\n<div dir=\"auto\" style=\"text-align: justify;\"><\/div>\n<div dir=\"auto\" style=\"text-align: justify;\"><span style=\"font-family: helvetica, arial, sans-serif; font-size: 18px;\">Este logro no es solo un certificado, es una prueba m\u00e1s del impacto que tiene el trabajo del INCES cuando se conecta con las necesidades del pa\u00eds. Formaci\u00f3n con prop\u00f3sito, con sentido humano y con visi\u00f3n de futuro.<\/span><\/div>\n","protected":false},"excerpt":{"rendered":"<p>** Veintisiete participantes dieron un paso adelante en su formaci\u00f3n a trav\u00e9s del Programa Nacional de Aprendizaje del Inces<\/p>\n","protected":false},"author":4,"featured_media":64104,"comment_status":"closed","ping_status":"closed","sticky":false,"template":"","format":"standard","meta":{"footnotes":""},"categories":[2],"tags":[],"class_list":["post-64103","post","type-post","status-publish","format-standard","has-post-thumbnail","hentry","category-blog"],"_links":{"self":[{"href":"https:\/\/inces.gob.ve\/index.php\/wp-json\/wp\/v2\/posts\/64103","targetHints":{"allow":["GET"]}}],"collection":[{"href":"https:\/\/inces.gob.ve\/index.php\/wp-json\/wp\/v2\/posts"}],"about":[{"href":"https:\/\/inces.gob.ve\/index.php\/wp-json\/wp\/v2\/types\/post"}],"author":[{"embeddable":true,"href":"https:\/\/inces.gob.ve\/index.php\/wp-json\/wp\/v2\/users\/4"}],"replies":[{"embeddable":true,"href":"https:\/\/inces.gob.ve\/index.php\/wp-json\/wp\/v2\/comments?post=64103"}],"version-history":[{"count":1,"href":"https:\/\/inces.gob.ve\/index.php\/wp-json\/wp\/v2\/posts\/64103\/revisions"}],"predecessor-version":[{"id":64105,"href":"https:\/\/inces.gob.ve\/index.php\/wp-json\/wp\/v2\/posts\/64103\/revisions\/64105"}],"wp:featuredmedia":[{"embeddable":true,"href":"https:\/\/inces.gob.ve\/index.php\/wp-json\/wp\/v2\/media\/64104"}],"wp:attachment":[{"href":"https:\/\/inces.gob.ve\/index.php\/wp-json\/wp\/v2\/media?parent=64103"}],"wp:term":[{"taxonomy":"category","embeddable":true,"href":"https:\/\/inces.gob.ve\/index.php\/wp-json\/wp\/v2\/categories?post=64103"},{"taxonomy":"post_tag","embeddable":true,"href":"https:\/\/inces.gob.ve\/index.php\/wp-json\/wp\/v2\/tags?post=64103"}],"curies":[{"name":"wp","href":"https:\/\/api.w.org\/{rel}","templated":true}]}}