{"id":64123,"date":"2025-05-27T14:19:20","date_gmt":"2025-05-27T18:19:20","guid":{"rendered":"https:\/\/inces.gob.ve\/?p=64123"},"modified":"2025-05-27T14:19:20","modified_gmt":"2025-05-27T18:19:20","slug":"barinas-participantes-de-formacion-maquina-recta-realizaron-labor-social-en-el-hospital-dr-luis-razetti","status":"publish","type":"post","link":"https:\/\/inces.gob.ve\/index.php\/2025\/05\/27\/barinas-participantes-de-formacion-maquina-recta-realizaron-labor-social-en-el-hospital-dr-luis-razetti\/","title":{"rendered":"BARINAS | Participantes de formaci\u00f3n M\u00e1quina Recta realizaron labor social en el hospital Dr. Luis Razetti"},"content":{"rendered":"<p style=\"text-align: justify;\"><em><strong><span style=\"font-family: helvetica, arial, sans-serif; font-size: 18px;\">** Aprendizaje formativo al servicio del bienestar de familiares y pacientes recluidos en el principal centro hospitalario del estado llanero<\/span><\/strong><\/em><!--more--><\/p>\n<p style=\"text-align: justify;\">\n<p style=\"text-align: justify;\"><strong><span style=\"font-family: helvetica, arial, sans-serif; font-size: 18px;\">HIRASYANEL BAYONA<\/span><\/strong><\/p>\n<p style=\"text-align: justify;\"><span style=\"font-family: helvetica, arial, sans-serif; font-size: 18px;\">Un grupo de mujeres, participantes de la formaci\u00f3n M\u00e1quina recta de Inces Barinas, parte del perfil productivo Patronista de prendas de vestir, acompa\u00f1ados por la maestra t\u00e9cnica productiva Marbelis Mejias realizaron significativa jornada de labor social dirigida a pacientes recluidos en las \u00e1reas de pediatr\u00eda y 4to piso de hospitalizaci\u00f3n de adultos del hospital Dr. Luis Razetti ubicado en el municipio Barinas. La actividad consisti\u00f3 en la donaci\u00f3n de sabanas para adultos, pijamas de bebes de 0 a 6 meses de edad, shores, ropa interior infantil y pa\u00f1ales desechables y un rico desayuno.<\/span><\/p>\n<p style=\"text-align: justify;\">\n<p>&nbsp;<\/p>\n<p style=\"text-align: justify;\"><span style=\"font-family: helvetica, arial, sans-serif; font-size: 18px;\">Las sabanas donadas fueron confeccionadas con tela suministrada por el Inces, la ropa infantil fue confeccionada con recursos propios de las participantes y la formadora, mismos que ven\u00edan quedando de la confecci\u00f3n de prendas de vestir durante su proceso formativo, y a las que quisieron darles un uso lleno de amor y empat\u00eda por el pr\u00f3jimo, demostrando su compromiso y esp\u00edritu solidario.<\/span><\/p>\n<p style=\"text-align: justify;\">\n<p>&nbsp;<\/p>\n<p style=\"text-align: justify;\"><span style=\"font-family: helvetica, arial, sans-serif; font-size: 18px;\">Esta iniciativa resalta la importancia de la formaci\u00f3n t\u00e9cnica no s\u00f3lo como una v\u00eda para el desarrollo personal y profesional, sino tambi\u00e9n como una poderosa herramienta para contribuir al bienestar de la comunidad, ya que las habilidades adquiridas en el manejo de la m\u00e1quina recta permitieron realizar a las participantes los productos donados como las sabanas y la diversidad de ropa infantil.<\/span><\/p>\n<p style=\"text-align: justify;\">\n<p>&nbsp;<\/p>\n<p style=\"text-align: justify;\"><span style=\"font-family: helvetica, arial, sans-serif; font-size: 18px;\">Esta jornada es una muestra del impacto positivo que la formaci\u00f3n del Inces tiene en nuestra sociedad, coment\u00f3 la maestra Marbelis Mejias, quien resalto que fue muy gratificante ver como las habilidades aprendidas se tradujeron en ayuda tangible para quienes m\u00e1s lo necesitan.<\/span><\/p>\n<p style=\"text-align: justify;\">\n<p>&nbsp;<\/p>\n<p style=\"text-align: justify;\"><span style=\"font-family: helvetica, arial, sans-serif; font-size: 18px;\">La entrega de las donaciones fue recibida con gratitud por los pacientes y personal del hospital, quienes destacaron la importancia de este gesto para mejorar la calidad de atenci\u00f3n de los pacientes, especialmente los m\u00e1s peque\u00f1os.<\/span><\/p>\n<p style=\"text-align: justify;\">\n<p>&nbsp;<\/p>\n<p style=\"text-align: justify;\"><span style=\"font-family: helvetica, arial, sans-serif; font-size: 18px;\">Esta acci\u00f3n solidaria subraya el compromiso del Inces y sus participantes con la comunidad barinesa, demostrando que la formaci\u00f3n profesional va de la mano con la responsabilidad social y la construcci\u00f3n de un futuro m\u00e1s humano.<\/span><\/p>\n","protected":false},"excerpt":{"rendered":"<p>** Aprendizaje formativo al servicio del bienestar de familiares y pacientes recluidos en el principal centro hospitalario del estado llanero<\/p>\n","protected":false},"author":4,"featured_media":64124,"comment_status":"closed","ping_status":"closed","sticky":false,"template":"","format":"standard","meta":{"footnotes":""},"categories":[2],"tags":[],"class_list":["post-64123","post","type-post","status-publish","format-standard","has-post-thumbnail","hentry","category-blog"],"_links":{"self":[{"href":"https:\/\/inces.gob.ve\/index.php\/wp-json\/wp\/v2\/posts\/64123","targetHints":{"allow":["GET"]}}],"collection":[{"href":"https:\/\/inces.gob.ve\/index.php\/wp-json\/wp\/v2\/posts"}],"about":[{"href":"https:\/\/inces.gob.ve\/index.php\/wp-json\/wp\/v2\/types\/post"}],"author":[{"embeddable":true,"href":"https:\/\/inces.gob.ve\/index.php\/wp-json\/wp\/v2\/users\/4"}],"replies":[{"embeddable":true,"href":"https:\/\/inces.gob.ve\/index.php\/wp-json\/wp\/v2\/comments?post=64123"}],"version-history":[{"count":1,"href":"https:\/\/inces.gob.ve\/index.php\/wp-json\/wp\/v2\/posts\/64123\/revisions"}],"predecessor-version":[{"id":64125,"href":"https:\/\/inces.gob.ve\/index.php\/wp-json\/wp\/v2\/posts\/64123\/revisions\/64125"}],"wp:featuredmedia":[{"embeddable":true,"href":"https:\/\/inces.gob.ve\/index.php\/wp-json\/wp\/v2\/media\/64124"}],"wp:attachment":[{"href":"https:\/\/inces.gob.ve\/index.php\/wp-json\/wp\/v2\/media?parent=64123"}],"wp:term":[{"taxonomy":"category","embeddable":true,"href":"https:\/\/inces.gob.ve\/index.php\/wp-json\/wp\/v2\/categories?post=64123"},{"taxonomy":"post_tag","embeddable":true,"href":"https:\/\/inces.gob.ve\/index.php\/wp-json\/wp\/v2\/tags?post=64123"}],"curies":[{"name":"wp","href":"https:\/\/api.w.org\/{rel}","templated":true}]}}