{"id":64131,"date":"2025-05-28T10:34:45","date_gmt":"2025-05-28T14:34:45","guid":{"rendered":"https:\/\/inces.gob.ve\/?p=64131"},"modified":"2025-05-28T10:34:45","modified_gmt":"2025-05-28T14:34:45","slug":"falcon-inces-celebro-exitoso-taller-de-formulacion-y-elaboracion-de-proyectos","status":"publish","type":"post","link":"https:\/\/inces.gob.ve\/index.php\/2025\/05\/28\/falcon-inces-celebro-exitoso-taller-de-formulacion-y-elaboracion-de-proyectos\/","title":{"rendered":"FALC\u00d3N | Inces celebr\u00f3 exitoso taller de formulaci\u00f3n y elaboraci\u00f3n de proyectos\u00a0"},"content":{"rendered":"<p style=\"text-align: justify;\" align=\"justify\"><em><strong><span style=\"font-family: helvetica, arial, sans-serif; font-size: 18px;\">** Son acciones formativas que se realizan a trav\u00e9s de la Escuela de Emprendimiento, donde se brinda a los participantes las herramientas necesarias para que desarrollen peque\u00f1as y medianas empresas<\/span><\/strong><\/em><!--more--><\/p>\n<p align=\"justify\">\n<p style=\"text-align: justify;\" align=\"justify\">\n<p style=\"text-align: justify;\" align=\"justify\"><span style=\"font-family: helvetica, arial, sans-serif; font-size: 18px;\"><b>MIRIAM GONZ\u00c1LEZ VILLARROEL.-<\/b><\/span><\/p>\n<p style=\"text-align: justify;\" align=\"justify\"><span style=\"font-family: helvetica, arial, sans-serif; font-size: 18px;\">En el centro de formaci\u00f3n socialista Jos\u00e9 Leonardo Chirino se llev\u00f3 a cabo un exitoso taller sobre Formulaci\u00f3n y Elaboraci\u00f3n de Proyectos, dirigido por el maestro t\u00e9cnico voluntario (MTV) Yhonmar Andara, de la Universidad Nacional Experimental Francisco de Miranda (Unefm), actividad qu\u00e9, forma parte de la programaci\u00f3n de la Escuela de Emprendimiento del Instituto Nacional de Capacitaci\u00f3n y Educaci\u00f3n Socialista (Inces) que coordina Olga Noguera en la ciudad de Santa Ana de Coro.<\/span><\/p>\n<p align=\"justify\">\n<p style=\"text-align: justify;\" align=\"justify\">\n<p style=\"text-align: justify;\" align=\"justify\"><span style=\"font-family: helvetica, arial, sans-serif; font-size: 18px;\">M\u00e1s de 80 participantes, incluyendo trabajadores del Inces, maestros t\u00e9cnicos productivos (MTP) y miembros de las comunidades, asistieron a este enriquecedor encuentro. Durante el taller, Yhonmar Andara abord\u00f3 temas esenciales como el emprendimiento, la elaboraci\u00f3n de un plan de negocios, identificaci\u00f3n de potencialidades, la formalizaci\u00f3n de proyectos y la matriz FODA, entre otros.<\/span><\/p>\n<p align=\"justify\">\n<p style=\"text-align: justify;\" align=\"justify\"><img loading=\"lazy\" decoding=\"async\" class=\"aligncenter wp-image-64133 size-full\" src=\"https:\/\/inces.gob.ve\/wp-content\/uploads\/2025\/05\/PROYECTO-.jpg\" alt=\"\" width=\"800\" height=\"600\" srcset=\"https:\/\/inces.gob.ve\/wp-content\/uploads\/2025\/05\/PROYECTO-.jpg 800w, https:\/\/inces.gob.ve\/wp-content\/uploads\/2025\/05\/PROYECTO--300x225.jpg 300w, https:\/\/inces.gob.ve\/wp-content\/uploads\/2025\/05\/PROYECTO--768x576.jpg 768w, https:\/\/inces.gob.ve\/wp-content\/uploads\/2025\/05\/PROYECTO--136x102.jpg 136w\" sizes=\"auto, (max-width: 800px) 100vw, 800px\" \/><\/p>\n<p align=\"justify\">\n<p style=\"text-align: justify;\" align=\"justify\"><span style=\"font-family: helvetica, arial, sans-serif; font-size: 18px;\">Adem\u00e1s, Andara ofreci\u00f3 herramientas pr\u00e1cticas para realizar un diagn\u00f3stico efectivo en la ejecuci\u00f3n de\u00a0proyectos socio-productivos, as\u00ed como estrategias para formular objetivos claros y comprender la ley de oferta y demanda.<\/span><\/p>\n<p style=\"text-align: justify;\" align=\"justify\">\n<p align=\"justify\">\n<p style=\"text-align: justify;\" align=\"justify\"><span style=\"font-family: helvetica, arial, sans-serif; font-size: 18px;\">La actividad formativa propici\u00f3 el intercambio de ideas entre los asistentes, enriqueciendo su experiencia formativa, con la elaboraci\u00f3n de un proyecto.<\/span><\/p>\n<p align=\"justify\">\n<p style=\"text-align: justify;\" align=\"justify\">\n<p style=\"text-align: justify;\" align=\"justify\"><span style=\"font-family: helvetica, arial, sans-serif; font-size: 18px;\">Estos talleres que ofrece el Inces a trav\u00e9s de la Escuela de Emprendimiento, es un compromiso con el desarrollo de la formaci\u00f3n t\u00e9cnica profesional, para capacitar integralmente a los participantes, contribuyendo a promover el emprendimiento en pro del crecimiento econ\u00f3mico y social de las comunidades.<\/span><\/p>\n<p style=\"text-align: justify;\" align=\"justify\">\n","protected":false},"excerpt":{"rendered":"<p>** Son acciones formativas que se realizan a trav\u00e9s de la Escuela de Emprendimiento, donde se brinda a los participantes las herramientas necesarias para que desarrollen peque\u00f1as y medianas empresas<\/p>\n","protected":false},"author":4,"featured_media":64132,"comment_status":"closed","ping_status":"closed","sticky":false,"template":"","format":"standard","meta":{"footnotes":""},"categories":[2],"tags":[],"class_list":["post-64131","post","type-post","status-publish","format-standard","has-post-thumbnail","hentry","category-blog"],"_links":{"self":[{"href":"https:\/\/inces.gob.ve\/index.php\/wp-json\/wp\/v2\/posts\/64131","targetHints":{"allow":["GET"]}}],"collection":[{"href":"https:\/\/inces.gob.ve\/index.php\/wp-json\/wp\/v2\/posts"}],"about":[{"href":"https:\/\/inces.gob.ve\/index.php\/wp-json\/wp\/v2\/types\/post"}],"author":[{"embeddable":true,"href":"https:\/\/inces.gob.ve\/index.php\/wp-json\/wp\/v2\/users\/4"}],"replies":[{"embeddable":true,"href":"https:\/\/inces.gob.ve\/index.php\/wp-json\/wp\/v2\/comments?post=64131"}],"version-history":[{"count":1,"href":"https:\/\/inces.gob.ve\/index.php\/wp-json\/wp\/v2\/posts\/64131\/revisions"}],"predecessor-version":[{"id":64134,"href":"https:\/\/inces.gob.ve\/index.php\/wp-json\/wp\/v2\/posts\/64131\/revisions\/64134"}],"wp:featuredmedia":[{"embeddable":true,"href":"https:\/\/inces.gob.ve\/index.php\/wp-json\/wp\/v2\/media\/64132"}],"wp:attachment":[{"href":"https:\/\/inces.gob.ve\/index.php\/wp-json\/wp\/v2\/media?parent=64131"}],"wp:term":[{"taxonomy":"category","embeddable":true,"href":"https:\/\/inces.gob.ve\/index.php\/wp-json\/wp\/v2\/categories?post=64131"},{"taxonomy":"post_tag","embeddable":true,"href":"https:\/\/inces.gob.ve\/index.php\/wp-json\/wp\/v2\/tags?post=64131"}],"curies":[{"name":"wp","href":"https:\/\/api.w.org\/{rel}","templated":true}]}}