{"id":64145,"date":"2025-05-29T13:30:41","date_gmt":"2025-05-29T17:30:41","guid":{"rendered":"https:\/\/inces.gob.ve\/?p=64145"},"modified":"2025-05-29T13:30:41","modified_gmt":"2025-05-29T17:30:41","slug":"falcon-en-inces-rindieron-honores-al-himno-nacional","status":"publish","type":"post","link":"https:\/\/inces.gob.ve\/index.php\/2025\/05\/29\/falcon-en-inces-rindieron-honores-al-himno-nacional\/","title":{"rendered":"FALC\u00d3N | En Inces rindieron honores al Himno Nacional"},"content":{"rendered":"<p style=\"text-align: justify;\" align=\"center\"><em><strong><span style=\"font-size: 18px;\"><span style=\"font-family: helvetica, arial, sans-serif;\">** Se trat\u00f3 de una actividad c\u00edvica protagonizada por los participantes con la finalidad de promover el conocimiento sobre celebraciones y eventos hist\u00f3ricos que son importantes para la identidad nacional<\/span><\/span><\/strong><\/em><!--more--><\/p>\n<p align=\"center\">\n<p align=\"center\">\n<p style=\"text-align: justify;\" align=\"justify\"><span style=\"font-size: 18px;\"><span style=\"font-family: helvetica, arial, sans-serif;\"><b>MIRIAM GONZ\u00c1LEZ VILLARROEL<\/b><\/span><\/span><\/p>\n<p style=\"text-align: justify;\" align=\"justify\"><span style=\"font-size: 18px;\"><span style=\"font-family: helvetica, arial, sans-serif;\">En el centro de formaci\u00f3n socialista (CFS) \u00abJos\u00e9 Leonardo Chirino\u00bb del Instituto Nacional de Capacitaci\u00f3n y Educaci\u00f3n Socialista (Inces) en la ciudad de Coro, se dio inicio a la semana, rindiendo honores al Himno Nacional \u00abGloria al Bravo Pueblo\u00bb. El mismo, fue compuesto por Vicente Salias en 1810 y se declara oficialmente como Himno Nacional de Venezuela por el presidente Antonio Guzm\u00e1n Blanco, el 25 de mayo de 1881.<\/span><\/span><\/p>\n<p align=\"justify\">\n<p align=\"justify\">\n<p style=\"text-align: justify;\" align=\"justify\"><span style=\"font-size: 18px;\"><span style=\"font-family: helvetica, arial, sans-serif;\">Luego de la bienvenida a cargo de la jefe del centro, Jenifer Soto; la participante, \u00c1ngela Mu\u00f1oz, durante su disertaci\u00f3n, resalt\u00f3 qu\u00e9, el 25 de mayo, se conmemoraron 142 a\u00f1os de la primera interpretaci\u00f3n p\u00fablica del himno en el a\u00f1o 1883, \u201ces una ocasi\u00f3n para reflexionar sobre los valores de libertad y justicia que representa para nosotros los venezolanos\u201d.<\/span><\/span><\/p>\n<p align=\"justify\">\n<p align=\"justify\">\n<p style=\"text-align: justify;\" align=\"center\"><span style=\"font-size: 18px;\"><span style=\"font-family: helvetica, arial, sans-serif;\"><b>Otras fechas patrias<\/b><\/span><\/span><\/p>\n<p style=\"text-align: justify;\" align=\"justify\"><span style=\"font-size: 18px;\"><span style=\"font-family: helvetica, arial, sans-serif;\">Por su parte Bertha Medina, rememor\u00f3 otra fecha importante como la del 26 de mayo de 1802, cuando el Libertador Sim\u00f3n Bol\u00edvar contrajo matrimonio en la ciudad de Madrid con Mar\u00eda Teresa Rodr\u00edguez del Toro, uni\u00f3n que dur\u00f3 tan solo ocho meses debido a una grave enfermedad que le cost\u00f3 la vida.<\/span><\/span><\/p>\n<p align=\"justify\">\n<p align=\"justify\">\n<p style=\"text-align: justify;\" align=\"justify\"><span style=\"font-size: 18px;\"><span style=\"font-family: helvetica, arial, sans-serif;\">De igual forma, durante la jornada c\u00edvica, la participante Kimberly Andrade, habl\u00f3 sobre la primera batalla de Carabobo, que tuvo lugar el 28 de mayo de 1814, en la cual el Libertador Sim\u00f3n Bol\u00edvar lider\u00f3 al ej\u00e9rcito patriota, que se dividi\u00f3 en cinco divisiones de infanter\u00eda y una divisi\u00f3n de caballer\u00eda. Fue una batalla que dur\u00f3 once horas y finaliz\u00f3 con una victoria crucial para el ej\u00e9rcito republicano sobre las fuerzas espa\u00f1olas comandadas por el general Miguel de La Torre y Pando.<\/span><\/span><\/p>\n<p align=\"justify\">\n<p align=\"justify\">\n<p style=\"text-align: justify;\" align=\"justify\"><span style=\"font-size: 18px;\"><span style=\"font-family: helvetica, arial, sans-serif;\">Finalmente, Aleximar Luzardo, cerr\u00f3 la actividad c\u00edvica, haciendo alusi\u00f3n al natalicio de Juan Germ\u00e1n Roscio Nieves, importante ide\u00f3logo de la Independencia de Venezuela, que naci\u00f3 el 27 de mayo de 1763. Roscio, fue pionero en la lucha contra la discriminaci\u00f3n \u00e9tnica y ocup\u00f3 altos cargos en la Rep\u00fablica, siendo un estrecho colaborador de Bol\u00edvar hasta su muerte.<\/span><\/span><\/p>\n<p align=\"justify\">\n<p align=\"justify\">\n<p style=\"text-align: justify;\" align=\"justify\"><span style=\"font-size: 18px;\"><span style=\"font-family: helvetica, arial, sans-serif;\">La celebraci\u00f3n c\u00edvica, reuni\u00f3 a los aprendices del Programa Nacional de Aprendizaje, estudiantes del liceo Inces Falc\u00f3n, trabajadores y maestros t\u00e9cnicos, quienes juntos recordaron la importancia de fechas hist\u00f3ricas.<\/span><\/span><\/p>\n","protected":false},"excerpt":{"rendered":"<p>** Se trat\u00f3 de una actividad c\u00edvica protagonizada por los participantes con la finalidad de promover el conocimiento sobre celebraciones y eventos hist\u00f3ricos que son importantes para la identidad nacional<\/p>\n","protected":false},"author":4,"featured_media":64148,"comment_status":"closed","ping_status":"closed","sticky":false,"template":"","format":"standard","meta":{"footnotes":""},"categories":[2],"tags":[],"class_list":["post-64145","post","type-post","status-publish","format-standard","has-post-thumbnail","hentry","category-blog"],"_links":{"self":[{"href":"https:\/\/inces.gob.ve\/index.php\/wp-json\/wp\/v2\/posts\/64145","targetHints":{"allow":["GET"]}}],"collection":[{"href":"https:\/\/inces.gob.ve\/index.php\/wp-json\/wp\/v2\/posts"}],"about":[{"href":"https:\/\/inces.gob.ve\/index.php\/wp-json\/wp\/v2\/types\/post"}],"author":[{"embeddable":true,"href":"https:\/\/inces.gob.ve\/index.php\/wp-json\/wp\/v2\/users\/4"}],"replies":[{"embeddable":true,"href":"https:\/\/inces.gob.ve\/index.php\/wp-json\/wp\/v2\/comments?post=64145"}],"version-history":[{"count":2,"href":"https:\/\/inces.gob.ve\/index.php\/wp-json\/wp\/v2\/posts\/64145\/revisions"}],"predecessor-version":[{"id":64149,"href":"https:\/\/inces.gob.ve\/index.php\/wp-json\/wp\/v2\/posts\/64145\/revisions\/64149"}],"wp:featuredmedia":[{"embeddable":true,"href":"https:\/\/inces.gob.ve\/index.php\/wp-json\/wp\/v2\/media\/64148"}],"wp:attachment":[{"href":"https:\/\/inces.gob.ve\/index.php\/wp-json\/wp\/v2\/media?parent=64145"}],"wp:term":[{"taxonomy":"category","embeddable":true,"href":"https:\/\/inces.gob.ve\/index.php\/wp-json\/wp\/v2\/categories?post=64145"},{"taxonomy":"post_tag","embeddable":true,"href":"https:\/\/inces.gob.ve\/index.php\/wp-json\/wp\/v2\/tags?post=64145"}],"curies":[{"name":"wp","href":"https:\/\/api.w.org\/{rel}","templated":true}]}}