{"id":64150,"date":"2025-05-29T13:33:09","date_gmt":"2025-05-29T17:33:09","guid":{"rendered":"https:\/\/inces.gob.ve\/?p=64150"},"modified":"2025-05-29T13:33:09","modified_gmt":"2025-05-29T17:33:09","slug":"yaracuy-aprendices-mostraron-de-forma-explicita-lo-aprendido-en-primera-etapa-de-formacion","status":"publish","type":"post","link":"https:\/\/inces.gob.ve\/index.php\/2025\/05\/29\/yaracuy-aprendices-mostraron-de-forma-explicita-lo-aprendido-en-primera-etapa-de-formacion\/","title":{"rendered":"YARACUY | Aprendices mostraron de forma expl\u00edcita lo aprendido en primera etapa de formaci\u00f3n"},"content":{"rendered":"<p style=\"font-weight: 400; text-align: justify;\"><span style=\"font-family: helvetica, arial, sans-serif; font-size: 18px;\"><em>***Las j\u00f3venes explicaron con claridad cada una de las unidades curriculares que contiene el paquete formativo<\/em><\/span><!--more--><\/p>\n<p>&nbsp;<\/p>\n<p style=\"font-weight: 400; text-align: justify;\"><span style=\"font-family: helvetica, arial, sans-serif; font-size: 18px;\"><b>YOLAICE VARGAS<\/b><\/span><\/p>\n<p style=\"font-weight: 400; text-align: justify;\"><span style=\"font-family: helvetica, arial, sans-serif; font-size: 18px;\">De una manera emotiva y muy profesional las aprendices de la ocupaci\u00f3n cualificada Secretario Administrativo I, de la nueva malla curricular, impartida por el Instituto Nacional de Capacitaci\u00f3n y Educaci\u00f3n Socialista (Inces), regi\u00f3n Yaracuy, realizaron el cierre de la primera etapa del ciclo formativo.<\/span><\/p>\n<p>&nbsp;<\/p>\n<p>&nbsp;<\/p>\n<p style=\"font-weight: 400; text-align: justify;\"><span style=\"font-family: helvetica, arial, sans-serif; font-size: 18px;\">Las jovencitas de forma pr\u00e1ctica y expl\u00edcita pasearon a los presentes por todo el camino recorrido durante el primer a\u00f1o de capacitaci\u00f3n en d\u00f3nde aprendieron y reforzaron conocimientos de la mano de extraordinarios profesionales altamente capacitados, para ense\u00f1ar con las herramientas pedag\u00f3gicas necesarias e indispensables a fin de alcanzar el m\u00e1ximo nivel de aprendizaje.<\/span><\/p>\n<p>&nbsp;<\/p>\n<p>&nbsp;<\/p>\n<p style=\"font-weight: 400; text-align: justify;\"><span style=\"font-family: helvetica, arial, sans-serif; font-size: 18px;\">Durante la presentaci\u00f3n de cada una de las aprendices, demostraron que cada unidad curricular les ha permitido superar cada reto, y avanzar de forma arrolladora en cuanto a conocimiento, expresi\u00f3n corporal, gestualidad, valores entre otros aspectos.<\/span><\/p>\n<p>&nbsp;<\/p>\n<p>&nbsp;<\/p>\n<p style=\"font-weight: 400; text-align: justify;\"><span style=\"font-family: helvetica, arial, sans-serif; font-size: 18px;\">Luego de explicar de forma clara y precisa todo lo aprendido, presentaron una dramatizaci\u00f3n dejando entrever que est\u00e1n altamente capacitadas para iniciar el segundo ciclo formativo dentro de las entidades de trabajo, en d\u00f3nde se enfrentar\u00e1n al trabajo para el cual fueron preparadas.<\/span><\/p>\n<p>&nbsp;<\/p>\n<p>&nbsp;<\/p>\n<p style=\"font-weight: 400; text-align: justify;\"><span style=\"font-family: helvetica, arial, sans-serif; font-size: 18px;\">Las j\u00f3venes aprendices a partir de ahora se enfrentan a nuevos retos los cuales ser\u00e1n afrontados con profesionalismo, en esta prosecuci\u00f3n de la ocupaci\u00f3n cualificada Secretario Administrativo, impartida por el Inces, bajo la coordinaci\u00f3n del programa nacional de aprendizaje (PNA).<\/span><\/p>\n<p>&nbsp;<\/p>\n<p>&nbsp;<\/p>\n<p style=\"font-weight: 400; text-align: justify;\"><span style=\"font-family: helvetica, arial, sans-serif; font-size: 18px;\">Cabe destacar que la representante de la empresa Multinacional de Veh\u00edculos, Yarenis Pacheco, se mostr\u00f3 complacida de aportar y contribuir con la formaci\u00f3n de estas j\u00f3venes aprendices, destac\u00f3 que la capacitaci\u00f3n del Inces es extraordinaria por lo que est\u00e1 segura que la aprendices realizar\u00e1n un trabajo de calidad en cada una de las entidades de trabajo en d\u00f3nde les corresponda desenvolverse.<\/span><\/p>\n","protected":false},"excerpt":{"rendered":"<p>***Las j\u00f3venes explicaron con claridad cada una de las unidades curriculares que contiene el paquete formativo<\/p>\n","protected":false},"author":4,"featured_media":64151,"comment_status":"closed","ping_status":"closed","sticky":false,"template":"","format":"standard","meta":{"footnotes":""},"categories":[2],"tags":[],"class_list":["post-64150","post","type-post","status-publish","format-standard","has-post-thumbnail","hentry","category-blog"],"_links":{"self":[{"href":"https:\/\/inces.gob.ve\/index.php\/wp-json\/wp\/v2\/posts\/64150","targetHints":{"allow":["GET"]}}],"collection":[{"href":"https:\/\/inces.gob.ve\/index.php\/wp-json\/wp\/v2\/posts"}],"about":[{"href":"https:\/\/inces.gob.ve\/index.php\/wp-json\/wp\/v2\/types\/post"}],"author":[{"embeddable":true,"href":"https:\/\/inces.gob.ve\/index.php\/wp-json\/wp\/v2\/users\/4"}],"replies":[{"embeddable":true,"href":"https:\/\/inces.gob.ve\/index.php\/wp-json\/wp\/v2\/comments?post=64150"}],"version-history":[{"count":1,"href":"https:\/\/inces.gob.ve\/index.php\/wp-json\/wp\/v2\/posts\/64150\/revisions"}],"predecessor-version":[{"id":64152,"href":"https:\/\/inces.gob.ve\/index.php\/wp-json\/wp\/v2\/posts\/64150\/revisions\/64152"}],"wp:featuredmedia":[{"embeddable":true,"href":"https:\/\/inces.gob.ve\/index.php\/wp-json\/wp\/v2\/media\/64151"}],"wp:attachment":[{"href":"https:\/\/inces.gob.ve\/index.php\/wp-json\/wp\/v2\/media?parent=64150"}],"wp:term":[{"taxonomy":"category","embeddable":true,"href":"https:\/\/inces.gob.ve\/index.php\/wp-json\/wp\/v2\/categories?post=64150"},{"taxonomy":"post_tag","embeddable":true,"href":"https:\/\/inces.gob.ve\/index.php\/wp-json\/wp\/v2\/tags?post=64150"}],"curies":[{"name":"wp","href":"https:\/\/api.w.org\/{rel}","templated":true}]}}