{"id":64171,"date":"2025-05-29T12:00:36","date_gmt":"2025-05-29T16:00:36","guid":{"rendered":"https:\/\/inces.gob.ve\/?p=64171"},"modified":"2025-06-03T12:03:24","modified_gmt":"2025-06-03T16:03:24","slug":"yaracuy-estudiantes-del-ce-juan-jose-de-maya-iniciaron-capacitacion-en-area-textil","status":"publish","type":"post","link":"https:\/\/inces.gob.ve\/index.php\/2025\/05\/29\/yaracuy-estudiantes-del-ce-juan-jose-de-maya-iniciaron-capacitacion-en-area-textil\/","title":{"rendered":"YARACUY | Estudiantes del CE Juan Jos\u00e9 de Maya iniciaron capacitaci\u00f3n en \u00e1rea textil"},"content":{"rendered":"<p style=\"font-weight: 400; text-align: justify;\"><strong><span style=\"font-family: helvetica, arial, sans-serif; font-size: 18px;\"><em>***Al finalizar la capacitaci\u00f3n tendr\u00e1n la oportunidad de exponer y promocionar los productos finales en expo venta<\/em><\/span><\/strong><!--more--><\/p>\n<p style=\"text-align: justify;\">\n<p style=\"text-align: justify;\"><strong><span style=\"font-family: helvetica, arial, sans-serif; font-size: 18px;\">YOLAICE VARGAS<\/span><\/strong><\/p>\n<p style=\"text-align: justify;\"><span style=\"font-family: helvetica, arial, sans-serif; font-size: 18px;\"> Con el firme prop\u00f3sito de apoyar el talento de la juventud Yaracuyana, el Instituto Nacional de Capacitaci\u00f3n y Educaci\u00f3n Socialista (Inces), regi\u00f3n Yaracuy y el Instituto Aut\u00f3nomo de Desarrollo Econ\u00f3mico del estado Yaracuy (Iadey), articulan esfuerzos para capacitar y financiar proyectos.<\/span><\/p>\n<p>&nbsp;<\/p>\n<p>&nbsp;<\/p>\n<p style=\"font-weight: 400; text-align: justify;\"><span style=\"font-family: helvetica, arial, sans-serif; font-size: 18px;\">Los estudiantes cursantes del primero a quinto a\u00f1o del CE Juan Jos\u00e9 de Maya, del municipio San Felipe, iniciaron capacitaci\u00f3n en el \u00e1rea textil bajo la tutor\u00eda de la maestra t\u00e9cnica productiva Katherine Ladino.<\/span><\/p>\n<p>&nbsp;<\/p>\n<p>&nbsp;<\/p>\n<p style=\"font-weight: 400; text-align: justify;\"><span style=\"font-family: helvetica, arial, sans-serif; font-size: 18px;\">La intenci\u00f3n principal es que los estudiantes aprendan un oficio productivo que les permita desarrollar proyectos que puedan ser financiados a trav\u00e9s del Iadey.<\/span><\/p>\n<p>&nbsp;<\/p>\n<p>&nbsp;<\/p>\n<p style=\"font-weight: 400; text-align: justify;\"><span style=\"font-family: helvetica, arial, sans-serif; font-size: 18px;\">Cabe destacar que al finalizar la capacitaci\u00f3n los participantes en total 26, podr\u00e1n mostrar en una expo venta, los productos finales realizados (prendas de vestir) y as\u00ed promocionar y proyectar sus creaciones.<\/span><\/p>\n<p>&nbsp;<\/p>\n<p>&nbsp;<\/p>\n<p style=\"font-weight: 400; text-align: justify;\"><span style=\"font-family: helvetica, arial, sans-serif; font-size: 18px;\">El inicio de la formaci\u00f3n estuvo acompa\u00f1ado por el gerente del Inces regi\u00f3n Yaracuy, Dalvi Torrealba y la directora del Iadey Mar\u00eda Guevara, as\u00ed como docentes del CE Juan Jos\u00e9 de Maya.<\/span><\/p>\n<p>&nbsp;<\/p>\n<p style=\"font-weight: 400; text-align: justify;\"><span style=\"font-family: helvetica, arial, sans-serif; font-size: 18px;\">Es importante mencionar que esta formaci\u00f3n es el inicio de los trabajos en conjunto entre el Inces y el Iadey, ambas instituciones buscan fortalecer tanto conocimientos como el empoderamiento del pueblo yaracuyano, especialmente de la juventud, tomando en cuenta que el mantener a los j\u00f3venes ocupados en actividades varias les motiva y los aparta del ocio.<\/span><\/p>\n","protected":false},"excerpt":{"rendered":"<p>***Al finalizar la capacitaci\u00f3n tendr\u00e1n la oportunidad de exponer y promocionar los productos finales en expo venta<\/p>\n","protected":false},"author":4,"featured_media":64172,"comment_status":"closed","ping_status":"closed","sticky":false,"template":"","format":"standard","meta":{"footnotes":""},"categories":[2],"tags":[],"class_list":["post-64171","post","type-post","status-publish","format-standard","has-post-thumbnail","hentry","category-blog"],"_links":{"self":[{"href":"https:\/\/inces.gob.ve\/index.php\/wp-json\/wp\/v2\/posts\/64171","targetHints":{"allow":["GET"]}}],"collection":[{"href":"https:\/\/inces.gob.ve\/index.php\/wp-json\/wp\/v2\/posts"}],"about":[{"href":"https:\/\/inces.gob.ve\/index.php\/wp-json\/wp\/v2\/types\/post"}],"author":[{"embeddable":true,"href":"https:\/\/inces.gob.ve\/index.php\/wp-json\/wp\/v2\/users\/4"}],"replies":[{"embeddable":true,"href":"https:\/\/inces.gob.ve\/index.php\/wp-json\/wp\/v2\/comments?post=64171"}],"version-history":[{"count":1,"href":"https:\/\/inces.gob.ve\/index.php\/wp-json\/wp\/v2\/posts\/64171\/revisions"}],"predecessor-version":[{"id":64173,"href":"https:\/\/inces.gob.ve\/index.php\/wp-json\/wp\/v2\/posts\/64171\/revisions\/64173"}],"wp:featuredmedia":[{"embeddable":true,"href":"https:\/\/inces.gob.ve\/index.php\/wp-json\/wp\/v2\/media\/64172"}],"wp:attachment":[{"href":"https:\/\/inces.gob.ve\/index.php\/wp-json\/wp\/v2\/media?parent=64171"}],"wp:term":[{"taxonomy":"category","embeddable":true,"href":"https:\/\/inces.gob.ve\/index.php\/wp-json\/wp\/v2\/categories?post=64171"},{"taxonomy":"post_tag","embeddable":true,"href":"https:\/\/inces.gob.ve\/index.php\/wp-json\/wp\/v2\/tags?post=64171"}],"curies":[{"name":"wp","href":"https:\/\/api.w.org\/{rel}","templated":true}]}}