{"id":64185,"date":"2025-05-30T12:22:42","date_gmt":"2025-05-30T16:22:42","guid":{"rendered":"https:\/\/inces.gob.ve\/?p=64185"},"modified":"2025-06-03T12:27:54","modified_gmt":"2025-06-03T16:27:54","slug":"valencia-inces-entrego-720-certificados-a-trabajadores-carabobenos","status":"publish","type":"post","link":"https:\/\/inces.gob.ve\/index.php\/2025\/05\/30\/valencia-inces-entrego-720-certificados-a-trabajadores-carabobenos\/","title":{"rendered":"VALENCIA | Inces entreg\u00f3 720 certificados a trabajadores carabobe\u00f1os"},"content":{"rendered":"<p style=\"text-align: justify;\"><em><strong><span style=\"font-family: helvetica, arial, sans-serif; font-size: 18px;\">** De 4 entidades de trabajo<\/span><\/strong><\/em><!--more--><\/p>\n<p style=\"text-align: justify;\">\n<p style=\"text-align: justify;\"><strong><span style=\"font-family: helvetica, arial, sans-serif; font-size: 18px;\">ATILIA CORTEZ<\/span><\/strong><\/p>\n<p style=\"text-align: justify;\">\n<p style=\"text-align: justify;\"><span style=\"font-family: helvetica, arial, sans-serif; font-size: 18px;\">Desde la sede de la C\u00e1mara de Industriales del Estado De ( CIEC), el Inces entreg\u00f3 720 certificados a trabajadores de las Entidades de Trabajo: Metalcar, Oxicar, Prevaler y Temi.<\/span><\/p>\n<p>&nbsp;<\/p>\n<p style=\"text-align: justify;\"><span style=\"font-family: helvetica, arial, sans-serif; font-size: 18px;\">Se pudo conocer que las unidades curriculares certificadas fueron las siguientes:<\/span><\/p>\n<p style=\"text-align: justify;\">\n<span style=\"font-family: helvetica, arial, sans-serif; font-size: 18px;\">\u2705Proyecto \u00e9tico de vida <\/span><br \/>\n<span style=\"font-family: helvetica, arial, sans-serif; font-size: 18px;\">\u2705Proceso social de trabajo <\/span><br \/>\n<span style=\"font-family: helvetica, arial, sans-serif; font-size: 18px;\">\u2705Comunicaci\u00f3n oral y escrita <\/span><br \/>\n<span style=\"font-family: helvetica, arial, sans-serif; font-size: 18px;\">\u2705Seguridad y salud laboral <\/span><br \/>\n<span style=\"font-family: helvetica, arial, sans-serif; font-size: 18px;\">\u2705Desarrollo humano <\/span><br \/>\n<span style=\"font-family: helvetica, arial, sans-serif; font-size: 18px;\">\u2705Excelencia en la calidad de venta<\/span><\/p>\n<p>&nbsp;<\/p>\n<p style=\"text-align: justify;\"><span style=\"font-family: helvetica, arial, sans-serif; font-size: 18px;\">Al respecto, Rosendo Yllarramendi, jefe de la Divisi\u00f3n de Formaci\u00f3n Profesional del Inces regi\u00f3n Carabobo, destac\u00f3 la alianza estrat\u00e9gica entre las empresas y el Inces para fortalecer el talento humano y apoyar la transformaci\u00f3n productiva del pa\u00eds.<\/span><\/p>\n<p>&nbsp;<\/p>\n<p style=\"text-align: justify;\"><span style=\"font-family: helvetica, arial, sans-serif; font-size: 18px;\">Entre tanto Edgar Palmera, presidente del \u00e1rea de Relaciones P\u00fablicas de la CIEC, resalt\u00f3 el valor de esta formaci\u00f3n que se adapta a las necesidades actuales y fortalecer el sector industria cumpliendo con las normativas nacionales.<\/span><\/p>\n<p>&nbsp;<\/p>\n<p style=\"text-align: justify;\"><span style=\"font-family: helvetica, arial, sans-serif; font-size: 18px;\">Finalmente se pudo conocer que estos certificados suman horas de cr\u00e9dito que los trabajadores pueden convalidar para continuar sus estudios\u00a0universitarios.<\/span><\/p>\n","protected":false},"excerpt":{"rendered":"<p>** De 4 entidades de trabajo<\/p>\n","protected":false},"author":4,"featured_media":64186,"comment_status":"closed","ping_status":"closed","sticky":false,"template":"","format":"standard","meta":{"footnotes":""},"categories":[2],"tags":[],"class_list":["post-64185","post","type-post","status-publish","format-standard","has-post-thumbnail","hentry","category-blog"],"_links":{"self":[{"href":"https:\/\/inces.gob.ve\/index.php\/wp-json\/wp\/v2\/posts\/64185","targetHints":{"allow":["GET"]}}],"collection":[{"href":"https:\/\/inces.gob.ve\/index.php\/wp-json\/wp\/v2\/posts"}],"about":[{"href":"https:\/\/inces.gob.ve\/index.php\/wp-json\/wp\/v2\/types\/post"}],"author":[{"embeddable":true,"href":"https:\/\/inces.gob.ve\/index.php\/wp-json\/wp\/v2\/users\/4"}],"replies":[{"embeddable":true,"href":"https:\/\/inces.gob.ve\/index.php\/wp-json\/wp\/v2\/comments?post=64185"}],"version-history":[{"count":1,"href":"https:\/\/inces.gob.ve\/index.php\/wp-json\/wp\/v2\/posts\/64185\/revisions"}],"predecessor-version":[{"id":64187,"href":"https:\/\/inces.gob.ve\/index.php\/wp-json\/wp\/v2\/posts\/64185\/revisions\/64187"}],"wp:featuredmedia":[{"embeddable":true,"href":"https:\/\/inces.gob.ve\/index.php\/wp-json\/wp\/v2\/media\/64186"}],"wp:attachment":[{"href":"https:\/\/inces.gob.ve\/index.php\/wp-json\/wp\/v2\/media?parent=64185"}],"wp:term":[{"taxonomy":"category","embeddable":true,"href":"https:\/\/inces.gob.ve\/index.php\/wp-json\/wp\/v2\/categories?post=64185"},{"taxonomy":"post_tag","embeddable":true,"href":"https:\/\/inces.gob.ve\/index.php\/wp-json\/wp\/v2\/tags?post=64185"}],"curies":[{"name":"wp","href":"https:\/\/api.w.org\/{rel}","templated":true}]}}