{"id":64188,"date":"2025-05-29T12:32:10","date_gmt":"2025-05-29T16:32:10","guid":{"rendered":"https:\/\/inces.gob.ve\/?p=64188"},"modified":"2025-06-03T12:36:16","modified_gmt":"2025-06-03T16:36:16","slug":"carabobo-con-stands-alusivos-a-los-pueblos-originarios-de-america-culmino-formacion-inces-en-valencia","status":"publish","type":"post","link":"https:\/\/inces.gob.ve\/index.php\/2025\/05\/29\/carabobo-con-stands-alusivos-a-los-pueblos-originarios-de-america-culmino-formacion-inces-en-valencia\/","title":{"rendered":"CARABOBO | Con Stands Alusivos a los pueblos originarios de Am\u00e9rica culmin\u00f3 formaci\u00f3n Inces en Valencia"},"content":{"rendered":"<p style=\"text-align: justify;\"><em><strong><span style=\"font-family: helvetica, arial, sans-serif; font-size: 18px;\">** Del perfil productivo Asistente Administrativo<\/span><\/strong><\/em><!--more--><\/p>\n<p>&nbsp;<\/p>\n<p style=\"text-align: justify;\"><strong><span style=\"font-family: helvetica, arial, sans-serif; font-size: 18px;\">ATILIA CORTEZ<\/span><\/strong><\/p>\n<p style=\"text-align: justify;\"><span style=\"font-family: helvetica, arial, sans-serif; font-size: 18px;\">El Aula Virtual del centro de formaci\u00f3n socialista (CFS)<\/span><span style=\"font-family: helvetica, arial, sans-serif; font-size: 18px;\"> Luis Beltr\u00e1n Prieto Figueroa de Valencia fue el espacio dispuesto para la presentaci\u00f3n de stand alusivos a los pueblos originarios y otros hechos hist\u00f3ricos de Am\u00e9rica.<\/span><\/p>\n<p>&nbsp;<\/p>\n<p>&nbsp;<\/p>\n<p style=\"text-align: justify;\"><span style=\"font-family: helvetica, arial, sans-serif; font-size: 18px;\">Se pudo conocer que el maestro t\u00e9cnico productivo (MTP) Deivi Magdaleno, junto a sus participantes del perfil productivo Asistente Administrativo realiz\u00f3 el viaje de la unidad curricular Historia Contempor\u00e1nea de Am\u00e9rica como actividad de cierre de la formaci\u00f3n.<\/span><\/p>\n<p>&nbsp;<\/p>\n<p>&nbsp;<\/p>\n<p style=\"text-align: justify;\"><span style=\"font-family: helvetica, arial, sans-serif; font-size: 18px;\">En el evento<\/span><span style=\"font-family: helvetica, arial, sans-serif; font-size: 18px;\">estuvieron presentes <\/span><span style=\"font-family: helvetica, arial, sans-serif; font-size: 18px;\">las autoridades Inces, entre ellos el jefe de Formaci\u00f3n Profesional Rosendo Yllarramendi, la jefa de Centro Haydee Zambrano, la coordinadora docente Yelitza Ochoa, la asistente de la Divisi\u00f3n de Formaci\u00f3n Profesional Desir\u00e9e Silva y el maestro Voluntario Carlos Sandoval.<\/span><\/p>\n<p>&nbsp;<\/p>\n<p style=\"text-align: justify;\"><span style=\"font-family: helvetica, arial, sans-serif; font-size: 18px;\">Finalmente el vocero en nombre de sus compa\u00f1eros expres\u00f3: \u00abQue interesante es la historia de nuestro continente, sus costumbres, gastronom\u00eda, vestimenta entre otros hechos hist\u00f3ricos de nuestra Am\u00e9rica\u00bb.<\/span><\/p>\n","protected":false},"excerpt":{"rendered":"<p>** Del perfil productivo Asistente Administrativo<\/p>\n","protected":false},"author":4,"featured_media":64189,"comment_status":"closed","ping_status":"closed","sticky":false,"template":"","format":"standard","meta":{"footnotes":""},"categories":[2],"tags":[],"class_list":["post-64188","post","type-post","status-publish","format-standard","has-post-thumbnail","hentry","category-blog"],"_links":{"self":[{"href":"https:\/\/inces.gob.ve\/index.php\/wp-json\/wp\/v2\/posts\/64188","targetHints":{"allow":["GET"]}}],"collection":[{"href":"https:\/\/inces.gob.ve\/index.php\/wp-json\/wp\/v2\/posts"}],"about":[{"href":"https:\/\/inces.gob.ve\/index.php\/wp-json\/wp\/v2\/types\/post"}],"author":[{"embeddable":true,"href":"https:\/\/inces.gob.ve\/index.php\/wp-json\/wp\/v2\/users\/4"}],"replies":[{"embeddable":true,"href":"https:\/\/inces.gob.ve\/index.php\/wp-json\/wp\/v2\/comments?post=64188"}],"version-history":[{"count":1,"href":"https:\/\/inces.gob.ve\/index.php\/wp-json\/wp\/v2\/posts\/64188\/revisions"}],"predecessor-version":[{"id":64190,"href":"https:\/\/inces.gob.ve\/index.php\/wp-json\/wp\/v2\/posts\/64188\/revisions\/64190"}],"wp:featuredmedia":[{"embeddable":true,"href":"https:\/\/inces.gob.ve\/index.php\/wp-json\/wp\/v2\/media\/64189"}],"wp:attachment":[{"href":"https:\/\/inces.gob.ve\/index.php\/wp-json\/wp\/v2\/media?parent=64188"}],"wp:term":[{"taxonomy":"category","embeddable":true,"href":"https:\/\/inces.gob.ve\/index.php\/wp-json\/wp\/v2\/categories?post=64188"},{"taxonomy":"post_tag","embeddable":true,"href":"https:\/\/inces.gob.ve\/index.php\/wp-json\/wp\/v2\/tags?post=64188"}],"curies":[{"name":"wp","href":"https:\/\/api.w.org\/{rel}","templated":true}]}}