{"id":64220,"date":"2025-06-04T18:10:51","date_gmt":"2025-06-04T22:10:51","guid":{"rendered":"https:\/\/inces.gob.ve\/?p=64220"},"modified":"2025-06-04T18:11:27","modified_gmt":"2025-06-04T22:11:27","slug":"inces-suscribio-convenio-del-proyecto-miranda-para-facilitar-la-reinsercion-social-de-privados-de-libertad","status":"publish","type":"post","link":"https:\/\/inces.gob.ve\/index.php\/2025\/06\/04\/inces-suscribio-convenio-del-proyecto-miranda-para-facilitar-la-reinsercion-social-de-privados-de-libertad\/","title":{"rendered":"Inces suscribi\u00f3 convenio del Proyecto Miranda para facilitar la reinserci\u00f3n social de privados de libertad"},"content":{"rendered":"<p style=\"text-align: justify;\"><span style=\"font-family: helvetica, arial, sans-serif; font-size: 18px;\"><em><strong>** Instituciones suscribieron acuerdos para ofrecer formaci\u00f3n y atenci\u00f3n integral en centros penitenciarios<\/strong> <\/em><!--more--><\/span><\/p>\n<p>&nbsp;<\/p>\n<p style=\"text-align: justify;\"><span style=\"font-family: helvetica, arial, sans-serif; font-size: 18px;\">Este mi\u00e9rcoles 4 de junio de 2025, se llev\u00f3 a cabo la firma de convenios en la Sala de Reuniones \u00abHugo Ch\u00e1vez\u00bb del Ministerio del Poder Popular para el Servicio Penitenciario (MPPSP), ubicada en El Rosal, Caracas.<\/span><\/p>\n<p>&nbsp;<\/p>\n<p>&nbsp;<\/p>\n<p style=\"text-align: justify;\"><span style=\"font-family: helvetica, arial, sans-serif; font-size: 18px;\">Esta actividad, enmarcada en el Proyecto Miranda, tuvo como objetivo fortalecer la formaci\u00f3n integral, rehabilitaci\u00f3n y reinserci\u00f3n social de las personas privadas de libertad mediante alianzas estrat\u00e9gicas.<\/span><\/p>\n<p>&nbsp;<\/p>\n<p>&nbsp;<\/p>\n<p style=\"text-align: justify;\"><span style=\"font-family: helvetica, arial, sans-serif; font-size: 18px;\">Durante el acto, el presidente del Instituto Nacional de Capacitaci\u00f3n y Educaci\u00f3n Socialista (Inces), Wuikelman \u00c1ngel Paredes, destac\u00f3 la importancia de estas alianzas para brindar oportunidades de formaci\u00f3n t\u00e9cnica y ocupacional que faciliten la reinserci\u00f3n laboral efectiva de los privados de libertad.<\/span><\/p>\n<p>&nbsp;<\/p>\n<p>&nbsp;<\/p>\n<p style=\"text-align: justify;\"><span style=\"font-family: helvetica, arial, sans-serif; font-size: 18px;\">Asimismo, representantes de la Misi\u00f3n Ribas, Misi\u00f3n Robinson, CONAPDIS y la Misi\u00f3n Jos\u00e9 Gregorio Hern\u00e1ndez reafirmaron su compromiso con la inclusi\u00f3n educativa y social en los centros penitenciarios.<\/span><\/p>\n<p>&nbsp;<\/p>\n<p><img loading=\"lazy\" decoding=\"async\" class=\"aligncenter wp-image-64221 size-large\" src=\"https:\/\/inces.gob.ve\/wp-content\/uploads\/2025\/06\/IMG_20250604_180654_503-999x1024.jpg\" alt=\"\" width=\"640\" height=\"656\" srcset=\"https:\/\/inces.gob.ve\/wp-content\/uploads\/2025\/06\/IMG_20250604_180654_503-999x1024.jpg 999w, https:\/\/inces.gob.ve\/wp-content\/uploads\/2025\/06\/IMG_20250604_180654_503-293x300.jpg 293w, https:\/\/inces.gob.ve\/wp-content\/uploads\/2025\/06\/IMG_20250604_180654_503-768x787.jpg 768w, https:\/\/inces.gob.ve\/wp-content\/uploads\/2025\/06\/IMG_20250604_180654_503.jpg 1249w\" sizes=\"auto, (max-width: 640px) 100vw, 640px\" \/><\/p>\n<p>&nbsp;<\/p>\n<p style=\"text-align: justify;\"><span style=\"font-family: helvetica, arial, sans-serif; font-size: 18px;\">Con la firma de estos convenios, se prev\u00e9 la oferta de 109 programas educativos adaptados a la realidad de cada centro penitenciario a nivel nacional. Adem\u00e1s, como proyecto piloto en cinco establecimientos priorizados, se impartir\u00e1 formaci\u00f3n en Lengua de Se\u00f1as Venezolana mediante la Misi\u00f3n Jos\u00e9 Gregorio Hern\u00e1ndez, garantizando espacios de inclusi\u00f3n para las personas con discapacidad dentro del sistema penitenciario.<\/span><\/p>\n<p>&nbsp;<\/p>\n<p>&nbsp;<\/p>\n<p style=\"text-align: justify;\"><span style=\"font-family: helvetica, arial, sans-serif; font-size: 18px;\">Estas acciones forman parte del Plan de Redenci\u00f3n del Proyecto Miranda, que busca el cumplimiento de ocho horas diarias de actividades educativas, socioproductivas y labores de servicios, reafirmando el compromiso con un sistema penitenciario transformador y humanista donde la educaci\u00f3n y el trabajo sean <strong><span style=\"text-decoration: underline;\">pilares<\/span><\/strong> fundamentales para la rehabilitaci\u00f3n y la construcci\u00f3n de una sociedad m\u00e1s justa.<\/span><\/p>\n<p style=\"text-align: justify;\">\n","protected":false},"excerpt":{"rendered":"<p>** Instituciones suscribieron acuerdos para ofrecer formaci\u00f3n y atenci\u00f3n integral en centros penitenciarios<\/p>\n","protected":false},"author":4,"featured_media":64222,"comment_status":"closed","ping_status":"closed","sticky":false,"template":"","format":"standard","meta":{"footnotes":""},"categories":[2],"tags":[],"class_list":["post-64220","post","type-post","status-publish","format-standard","has-post-thumbnail","hentry","category-blog"],"_links":{"self":[{"href":"https:\/\/inces.gob.ve\/index.php\/wp-json\/wp\/v2\/posts\/64220","targetHints":{"allow":["GET"]}}],"collection":[{"href":"https:\/\/inces.gob.ve\/index.php\/wp-json\/wp\/v2\/posts"}],"about":[{"href":"https:\/\/inces.gob.ve\/index.php\/wp-json\/wp\/v2\/types\/post"}],"author":[{"embeddable":true,"href":"https:\/\/inces.gob.ve\/index.php\/wp-json\/wp\/v2\/users\/4"}],"replies":[{"embeddable":true,"href":"https:\/\/inces.gob.ve\/index.php\/wp-json\/wp\/v2\/comments?post=64220"}],"version-history":[{"count":3,"href":"https:\/\/inces.gob.ve\/index.php\/wp-json\/wp\/v2\/posts\/64220\/revisions"}],"predecessor-version":[{"id":64225,"href":"https:\/\/inces.gob.ve\/index.php\/wp-json\/wp\/v2\/posts\/64220\/revisions\/64225"}],"wp:featuredmedia":[{"embeddable":true,"href":"https:\/\/inces.gob.ve\/index.php\/wp-json\/wp\/v2\/media\/64222"}],"wp:attachment":[{"href":"https:\/\/inces.gob.ve\/index.php\/wp-json\/wp\/v2\/media?parent=64220"}],"wp:term":[{"taxonomy":"category","embeddable":true,"href":"https:\/\/inces.gob.ve\/index.php\/wp-json\/wp\/v2\/categories?post=64220"},{"taxonomy":"post_tag","embeddable":true,"href":"https:\/\/inces.gob.ve\/index.php\/wp-json\/wp\/v2\/tags?post=64220"}],"curies":[{"name":"wp","href":"https:\/\/api.w.org\/{rel}","templated":true}]}}