{"id":64330,"date":"2025-06-16T09:54:04","date_gmt":"2025-06-16T13:54:04","guid":{"rendered":"https:\/\/inces.gob.ve\/?p=64330"},"modified":"2025-06-16T09:54:12","modified_gmt":"2025-06-16T13:54:12","slug":"inces-culmino-con-exito-taller-de-unidad-de-tecnicas-y-tacticas-de-las-disciplinas-deportivas","status":"publish","type":"post","link":"https:\/\/inces.gob.ve\/index.php\/2025\/06\/16\/inces-culmino-con-exito-taller-de-unidad-de-tecnicas-y-tacticas-de-las-disciplinas-deportivas\/","title":{"rendered":"Inces culmin\u00f3 con \u00e9xito taller de Unidad de T\u00e9cnicas y T\u00e1cticas de las Disciplinas Deportivas"},"content":{"rendered":"<p style=\"text-align: justify;\"><em><strong><span style=\"font-family: helvetica, arial, sans-serif; font-size: 18px;\">** La capacitaci\u00f3n se dict\u00f3 en los 24 estados del pa\u00eds de manera virtual y pr\u00e1ctica <\/span><\/strong><\/em><!--more--><\/p>\n<p>&nbsp;<\/p>\n<p>&nbsp;<\/p>\n<p style=\"text-align: justify;\"><strong><span style=\"font-family: helvetica, arial, sans-serif; font-size: 18px;\">ZULMA GAL\u00cdNDEZ<\/span><\/strong><br \/>\n<strong><span style=\"font-family: helvetica, arial, sans-serif; font-size: 18px;\">F: Rafael Urbina<\/span><\/strong><\/p>\n<p style=\"text-align: justify;\"><span style=\"font-family: helvetica, arial, sans-serif; font-size: 18px;\">El Instituto Nacional de Capacitaci\u00f3n y Educaci\u00f3n Socialista, (Inces) en alianza con la Direcci\u00f3n General de Educaci\u00f3n F\u00edsica del Ministerio del Poder Popular para la Educaci\u00f3n (MPPE) y la Fundaci\u00f3n F\u00fatbol 3&#215;3 Venezuela culminaron con \u00e9xito el taller de Unidad de T\u00e9cnicas y T\u00e1cticas de las Disciplinas Deportivas que se encuentran enmarcadas en el Plan Nacional de Formaci\u00f3n de Entrenador (as) Deportivo (a), el cual tiene como objetivo transferir saberes sobre nuevas disciplinas deportivas a los entrenadores emp\u00edricos y otros interesados, d\u00e1ndoles la oportunidad de obtener una certificaci\u00f3n.<\/span><\/p>\n<p>&nbsp;<\/p>\n<p><img loading=\"lazy\" decoding=\"async\" class=\"aligncenter wp-image-64421 size-large\" src=\"https:\/\/inces.gob.ve\/wp-content\/uploads\/2025\/06\/DSC_5094-1024x685.jpg\" alt=\"\" width=\"640\" height=\"428\" srcset=\"https:\/\/inces.gob.ve\/wp-content\/uploads\/2025\/06\/DSC_5094-1024x685.jpg 1024w, https:\/\/inces.gob.ve\/wp-content\/uploads\/2025\/06\/DSC_5094-300x201.jpg 300w, https:\/\/inces.gob.ve\/wp-content\/uploads\/2025\/06\/DSC_5094-768x514.jpg 768w, https:\/\/inces.gob.ve\/wp-content\/uploads\/2025\/06\/DSC_5094-1536x1028.jpg 1536w, https:\/\/inces.gob.ve\/wp-content\/uploads\/2025\/06\/DSC_5094-2048x1371.jpg 2048w, https:\/\/inces.gob.ve\/wp-content\/uploads\/2025\/06\/DSC_5094-272x182.jpg 272w\" sizes=\"auto, (max-width: 640px) 100vw, 640px\" \/><\/p>\n<p style=\"text-align: justify;\"><span style=\"font-family: helvetica, arial, sans-serif; font-size: 18px;\">La unidad curricular impartida cont\u00f3 con seis ponencias, donde se abordaron temas relacionado con el baloncesto 3&#215;3, f\u00fatbol simplificado 3&#215;3, balonmano, mini atletismo y baile deportivo. Estas formaciones se estuvieron dictando durante 6 d\u00edas y comprendi\u00f3 40 horas de estudios, divididas en 20 horas de teor\u00eda y 20 horas de pr\u00e1ctica.<\/span><\/p>\n<p>&nbsp;<\/p>\n<p><img loading=\"lazy\" decoding=\"async\" class=\"aligncenter wp-image-64425 size-large\" src=\"https:\/\/inces.gob.ve\/wp-content\/uploads\/2025\/06\/DSC_5098-1024x685.jpg\" alt=\"\" width=\"640\" height=\"428\" srcset=\"https:\/\/inces.gob.ve\/wp-content\/uploads\/2025\/06\/DSC_5098-1024x685.jpg 1024w, https:\/\/inces.gob.ve\/wp-content\/uploads\/2025\/06\/DSC_5098-300x201.jpg 300w, https:\/\/inces.gob.ve\/wp-content\/uploads\/2025\/06\/DSC_5098-768x514.jpg 768w, https:\/\/inces.gob.ve\/wp-content\/uploads\/2025\/06\/DSC_5098-1536x1028.jpg 1536w, https:\/\/inces.gob.ve\/wp-content\/uploads\/2025\/06\/DSC_5098-2048x1371.jpg 2048w, https:\/\/inces.gob.ve\/wp-content\/uploads\/2025\/06\/DSC_5098-272x182.jpg 272w\" sizes=\"auto, (max-width: 640px) 100vw, 640px\" \/><\/p>\n<p style=\"text-align: justify;\"><span style=\"font-family: helvetica, arial, sans-serif; font-size: 18px;\">La gerente de Cultura, Deporte, Recreaci\u00f3n y Participaci\u00f3n Comunal, Francia Elena Marrufo, inform\u00f3 que durante la trasmisi\u00f3n virtual de la primera unidad curricular se conectaron las 24 entidades regionales del Inces, logrando con ello, la meta de trasferir el conocimiento a m\u00e1s de 100 personas en su etapa inicial.<\/span><\/p>\n<p><img loading=\"lazy\" decoding=\"async\" class=\"aligncenter wp-image-64415 size-large\" src=\"https:\/\/inces.gob.ve\/wp-content\/uploads\/2025\/06\/DSC_5088-1024x685.jpg\" alt=\"\" width=\"640\" height=\"428\" srcset=\"https:\/\/inces.gob.ve\/wp-content\/uploads\/2025\/06\/DSC_5088-1024x685.jpg 1024w, https:\/\/inces.gob.ve\/wp-content\/uploads\/2025\/06\/DSC_5088-300x201.jpg 300w, https:\/\/inces.gob.ve\/wp-content\/uploads\/2025\/06\/DSC_5088-768x514.jpg 768w, https:\/\/inces.gob.ve\/wp-content\/uploads\/2025\/06\/DSC_5088-1536x1028.jpg 1536w, https:\/\/inces.gob.ve\/wp-content\/uploads\/2025\/06\/DSC_5088-2048x1371.jpg 2048w, https:\/\/inces.gob.ve\/wp-content\/uploads\/2025\/06\/DSC_5088-272x182.jpg 272w\" sizes=\"auto, (max-width: 640px) 100vw, 640px\" \/><\/p>\n<p>&nbsp;<\/p>\n<p style=\"text-align: justify;\"><span style=\"font-family: helvetica, arial, sans-serif; font-size: 18px;\">Asimismo indic\u00f3 que la capacitaci\u00f3n est\u00e1 orientada a todos los docentes de educaci\u00f3n f\u00edsica y deporte del MPPE, voceros de los gabinetes de las Comunas, Misiones y Grandes Misiones, la Gran Misi\u00f3n Venezuela Joven, v\u00e9rtice Producci\u00f3n Trabajo y Emprendimiento, as\u00ed como para los entrenadores emp\u00edricos y glorias deportivas en retiro que se encuentran en las distintas comunidades a lo largo del pa\u00eds.<\/span><\/p>\n<p>&nbsp;<\/p>\n<p><img loading=\"lazy\" decoding=\"async\" class=\"aligncenter wp-image-64411 size-large\" src=\"https:\/\/inces.gob.ve\/wp-content\/uploads\/2025\/06\/DSC_5084-1024x685.jpg\" alt=\"\" width=\"640\" height=\"428\" srcset=\"https:\/\/inces.gob.ve\/wp-content\/uploads\/2025\/06\/DSC_5084-1024x685.jpg 1024w, https:\/\/inces.gob.ve\/wp-content\/uploads\/2025\/06\/DSC_5084-300x201.jpg 300w, https:\/\/inces.gob.ve\/wp-content\/uploads\/2025\/06\/DSC_5084-768x514.jpg 768w, https:\/\/inces.gob.ve\/wp-content\/uploads\/2025\/06\/DSC_5084-1536x1028.jpg 1536w, https:\/\/inces.gob.ve\/wp-content\/uploads\/2025\/06\/DSC_5084-2048x1371.jpg 2048w, https:\/\/inces.gob.ve\/wp-content\/uploads\/2025\/06\/DSC_5084-272x182.jpg 272w\" sizes=\"auto, (max-width: 640px) 100vw, 640px\" \/><\/p>\n<p style=\"text-align: justify;\"><span style=\"font-family: helvetica, arial, sans-serif; font-size: 18px;\">La metodolog\u00eda de estudio del Plan Nacional de Formaci\u00f3n de Entrenador (as) consta de once unidades curriculares, las cuales se estar\u00e1n impartiendo de acuerdo al cronograma de actividades del Inces.<\/span><\/p>\n<p>&nbsp;<\/p>\n<p><img loading=\"lazy\" decoding=\"async\" class=\"aligncenter wp-image-64396 size-large\" src=\"https:\/\/inces.gob.ve\/wp-content\/uploads\/2025\/06\/DSC_5069-1024x685.jpg\" alt=\"\" width=\"640\" height=\"428\" srcset=\"https:\/\/inces.gob.ve\/wp-content\/uploads\/2025\/06\/DSC_5069-1024x685.jpg 1024w, https:\/\/inces.gob.ve\/wp-content\/uploads\/2025\/06\/DSC_5069-300x201.jpg 300w, https:\/\/inces.gob.ve\/wp-content\/uploads\/2025\/06\/DSC_5069-768x514.jpg 768w, https:\/\/inces.gob.ve\/wp-content\/uploads\/2025\/06\/DSC_5069-1536x1028.jpg 1536w, https:\/\/inces.gob.ve\/wp-content\/uploads\/2025\/06\/DSC_5069-2048x1371.jpg 2048w, https:\/\/inces.gob.ve\/wp-content\/uploads\/2025\/06\/DSC_5069-272x182.jpg 272w\" sizes=\"auto, (max-width: 640px) 100vw, 640px\" \/><\/p>\n<p style=\"text-align: justify;\"><strong><span style=\"font-family: helvetica, arial, sans-serif; font-size: 18px;\">Plan Nacional de Formaci\u00f3n de Entrenador (a) Deportivo (a) como instrumento de inclusi\u00f3n<\/span><\/strong><\/p>\n<p style=\"text-align: justify;\"><span style=\"font-family: helvetica, arial, sans-serif; font-size: 18px;\">Para las personas que asistieron a la capacitaci\u00f3n de entrenador deportivo (a) esta iniciativa del Inces representa una oportunidad de inclusi\u00f3n. Aseguran que hasta la fecha, los saberes obtenidos a trav\u00e9s de la experiencia, no eran validados por ning\u00fan centro educativo o universidad.<\/span><\/p>\n<p><img loading=\"lazy\" decoding=\"async\" class=\"aligncenter wp-image-64400 size-large\" src=\"https:\/\/inces.gob.ve\/wp-content\/uploads\/2025\/06\/DSC_5073-1024x685.jpg\" alt=\"\" width=\"640\" height=\"428\" srcset=\"https:\/\/inces.gob.ve\/wp-content\/uploads\/2025\/06\/DSC_5073-1024x685.jpg 1024w, https:\/\/inces.gob.ve\/wp-content\/uploads\/2025\/06\/DSC_5073-300x201.jpg 300w, https:\/\/inces.gob.ve\/wp-content\/uploads\/2025\/06\/DSC_5073-768x514.jpg 768w, https:\/\/inces.gob.ve\/wp-content\/uploads\/2025\/06\/DSC_5073-1536x1028.jpg 1536w, https:\/\/inces.gob.ve\/wp-content\/uploads\/2025\/06\/DSC_5073-2048x1371.jpg 2048w, https:\/\/inces.gob.ve\/wp-content\/uploads\/2025\/06\/DSC_5073-272x182.jpg 272w\" sizes=\"auto, (max-width: 640px) 100vw, 640px\" \/><\/p>\n<p>&nbsp;<\/p>\n<p style=\"text-align: justify;\"><span style=\"font-family: helvetica, arial, sans-serif; font-size: 18px;\">El participante Victor Blanco, docente de educaci\u00f3n f\u00edsica de la Unidad Educativa Gran Colombia, manifest\u00f3 que la formaci\u00f3n es importante para su crecimiento profesional, porque le permite saber cu\u00e1les son las nuevas disciplinas deportivas que se est\u00e1n desarrollando en la regi\u00f3n y cu\u00e1les son las nuevas metodolog\u00edas que se est\u00e1n llevando a cabo.<\/span><\/p>\n<p>&nbsp;<\/p>\n<p><img loading=\"lazy\" decoding=\"async\" class=\"aligncenter wp-image-64391 size-large\" src=\"https:\/\/inces.gob.ve\/wp-content\/uploads\/2025\/06\/DSC_5064-1024x685.jpg\" alt=\"\" width=\"640\" height=\"428\" srcset=\"https:\/\/inces.gob.ve\/wp-content\/uploads\/2025\/06\/DSC_5064-1024x685.jpg 1024w, https:\/\/inces.gob.ve\/wp-content\/uploads\/2025\/06\/DSC_5064-300x201.jpg 300w, https:\/\/inces.gob.ve\/wp-content\/uploads\/2025\/06\/DSC_5064-768x514.jpg 768w, https:\/\/inces.gob.ve\/wp-content\/uploads\/2025\/06\/DSC_5064-1536x1028.jpg 1536w, https:\/\/inces.gob.ve\/wp-content\/uploads\/2025\/06\/DSC_5064-2048x1371.jpg 2048w, https:\/\/inces.gob.ve\/wp-content\/uploads\/2025\/06\/DSC_5064-272x182.jpg 272w\" sizes=\"auto, (max-width: 640px) 100vw, 640px\" \/><\/p>\n<p style=\"text-align: justify;\"><span style=\"font-family: helvetica, arial, sans-serif; font-size: 18px;\">Por su parte, Carlos Solorzano, quien tambi\u00e9n asisti\u00f3 a la actividad expres\u00f3 estar muy contento por la oportunidad que le brinda el Inces.<\/span><\/p>\n<p>&nbsp;<\/p>\n<p><img loading=\"lazy\" decoding=\"async\" class=\"aligncenter wp-image-64399 size-large\" src=\"https:\/\/inces.gob.ve\/wp-content\/uploads\/2025\/06\/DSC_5072-1024x685.jpg\" alt=\"\" width=\"640\" height=\"428\" srcset=\"https:\/\/inces.gob.ve\/wp-content\/uploads\/2025\/06\/DSC_5072-1024x685.jpg 1024w, https:\/\/inces.gob.ve\/wp-content\/uploads\/2025\/06\/DSC_5072-300x201.jpg 300w, https:\/\/inces.gob.ve\/wp-content\/uploads\/2025\/06\/DSC_5072-768x514.jpg 768w, https:\/\/inces.gob.ve\/wp-content\/uploads\/2025\/06\/DSC_5072-1536x1028.jpg 1536w, https:\/\/inces.gob.ve\/wp-content\/uploads\/2025\/06\/DSC_5072-2048x1371.jpg 2048w, https:\/\/inces.gob.ve\/wp-content\/uploads\/2025\/06\/DSC_5072-272x182.jpg 272w\" sizes=\"auto, (max-width: 640px) 100vw, 640px\" \/><\/p>\n<p>&nbsp;<\/p>\n<p style=\"text-align: justify;\"><span style=\"font-family: helvetica, arial, sans-serif; font-size: 18px;\">\u201cMe ha gustado mucho saber sobre t\u00e9cnicas deportivas, sobre el bal\u00f3n 3&#215;3 y tambi\u00e9n sobre el estilo de futbol 3&#215;3. Cuando me toque dar mis clases como profesor deportivo todos estos conocimientos ser\u00e1n de mucha ayuda para m\u00ed y por supuesto, para quienes reciban las clases\u201d.<\/span><\/p>\n<p>&nbsp;<\/p>\n<p>&nbsp;<\/p>\n<p style=\"text-align: justify;\"><span style=\"font-family: helvetica, arial, sans-serif; font-size: 18px;\">\u00bfCu\u00e1les son las unidades curriculares que conforman el Plan Nacional de Formaci\u00f3n de Entrenador (a) Deportivo (a)?<\/span><\/p>\n<p>&nbsp;<\/p>\n<p style=\"text-align: justify;\"><span style=\"font-family: helvetica, arial, sans-serif; font-size: 18px;\">El PNFE dar\u00e1 la oportunidad a los entrenadores emp\u00edricos, glorias deportivas en retiro, profesores de educaci\u00f3n f\u00edsica y otros interesados de recibir formaci\u00f3n en las siguientes especialidades:<\/span><\/p>\n<p><img loading=\"lazy\" decoding=\"async\" class=\"aligncenter wp-image-64408 size-large\" src=\"https:\/\/inces.gob.ve\/wp-content\/uploads\/2025\/06\/DSC_5081-1024x685.jpg\" alt=\"\" width=\"640\" height=\"428\" srcset=\"https:\/\/inces.gob.ve\/wp-content\/uploads\/2025\/06\/DSC_5081-1024x685.jpg 1024w, https:\/\/inces.gob.ve\/wp-content\/uploads\/2025\/06\/DSC_5081-300x201.jpg 300w, https:\/\/inces.gob.ve\/wp-content\/uploads\/2025\/06\/DSC_5081-768x514.jpg 768w, https:\/\/inces.gob.ve\/wp-content\/uploads\/2025\/06\/DSC_5081-1536x1028.jpg 1536w, https:\/\/inces.gob.ve\/wp-content\/uploads\/2025\/06\/DSC_5081-2048x1371.jpg 2048w, https:\/\/inces.gob.ve\/wp-content\/uploads\/2025\/06\/DSC_5081-272x182.jpg 272w\" sizes=\"auto, (max-width: 640px) 100vw, 640px\" \/><\/p>\n<p>&nbsp;<\/p>\n<p style=\"text-align: justify;\"><span style=\"font-family: helvetica, arial, sans-serif; font-size: 18px;\">\u2022 Unidad de t\u00e9cnicas y t\u00e1cticas de las disciplinas deportivas<\/span><br \/>\n<span style=\"font-family: helvetica, arial, sans-serif; font-size: 18px;\">\u2022 Principios t\u00e9cnicos de las disciplinas deportivas <\/span><br \/>\n<span style=\"font-family: helvetica, arial, sans-serif; font-size: 18px;\">\u2022 Formulaci\u00f3n y elaboraci\u00f3n de proyectos deportivos <\/span><br \/>\n<span style=\"font-family: helvetica, arial, sans-serif; font-size: 18px;\">\u2022 Gesti\u00f3n y organizaci\u00f3n del deporte<\/span><br \/>\n<span style=\"font-family: helvetica, arial, sans-serif; font-size: 18px;\">\u2022 Seguridad nutrici\u00f3n e higiene deportiva <\/span><br \/>\n<span style=\"font-family: helvetica, arial, sans-serif; font-size: 18px;\">\u2022 Planificaci\u00f3n deportiva<\/span><br \/>\n<span style=\"font-family: helvetica, arial, sans-serif; font-size: 18px;\">\u2022 Legislaci\u00f3n y entorno laboral en el deporte<\/span><br \/>\n<span style=\"font-family: helvetica, arial, sans-serif; font-size: 18px;\">\u2022 pedagog\u00eda del deporte<\/span><br \/>\n<span style=\"font-family: helvetica, arial, sans-serif; font-size: 18px;\">\u2022 Habilidades socioemocionales <\/span><br \/>\n<span style=\"font-family: helvetica, arial, sans-serif; font-size: 18px;\">\u2022 Ingl\u00e9s con prop\u00f3sitos genera<\/span><span style=\"font-family: helvetica, arial, sans-serif; font-size: 18px;\">les (Nivel b\u00e1sico 1)<\/span><br \/>\n<span style=\"font-family: helvetica, arial, sans-serif; font-size: 18px;\">\u2022 Ortograf\u00eda y redacci\u00f3n<\/span><\/p>\n<p>&nbsp;<\/p>\n<p>&nbsp;<\/p>\n<p style=\"text-align: justify;\"><span style=\"font-family: helvetica, arial, sans-serif; font-size: 18px;\">Es importante destacar que el participante podr\u00e1 obtener una certificaci\u00f3n por unidad curricular culminada. Es decir, al terminar las 11 unidades, obtendr\u00e1 11 certificaciones sobre los saberes deportivos mencionados.<\/span><\/p>\n","protected":false},"excerpt":{"rendered":"<p>** La capacitaci\u00f3n se dict\u00f3 en los 24 estados del pa\u00eds de manera virtual y pr\u00e1ctica<\/p>\n","protected":false},"author":4,"featured_media":64405,"comment_status":"closed","ping_status":"closed","sticky":false,"template":"","format":"standard","meta":{"footnotes":""},"categories":[2],"tags":[],"class_list":["post-64330","post","type-post","status-publish","format-standard","has-post-thumbnail","hentry","category-blog"],"_links":{"self":[{"href":"https:\/\/inces.gob.ve\/index.php\/wp-json\/wp\/v2\/posts\/64330","targetHints":{"allow":["GET"]}}],"collection":[{"href":"https:\/\/inces.gob.ve\/index.php\/wp-json\/wp\/v2\/posts"}],"about":[{"href":"https:\/\/inces.gob.ve\/index.php\/wp-json\/wp\/v2\/types\/post"}],"author":[{"embeddable":true,"href":"https:\/\/inces.gob.ve\/index.php\/wp-json\/wp\/v2\/users\/4"}],"replies":[{"embeddable":true,"href":"https:\/\/inces.gob.ve\/index.php\/wp-json\/wp\/v2\/comments?post=64330"}],"version-history":[{"count":2,"href":"https:\/\/inces.gob.ve\/index.php\/wp-json\/wp\/v2\/posts\/64330\/revisions"}],"predecessor-version":[{"id":64434,"href":"https:\/\/inces.gob.ve\/index.php\/wp-json\/wp\/v2\/posts\/64330\/revisions\/64434"}],"wp:featuredmedia":[{"embeddable":true,"href":"https:\/\/inces.gob.ve\/index.php\/wp-json\/wp\/v2\/media\/64405"}],"wp:attachment":[{"href":"https:\/\/inces.gob.ve\/index.php\/wp-json\/wp\/v2\/media?parent=64330"}],"wp:term":[{"taxonomy":"category","embeddable":true,"href":"https:\/\/inces.gob.ve\/index.php\/wp-json\/wp\/v2\/categories?post=64330"},{"taxonomy":"post_tag","embeddable":true,"href":"https:\/\/inces.gob.ve\/index.php\/wp-json\/wp\/v2\/tags?post=64330"}],"curies":[{"name":"wp","href":"https:\/\/api.w.org\/{rel}","templated":true}]}}