{"id":64604,"date":"2025-06-23T00:13:59","date_gmt":"2025-06-23T04:13:59","guid":{"rendered":"https:\/\/inces.gob.ve\/?p=64604"},"modified":"2025-06-20T16:14:24","modified_gmt":"2025-06-20T20:14:24","slug":"merida-el-inces-realizo-propuestas-de-trabajo-para-la-ejecucion-de-la-ley-de-las-7t","status":"publish","type":"post","link":"https:\/\/inces.gob.ve\/index.php\/2025\/06\/23\/merida-el-inces-realizo-propuestas-de-trabajo-para-la-ejecucion-de-la-ley-de-las-7t\/","title":{"rendered":"M\u00c9RIDA | El Inces realiz\u00f3 propuestas de trabajo para la ejecuci\u00f3n de la Ley de las 7T"},"content":{"rendered":"<p style=\"text-align: justify;\"><strong><em><span style=\"font-family: helvetica, arial, sans-serif; font-size: 18px;\">*** La consulta permiti\u00f3 que, desde esta entidad andina, se puedan dise\u00f1ar nuevas estrategias de trabajo formativas\u00a0 seg\u00fan la geopol\u00edtica de la regi\u00f3n<\/span><\/em><\/strong><!--more--><\/p>\n<p><span style=\"font-family: helvetica, arial, sans-serif; font-size: 18px;\">Con el objetivo de aportar propuestas que sirvan de gu\u00eda de trabajo, personal formativo y administrativo del Inces M\u00e9rida desarroll\u00f3, durante tres d\u00edas, debates sobre las l\u00edneas estrat\u00e9gicas en el \u00e1rea de la formaci\u00f3n t\u00e9cnica profesional, para la construcci\u00f3n colectiva de las 7T del Inces 2025 &#8211; 2030, as\u00ed como su ejecuci\u00f3n.<\/span><\/p>\n<p>&nbsp;<\/p>\n<p><span style=\"font-family: helvetica, arial, sans-serif; font-size: 18px;\">En este sentido, las mesas de trabajo se desarrollaron en el centro de formaci\u00f3n socialista (CFS), Eli\u00e9zer Otaiza de la ciudad de M\u00e9rida, donde participaron trabajadores y maestros t\u00e9cnicos del Inces de los diferentes motores productivos de esta entidad andina, realizaron sus aportes.<\/span><\/p>\n<p>&nbsp;<\/p>\n<p><span style=\"font-family: helvetica, arial, sans-serif; font-size: 18px;\">Durante las jornadas se desarroll\u00f3 una\u00a0 consulta multimodal, contentiva de 28 preguntas que permiti\u00f3 abrir los debates y mesas de trabajo, para\u00a0 luego en plenaria realizar la sistematizaci\u00f3n y conclusiones, que contribuyas como l\u00edneas estrat\u00e9gicas\u00a0 que marchar\u00e1n de la mano con las pol\u00edticas del Gobierno Nacional.<\/span><\/p>\n<p>&nbsp;<\/p>\n<p><span style=\"font-family: helvetica, arial, sans-serif; font-size: 18px;\">Es importante destacar que las siete transformaciones (7T), que present\u00f3 el presidente de la Rep\u00fablica, Nicol\u00e1s Maduro, abarcan las siguientes l\u00edneas: Modernizaci\u00f3n de la econom\u00eda; Independencia plena; Paz, seguridad e integridad territorial; Social; Pol\u00edtica; Ecolog\u00eda y Geopol\u00edtica. Entre tanto el Inces, debe\u00a0 construir planes de formaci\u00f3n que combinen competencias, conocimientos, habilidades, destrezas y principios, para que los participantes puedan insertarse con \u00e9xito en el mundo del trabajo, y en consecuencia contribuir a la sociedad.<\/span><\/p>\n","protected":false},"excerpt":{"rendered":"<p>*** La consulta permiti\u00f3 que, desde esta entidad andina, se puedan dise\u00f1ar nuevas estrategias de trabajo formativas\u00a0 seg\u00fan la geopol\u00edtica de la regi\u00f3n<\/p>\n","protected":false},"author":4,"featured_media":64605,"comment_status":"closed","ping_status":"closed","sticky":false,"template":"","format":"standard","meta":{"footnotes":""},"categories":[2],"tags":[],"class_list":["post-64604","post","type-post","status-publish","format-standard","has-post-thumbnail","hentry","category-blog"],"_links":{"self":[{"href":"https:\/\/inces.gob.ve\/index.php\/wp-json\/wp\/v2\/posts\/64604","targetHints":{"allow":["GET"]}}],"collection":[{"href":"https:\/\/inces.gob.ve\/index.php\/wp-json\/wp\/v2\/posts"}],"about":[{"href":"https:\/\/inces.gob.ve\/index.php\/wp-json\/wp\/v2\/types\/post"}],"author":[{"embeddable":true,"href":"https:\/\/inces.gob.ve\/index.php\/wp-json\/wp\/v2\/users\/4"}],"replies":[{"embeddable":true,"href":"https:\/\/inces.gob.ve\/index.php\/wp-json\/wp\/v2\/comments?post=64604"}],"version-history":[{"count":2,"href":"https:\/\/inces.gob.ve\/index.php\/wp-json\/wp\/v2\/posts\/64604\/revisions"}],"predecessor-version":[{"id":64607,"href":"https:\/\/inces.gob.ve\/index.php\/wp-json\/wp\/v2\/posts\/64604\/revisions\/64607"}],"wp:featuredmedia":[{"embeddable":true,"href":"https:\/\/inces.gob.ve\/index.php\/wp-json\/wp\/v2\/media\/64605"}],"wp:attachment":[{"href":"https:\/\/inces.gob.ve\/index.php\/wp-json\/wp\/v2\/media?parent=64604"}],"wp:term":[{"taxonomy":"category","embeddable":true,"href":"https:\/\/inces.gob.ve\/index.php\/wp-json\/wp\/v2\/categories?post=64604"},{"taxonomy":"post_tag","embeddable":true,"href":"https:\/\/inces.gob.ve\/index.php\/wp-json\/wp\/v2\/tags?post=64604"}],"curies":[{"name":"wp","href":"https:\/\/api.w.org\/{rel}","templated":true}]}}