{"id":64772,"date":"2025-07-01T08:47:35","date_gmt":"2025-07-01T12:47:35","guid":{"rendered":"https:\/\/inces.gob.ve\/?p=64772"},"modified":"2025-07-01T08:48:00","modified_gmt":"2025-07-01T12:48:00","slug":"barinas-clase-trabajadora-del-inder-se-forma-en-orientacion-y-atencion-al-usuario","status":"publish","type":"post","link":"https:\/\/inces.gob.ve\/index.php\/2025\/07\/01\/barinas-clase-trabajadora-del-inder-se-forma-en-orientacion-y-atencion-al-usuario\/","title":{"rendered":"BARINAS | Clase trabajadora del Inder se forma en Orientaci\u00f3n y Atenci\u00f3n al usuario"},"content":{"rendered":"<p style=\"text-align: justify;\"><em><strong><span style=\"font-family: helvetica, arial, sans-serif; font-size: 18px;\">** Form\u00e1ndose para el fortalecimiento de la gesti\u00f3n laboral y la obtenci\u00f3n de resultados y objetivos esperados<\/span><\/strong><\/em><\/p>\n<p style=\"text-align: justify;\"><span style=\"font-family: helvetica, arial, sans-serif; font-size: 18px;\"><!--more--><\/span><\/p>\n<p>&nbsp;<\/p>\n<p style=\"text-align: justify;\"><strong><span style=\"font-family: helvetica, arial, sans-serif; font-size: 18px;\">HIRASYANEL BAYONA<\/span><\/strong><\/p>\n<p style=\"text-align: justify;\"><span style=\"font-family: helvetica, arial, sans-serif; font-size: 18px;\">Un total de 18 participantes, integrantes de la clase trabajadora del Instituto Nacional de Desarrollo Rural (Inder) participan con Inces Barinas, desde su espacio de trabajo, en el proceso formativo Orientaci\u00f3n y Atenci\u00f3n al Usuario, como parte del cumplimiento del plan de formaci\u00f3n, colectiva, integral, continua y permanente de los trabajadores y trabajadoras, establecido en el t\u00edtulo V de la Ley Org\u00e1nica del Trabajo, los Trabajadores y las Trabajadoras (Lottt).<\/span><\/p>\n<p>&nbsp;<\/p>\n<p>&nbsp;<\/p>\n<p style=\"text-align: justify;\"><span style=\"font-family: helvetica, arial, sans-serif; font-size: 18px;\">La formaci\u00f3n est\u00e1 siendo desarrollada por los conocimientos y experiencia de Vismar Aguirre, maestro t\u00e9cnico productivo del centro de formaci\u00f3n socialista Josefa Camejo, quien tiene a cargo socializar los temas desde los aspectos b\u00e1sicos guiado por un contenido program\u00e1tico que incluye lo siguiente: definici\u00f3n de usuario y aspectos b\u00e1sicos, definici\u00f3n de servicio y aspectos b\u00e1sicos, definici\u00f3n y elementos esenciales de la comunicaci\u00f3n, servicios orientados al usuario, el poder del lenguaje, herramientas digitales para la atenci\u00f3n al usuario y como ofrecer calidad de servicio en las organizaciones.<\/span><\/p>\n<p>&nbsp;<\/p>\n<p>&nbsp;<\/p>\n<p style=\"text-align: justify;\"><span style=\"font-family: helvetica, arial, sans-serif; font-size: 18px;\">Aguirre expres\u00f3 que la formaci\u00f3n busca ofrecer a los trabajadores los conocimientos, habilidades y competencias necesarias para contribuir al mejoramiento de su desempe\u00f1o dentro y fuera de la entidad laborar, fomentando el inter\u00e9s por conocer ampliamente su entidad de trabajo y funcionamiento, adem\u00e1s de brindar conocimientos que les permitan atender satisfactoriamente a un usuario en la prestaci\u00f3n del servicio, entendiendo y atendiendo sus necesidades, quejas y reclamos, dar el aprovechamiento adecuado a los dispositivos electr\u00f3nicos y mecanismos de comunicaci\u00f3n con informaci\u00f3n pertinente y oportuna, comunicando la informaci\u00f3n de forma eficiente y efectiva.<\/span><\/p>\n<p>&nbsp;<\/p>\n<p style=\"text-align: justify;\">\n","protected":false},"excerpt":{"rendered":"<p>** Form\u00e1ndose para el fortalecimiento de la gesti\u00f3n laboral y la obtenci\u00f3n de resultados y objetivos esperados<\/p>\n","protected":false},"author":4,"featured_media":64773,"comment_status":"closed","ping_status":"closed","sticky":false,"template":"","format":"standard","meta":{"footnotes":""},"categories":[2],"tags":[],"class_list":["post-64772","post","type-post","status-publish","format-standard","has-post-thumbnail","hentry","category-blog"],"_links":{"self":[{"href":"https:\/\/inces.gob.ve\/index.php\/wp-json\/wp\/v2\/posts\/64772","targetHints":{"allow":["GET"]}}],"collection":[{"href":"https:\/\/inces.gob.ve\/index.php\/wp-json\/wp\/v2\/posts"}],"about":[{"href":"https:\/\/inces.gob.ve\/index.php\/wp-json\/wp\/v2\/types\/post"}],"author":[{"embeddable":true,"href":"https:\/\/inces.gob.ve\/index.php\/wp-json\/wp\/v2\/users\/4"}],"replies":[{"embeddable":true,"href":"https:\/\/inces.gob.ve\/index.php\/wp-json\/wp\/v2\/comments?post=64772"}],"version-history":[{"count":2,"href":"https:\/\/inces.gob.ve\/index.php\/wp-json\/wp\/v2\/posts\/64772\/revisions"}],"predecessor-version":[{"id":64775,"href":"https:\/\/inces.gob.ve\/index.php\/wp-json\/wp\/v2\/posts\/64772\/revisions\/64775"}],"wp:featuredmedia":[{"embeddable":true,"href":"https:\/\/inces.gob.ve\/index.php\/wp-json\/wp\/v2\/media\/64773"}],"wp:attachment":[{"href":"https:\/\/inces.gob.ve\/index.php\/wp-json\/wp\/v2\/media?parent=64772"}],"wp:term":[{"taxonomy":"category","embeddable":true,"href":"https:\/\/inces.gob.ve\/index.php\/wp-json\/wp\/v2\/categories?post=64772"},{"taxonomy":"post_tag","embeddable":true,"href":"https:\/\/inces.gob.ve\/index.php\/wp-json\/wp\/v2\/tags?post=64772"}],"curies":[{"name":"wp","href":"https:\/\/api.w.org\/{rel}","templated":true}]}}