{"id":64860,"date":"2025-07-02T13:26:33","date_gmt":"2025-07-02T17:26:33","guid":{"rendered":"https:\/\/inces.gob.ve\/?p=64860"},"modified":"2025-07-03T09:27:08","modified_gmt":"2025-07-03T13:27:08","slug":"cortos-de-la-emci-ganaron-elogios-en-segunda-muestra-cine-estudiantil-2025","status":"publish","type":"post","link":"https:\/\/inces.gob.ve\/index.php\/2025\/07\/02\/cortos-de-la-emci-ganaron-elogios-en-segunda-muestra-cine-estudiantil-2025\/","title":{"rendered":"Cortos de la EMCI ganaron elogios en segunda muestra Cine Estudiantil 2025"},"content":{"rendered":"<p style=\"text-align: justify;\" align=\"center\"><span style=\"font-family: helvetica, arial, sans-serif; font-size: 18px;\"><strong><i>** Los cortos \u201cEntre l\u00edneas\u201d y \u201cLa negra encadenada\u201d fueron elogiados en la segunda edici\u00f3n del cine formativo en un encuentro que incluy\u00f3 cortometrajes de estudiantes de universidades y escuelas de cine del pa\u00eds, y cont\u00f3 con la participaci\u00f3n de obras de Ecuador, Per\u00fa, Argentina y Uruguay<\/i><\/strong><\/span><!--more--><\/p>\n<p style=\"text-align: justify;\" align=\"justify\">\n<p style=\"text-align: justify;\" align=\"justify\"><strong>FREDDY MART\u00cdNEZ<\/strong><\/p>\n<p align=\"justify\"><span style=\"font-family: helvetica, arial, sans-serif; font-size: 18px;\">Con la presencia de reconocidos realizadores, guionistas y expertos en materia de la realizaci\u00f3n cinematogr\u00e1fica los dos cortos que present\u00f3 la\u00a0<b>Escuela de Medios y Comunicaci\u00f3n del Inces (EMCI)<\/b>\u00a0ganaron la aprobaci\u00f3n del p\u00fablico y la apreciaci\u00f3n de los especialistas.<\/span><\/p>\n<p align=\"justify\"><span style=\"font-family: helvetica, arial, sans-serif; font-size: 18px;\">Este evento fue inaugurado el pasado mi\u00e9rcoles y durante cinco d\u00edas la pantalla de la conocida\u00a0<b>Cinemateca\u00a0<\/b><b>Nacional<\/b><b>\u00a0<\/b>mostr\u00f3 m\u00e1s de cincuenta pel\u00edculas entre nacionales y extranjeras ya que, adem\u00e1s del pa\u00eds anfitri\u00f3n, hubo representaci\u00f3n de cinco pa\u00edses invitados.<\/span><\/p>\n<p align=\"justify\"><span style=\"font-family: helvetica, arial, sans-serif; font-size: 18px;\">Por segundo a\u00f1o consecutivo la\u00a0<b>Fundaci\u00f3n<\/b><b>\u00a0<\/b><b>C<\/b><b>inemateca\u00a0<\/b><b>N<\/b><b>acional\u00a0<\/b>realiza este encuentro para convocar a j\u00f3venes realizadores de las diferentes universidades e institutos audiovisuales del pa\u00eds en una cita donde la\u00a0<b>Escuela de Medios y Comunicaci\u00f3n del Inces<\/b>\u00a0acudi\u00f3 por segunda vez, en esta oportunidad con dos cortos desarrollados en el \u00faltimo taller de realizaci\u00f3n cinematogr\u00e1fica.<\/span><\/p>\n<p align=\"justify\"><span style=\"font-family: helvetica, arial, sans-serif; font-size: 18px;\">En esta nueva edici\u00f3n de\u00a0<b>Cine Estudiantil\u00a0<\/b><b>2025<\/b><b>,<\/b>\u00a0donde la\u00a0<b>EMCI\u00a0<\/b>particip\u00f3 con los cortometrajes,\u00a0<i>\u201cE<\/i><i>ntre l\u00edneas\u201d<\/i>\u00a0y\u00a0<i>\u201c<\/i><i>L<\/i><i>a negra encadenada\u201d,<\/i>\u00a0estuvieron presentes quince casas de estudios, diez nacionales y cinco extranjeras, entre ellas la Universidad Central de Venezuela, la Universidad de Los Andes, la Universidad Audiovisual de Venezuela, Unearte, entre otras.<\/span><\/p>\n<p align=\"justify\"><span style=\"font-family: helvetica, arial, sans-serif; font-size: 18px;\">Para el coordinador de la EMCI, Winder Rivero, ha sido una experiencia gratificante porque \u201cver a los participantes en una pantalla, con p\u00fablico, es un orgullo\u201d, adem\u00e1s \u201ccomo trabajo de los participantes Inces es una tremenda experiencia porque la comunicaci\u00f3n es un \u00e1rea que tradicionalmente el Inces no abordaba y estos primeros trabajos es un reconocimiento muy importante\u201d.<\/span><\/p>\n<p align=\"justify\"><img loading=\"lazy\" decoding=\"async\" class=\"aligncenter wp-image-64862 size-large\" src=\"https:\/\/inces.gob.ve\/wp-content\/uploads\/2025\/07\/WhatsApp-Image-2025-06-30-at-2.04.14-PM-1-1024x768.jpeg\" alt=\"\" width=\"640\" height=\"480\" srcset=\"https:\/\/inces.gob.ve\/wp-content\/uploads\/2025\/07\/WhatsApp-Image-2025-06-30-at-2.04.14-PM-1-1024x768.jpeg 1024w, https:\/\/inces.gob.ve\/wp-content\/uploads\/2025\/07\/WhatsApp-Image-2025-06-30-at-2.04.14-PM-1-300x225.jpeg 300w, https:\/\/inces.gob.ve\/wp-content\/uploads\/2025\/07\/WhatsApp-Image-2025-06-30-at-2.04.14-PM-1-768x576.jpeg 768w, https:\/\/inces.gob.ve\/wp-content\/uploads\/2025\/07\/WhatsApp-Image-2025-06-30-at-2.04.14-PM-1-136x102.jpeg 136w, https:\/\/inces.gob.ve\/wp-content\/uploads\/2025\/07\/WhatsApp-Image-2025-06-30-at-2.04.14-PM-1.jpeg 1280w\" sizes=\"auto, (max-width: 640px) 100vw, 640px\" \/><\/p>\n<p align=\"justify\"><span style=\"font-family: helvetica, arial, sans-serif; font-size: 18px;\">\u201cCelebro que se reconozca a la EMCI en este espacio tan importante, donde hay escuelas de cine con mayor trayectoria como la UCV, la ULA, y la Universidad Audiovisual de Venezuela. Es muy gratificante recibir este reconocimiento en un encuentro de cine\u201d, expres\u00f3 Rivero.<\/span><\/p>\n<p align=\"justify\"><span style=\"font-family: helvetica, arial, sans-serif; font-size: 18px;\">Rivero estima que las dos pel\u00edculas de la EMCI llamaron la atenci\u00f3n del p\u00fablico por la manera de c\u00f3mo se abordaron los diferentes g\u00e9neros y el tratamiento de la historia que se quiso contar. \u201cFue importante la participaci\u00f3n porque hubo una mirada hacia el trabajo que est\u00e1 haciendo el Inces en la formaci\u00f3n en el \u00e1rea cinematogr\u00e1fica, una participaci\u00f3n que fue reconocida por la presidenta de la Cinemateca, la documentalista Betsy Ceballos. \u00a0<\/span><\/p>\n<p align=\"justify\"><span style=\"font-family: helvetica, arial, sans-serif; font-size: 18px;\">Precisamente, Betsy Ceballos, presente en las exhibiciones de la muestra de cine, felicit\u00f3 al equipo realizador de los cortos presentados por la EMCI porque lograron hacer una comedia en dos meses y medio de trabajo, dijo adem\u00e1s que de todos los trabajos que pudo ver, \u201clos de la EMCI ten\u00edan una historia m\u00e1s redonda y m\u00e1s concreta\u201d.<\/span><\/p>\n<p align=\"justify\"><span style=\"font-family: helvetica, arial, sans-serif; font-size: 18px;\"><b>Cine Estudiantil 2025<\/b>\u00a0incluy\u00f3 cortometrajes de estudiantes de diversas universidades y escuelas de cine del pa\u00eds, y cont\u00f3 con la participaci\u00f3n de obras de estudiantes de Ecuador, Per\u00fa, Argentina y Uruguay.<\/span><\/p>\n<p align=\"justify\"><span style=\"font-family: helvetica, arial, sans-serif; font-size: 18px;\">El evento busca ser un espacio para reconocer y promover el talento emergente en el \u00e1mbito cinematogr\u00e1fico, as\u00ed como fomentar el intercambio cultural y el aprendizaje entre los futuros profesionales de la industria.<\/span><\/p>\n","protected":false},"excerpt":{"rendered":"<p>** Los cortos \u201cEntre l\u00edneas\u201d y \u201cLa negra encadenada\u201d fueron elogiados en la segunda edici\u00f3n del cine formativo en un encuentro que incluy\u00f3 cortometrajes de estudiantes de universidades y escuelas de cine del pa\u00eds, y cont\u00f3 con la participaci\u00f3n de obras de Ecuador, Per\u00fa, Argentina y Uruguay<\/p>\n","protected":false},"author":4,"featured_media":64861,"comment_status":"closed","ping_status":"closed","sticky":false,"template":"","format":"standard","meta":{"footnotes":""},"categories":[2],"tags":[],"class_list":["post-64860","post","type-post","status-publish","format-standard","has-post-thumbnail","hentry","category-blog"],"_links":{"self":[{"href":"https:\/\/inces.gob.ve\/index.php\/wp-json\/wp\/v2\/posts\/64860","targetHints":{"allow":["GET"]}}],"collection":[{"href":"https:\/\/inces.gob.ve\/index.php\/wp-json\/wp\/v2\/posts"}],"about":[{"href":"https:\/\/inces.gob.ve\/index.php\/wp-json\/wp\/v2\/types\/post"}],"author":[{"embeddable":true,"href":"https:\/\/inces.gob.ve\/index.php\/wp-json\/wp\/v2\/users\/4"}],"replies":[{"embeddable":true,"href":"https:\/\/inces.gob.ve\/index.php\/wp-json\/wp\/v2\/comments?post=64860"}],"version-history":[{"count":2,"href":"https:\/\/inces.gob.ve\/index.php\/wp-json\/wp\/v2\/posts\/64860\/revisions"}],"predecessor-version":[{"id":64864,"href":"https:\/\/inces.gob.ve\/index.php\/wp-json\/wp\/v2\/posts\/64860\/revisions\/64864"}],"wp:featuredmedia":[{"embeddable":true,"href":"https:\/\/inces.gob.ve\/index.php\/wp-json\/wp\/v2\/media\/64861"}],"wp:attachment":[{"href":"https:\/\/inces.gob.ve\/index.php\/wp-json\/wp\/v2\/media?parent=64860"}],"wp:term":[{"taxonomy":"category","embeddable":true,"href":"https:\/\/inces.gob.ve\/index.php\/wp-json\/wp\/v2\/categories?post=64860"},{"taxonomy":"post_tag","embeddable":true,"href":"https:\/\/inces.gob.ve\/index.php\/wp-json\/wp\/v2\/tags?post=64860"}],"curies":[{"name":"wp","href":"https:\/\/api.w.org\/{rel}","templated":true}]}}