{"id":64883,"date":"2025-07-04T09:30:55","date_gmt":"2025-07-04T13:30:55","guid":{"rendered":"https:\/\/inces.gob.ve\/?p=64883"},"modified":"2025-07-04T09:36:52","modified_gmt":"2025-07-04T13:36:52","slug":"inces-firma-acuerdo-en-cumbre-la-quinta-reunion-mixta-intergubernamental-venezuela-argelia-2025","status":"publish","type":"post","link":"https:\/\/inces.gob.ve\/index.php\/2025\/07\/04\/inces-firma-acuerdo-en-cumbre-la-quinta-reunion-mixta-intergubernamental-venezuela-argelia-2025\/","title":{"rendered":"Inces firma acuerdo en la Quinta Reuni\u00f3n Mixta Intergubernamental Venezuela-Argelia 2025"},"content":{"rendered":"<p class=\"ds-markdown-paragraph\" style=\"text-align: justify;\"><em><span style=\"font-family: helvetica, arial, sans-serif; font-size: 18px;\"><strong>** Venezuela y Argelia suscribieron 14 instrumentos de cooperaci\u00f3n en agricultura, turismo, educaci\u00f3n y formaci\u00f3n t\u00e9cnica profesional durante la V Comisi\u00f3n Mixta<\/strong><\/span><\/em><!--more--><\/p>\n<p class=\"ds-markdown-paragraph\" style=\"text-align: justify;\"><span style=\"font-family: helvetica, arial, sans-serif; font-size: 18px;\">El Instituto Nacional de Capacitaci\u00f3n y Educaci\u00f3n Socialista (Inces) firm\u00f3 un memor\u00e1ndum de entendimiento con el Instituto Nacional de Formaci\u00f3n y Ense\u00f1anza Profesional (INFEP) de Argelia, como parte de la agenda de la V Comisi\u00f3n Mixta entre ambos pa\u00edses, celebrada los d\u00edas 3 y 4 de julio en Argel.<\/span><\/p>\n<p>&nbsp;<\/p>\n<p><img loading=\"lazy\" decoding=\"async\" class=\"wp-image-64885 size-large aligncenter\" src=\"https:\/\/inces.gob.ve\/wp-content\/uploads\/2025\/07\/250060eb-a35c-43f2-9c3f-38856678f7e9-1024x576.jpeg\" alt=\"\" width=\"640\" height=\"360\" srcset=\"https:\/\/inces.gob.ve\/wp-content\/uploads\/2025\/07\/250060eb-a35c-43f2-9c3f-38856678f7e9-1024x576.jpeg 1024w, https:\/\/inces.gob.ve\/wp-content\/uploads\/2025\/07\/250060eb-a35c-43f2-9c3f-38856678f7e9-300x169.jpeg 300w, https:\/\/inces.gob.ve\/wp-content\/uploads\/2025\/07\/250060eb-a35c-43f2-9c3f-38856678f7e9-768x432.jpeg 768w, https:\/\/inces.gob.ve\/wp-content\/uploads\/2025\/07\/250060eb-a35c-43f2-9c3f-38856678f7e9-1536x864.jpeg 1536w, https:\/\/inces.gob.ve\/wp-content\/uploads\/2025\/07\/250060eb-a35c-43f2-9c3f-38856678f7e9-2048x1152.jpeg 2048w\" sizes=\"auto, (max-width: 640px) 100vw, 640px\" \/><\/p>\n<p>&nbsp;<\/p>\n<p>&nbsp;<\/p>\n<p class=\"ds-markdown-paragraph\" style=\"text-align: justify;\"><span style=\"font-family: helvetica, arial, sans-serif; font-size: 18px;\">El acuerdo establece la cooperaci\u00f3n bilateral en el \u00e1mbito de la formaci\u00f3n y la ense\u00f1anza profesional, a trav\u00e9s de la implementaci\u00f3n de acciones conjuntas en materia de formaci\u00f3n de formadores, desarrollo de programas especializados, intercambio de expertos, promoci\u00f3n de la calidad e innovaci\u00f3n.<\/span><\/p>\n<p>&nbsp;<\/p>\n<p><img loading=\"lazy\" decoding=\"async\" class=\"aligncenter wp-image-64888 size-large\" src=\"https:\/\/inces.gob.ve\/wp-content\/uploads\/2025\/07\/db1a1072-af10-4759-839a-f7c410d63006-1024x683.jpeg\" alt=\"\" width=\"640\" height=\"427\" srcset=\"https:\/\/inces.gob.ve\/wp-content\/uploads\/2025\/07\/db1a1072-af10-4759-839a-f7c410d63006-1024x683.jpeg 1024w, https:\/\/inces.gob.ve\/wp-content\/uploads\/2025\/07\/db1a1072-af10-4759-839a-f7c410d63006-300x200.jpeg 300w, https:\/\/inces.gob.ve\/wp-content\/uploads\/2025\/07\/db1a1072-af10-4759-839a-f7c410d63006-768x512.jpeg 768w, https:\/\/inces.gob.ve\/wp-content\/uploads\/2025\/07\/db1a1072-af10-4759-839a-f7c410d63006-272x182.jpeg 272w, https:\/\/inces.gob.ve\/wp-content\/uploads\/2025\/07\/db1a1072-af10-4759-839a-f7c410d63006.jpeg 1080w\" sizes=\"auto, (max-width: 640px) 100vw, 640px\" \/><\/p>\n<p>&nbsp;<\/p>\n<p>&nbsp;<\/p>\n<p class=\"ds-markdown-paragraph\" style=\"text-align: justify;\"><span style=\"font-family: helvetica, arial, sans-serif; font-size: 18px;\">Durante el acto, el ministro venezolano de Agricultura, Julio Le\u00f3n Heredia, destac\u00f3 que los acuerdos reflejan la voluntad de ambos gobiernos de fortalecer la colaboraci\u00f3n bilateral. Por su parte, el ministro argelino Youcef Cherfa resalt\u00f3 el avance en las relaciones pese a la distancia geogr\u00e1fica.<\/span><\/p>\n<p>&nbsp;<\/p>\n<p><img loading=\"lazy\" decoding=\"async\" class=\"aligncenter wp-image-64887 size-large\" src=\"https:\/\/inces.gob.ve\/wp-content\/uploads\/2025\/07\/c9febaf9-b027-4a12-9282-e0fc262eb505-1024x576.jpeg\" alt=\"\" width=\"640\" height=\"360\" srcset=\"https:\/\/inces.gob.ve\/wp-content\/uploads\/2025\/07\/c9febaf9-b027-4a12-9282-e0fc262eb505-1024x576.jpeg 1024w, https:\/\/inces.gob.ve\/wp-content\/uploads\/2025\/07\/c9febaf9-b027-4a12-9282-e0fc262eb505-300x169.jpeg 300w, https:\/\/inces.gob.ve\/wp-content\/uploads\/2025\/07\/c9febaf9-b027-4a12-9282-e0fc262eb505-768x432.jpeg 768w, https:\/\/inces.gob.ve\/wp-content\/uploads\/2025\/07\/c9febaf9-b027-4a12-9282-e0fc262eb505-1536x864.jpeg 1536w, https:\/\/inces.gob.ve\/wp-content\/uploads\/2025\/07\/c9febaf9-b027-4a12-9282-e0fc262eb505-2048x1152.jpeg 2048w\" sizes=\"auto, (max-width: 640px) 100vw, 640px\" \/><\/p>\n<p>&nbsp;<\/p>\n<p class=\"ds-markdown-paragraph\" style=\"text-align: justify;\"><span style=\"font-family: helvetica, arial, sans-serif; font-size: 18px;\">La delegaci\u00f3n venezolana incluy\u00f3 al viceministro para \u00c1frica, Yuri Pimentel, y al presidente del INCES, Wuikelman \u00c1ngel Paredes, entre otros representantes de sectores priorizados.<\/span><\/p>\n<p>&nbsp;<\/p>\n<p><img loading=\"lazy\" decoding=\"async\" class=\"aligncenter wp-image-64884 size-large\" src=\"https:\/\/inces.gob.ve\/wp-content\/uploads\/2025\/07\/00c2f21b-805b-46b7-9a2a-cea0bef600ee-1024x683.jpeg\" alt=\"\" width=\"640\" height=\"427\" srcset=\"https:\/\/inces.gob.ve\/wp-content\/uploads\/2025\/07\/00c2f21b-805b-46b7-9a2a-cea0bef600ee-1024x683.jpeg 1024w, https:\/\/inces.gob.ve\/wp-content\/uploads\/2025\/07\/00c2f21b-805b-46b7-9a2a-cea0bef600ee-300x200.jpeg 300w, https:\/\/inces.gob.ve\/wp-content\/uploads\/2025\/07\/00c2f21b-805b-46b7-9a2a-cea0bef600ee-768x512.jpeg 768w, https:\/\/inces.gob.ve\/wp-content\/uploads\/2025\/07\/00c2f21b-805b-46b7-9a2a-cea0bef600ee-272x182.jpeg 272w, https:\/\/inces.gob.ve\/wp-content\/uploads\/2025\/07\/00c2f21b-805b-46b7-9a2a-cea0bef600ee.jpeg 1280w\" sizes=\"auto, (max-width: 640px) 100vw, 640px\" \/><\/p>\n","protected":false},"excerpt":{"rendered":"<p>** Venezuela y Argelia suscribieron 14 instrumentos de cooperaci\u00f3n en agricultura, turismo, educaci\u00f3n y formaci\u00f3n t\u00e9cnica profesional durante la V Comisi\u00f3n Mixta<\/p>\n","protected":false},"author":4,"featured_media":64886,"comment_status":"closed","ping_status":"closed","sticky":false,"template":"","format":"standard","meta":{"footnotes":""},"categories":[2],"tags":[],"class_list":["post-64883","post","type-post","status-publish","format-standard","has-post-thumbnail","hentry","category-blog"],"_links":{"self":[{"href":"https:\/\/inces.gob.ve\/index.php\/wp-json\/wp\/v2\/posts\/64883","targetHints":{"allow":["GET"]}}],"collection":[{"href":"https:\/\/inces.gob.ve\/index.php\/wp-json\/wp\/v2\/posts"}],"about":[{"href":"https:\/\/inces.gob.ve\/index.php\/wp-json\/wp\/v2\/types\/post"}],"author":[{"embeddable":true,"href":"https:\/\/inces.gob.ve\/index.php\/wp-json\/wp\/v2\/users\/4"}],"replies":[{"embeddable":true,"href":"https:\/\/inces.gob.ve\/index.php\/wp-json\/wp\/v2\/comments?post=64883"}],"version-history":[{"count":2,"href":"https:\/\/inces.gob.ve\/index.php\/wp-json\/wp\/v2\/posts\/64883\/revisions"}],"predecessor-version":[{"id":64890,"href":"https:\/\/inces.gob.ve\/index.php\/wp-json\/wp\/v2\/posts\/64883\/revisions\/64890"}],"wp:featuredmedia":[{"embeddable":true,"href":"https:\/\/inces.gob.ve\/index.php\/wp-json\/wp\/v2\/media\/64886"}],"wp:attachment":[{"href":"https:\/\/inces.gob.ve\/index.php\/wp-json\/wp\/v2\/media?parent=64883"}],"wp:term":[{"taxonomy":"category","embeddable":true,"href":"https:\/\/inces.gob.ve\/index.php\/wp-json\/wp\/v2\/categories?post=64883"},{"taxonomy":"post_tag","embeddable":true,"href":"https:\/\/inces.gob.ve\/index.php\/wp-json\/wp\/v2\/tags?post=64883"}],"curies":[{"name":"wp","href":"https:\/\/api.w.org\/{rel}","templated":true}]}}