{"id":64900,"date":"2025-07-07T13:31:28","date_gmt":"2025-07-07T17:31:28","guid":{"rendered":"https:\/\/inces.gob.ve\/?p=64900"},"modified":"2025-07-07T15:14:12","modified_gmt":"2025-07-07T19:14:12","slug":"yaracuy-comunicadores-alternativos-reciben-formacion-a-traves-de-la-emci","status":"publish","type":"post","link":"https:\/\/inces.gob.ve\/index.php\/2025\/07\/07\/yaracuy-comunicadores-alternativos-reciben-formacion-a-traves-de-la-emci\/","title":{"rendered":"YARACUY | Comunicadores alternativos reciben formaci\u00f3n a trav\u00e9s de la EMCI"},"content":{"rendered":"<p><strong><span style=\"font-family: helvetica, arial, sans-serif; font-size: 18px;\"><i>**Reforzar conocimientos es el sentir mutuo de los participantes para brindar productos de calidad<\/i><\/span><\/strong><!--more--><\/p>\n<p align=\"justify\"><span style=\"font-family: helvetica, arial, sans-serif; font-size: 18px;\"><b>Yolaice Vargas<\/b><\/span><\/p>\n<p align=\"justify\"><span style=\"font-family: helvetica, arial, sans-serif; font-size: 18px;\">Con el fin \u00fanico de contribuir al mejor desarrollo de la programaci\u00f3n ofrecida por los comunicadores populares y alternativos que hacen vida en diferentes emisoras comunitarias de la regi\u00f3n, la Escuela de Medios y Comunicaci\u00f3n Inces (EMCI), imparte talleres de Oratoria e Introducci\u00f3n a la Locuci\u00f3n.<\/span><\/p>\n<p align=\"justify\"><img loading=\"lazy\" decoding=\"async\" class=\"aligncenter wp-image-64903 size-full\" src=\"https:\/\/inces.gob.ve\/wp-content\/uploads\/2025\/07\/IMG_20250701_130936_575-e1751909358436.jpg\" alt=\"\" width=\"800\" height=\"449\" \/><\/p>\n<p align=\"justify\"><span style=\"font-family: helvetica, arial, sans-serif; font-size: 18px;\">Los productores independientes y comunicadores alternativos, integrantes de la Asociaci\u00f3n Nacional de Medios Comunitarios Libres y Alternativos (Ancla), han recibido capacitaci\u00f3n a trav\u00e9s de la EMCI en los talleres de Introducci\u00f3n a la Locuci\u00f3n y Oratoria, a fin de mejorar la dicci\u00f3n, pronunciaci\u00f3n, l\u00e9xico entre otros aspectos de inter\u00e9s para lograr una mejor conexi\u00f3n con la audiencia.<\/span><\/p>\n<p align=\"justify\"><span style=\"font-family: helvetica, arial, sans-serif; font-size: 18px;\">Los participantes, residentes de la comunidad Mar\u00edn del municipio San Felipe, recibieron capacitaci\u00f3n en las \u00e1reas: fotograf\u00eda y dise\u00f1o para redes sociales, edici\u00f3n y montaje audiovisual y c\u00f3mo crear un podcast.<\/span><\/p>\n<p align=\"justify\"><span style=\"font-family: helvetica, arial, sans-serif; font-size: 18px;\">A trav\u00e9s de la EMCI se han atendido a los comunicadores que hacen vida en las emisoras\u00a0<b>Radio Mar\u00edn 96.9 FM,<\/b>\u00a0<b>Radio Bombillo 92.1 FM,<\/b>\u00a0y\u00a0<b>Radio La Voz de la Tambora 107.7\u00a0<\/b><b>FM,<\/b>\u00a0as\u00ed como a comunicadores populares quienes hacen vida en otras emisoras comunitarias ubicadas en varios municipios de la regi\u00f3n.<\/span><\/p>\n<p align=\"justify\"><img loading=\"lazy\" decoding=\"async\" class=\"aligncenter wp-image-64902 size-full\" src=\"https:\/\/inces.gob.ve\/wp-content\/uploads\/2025\/07\/IMG_20250701_130929_186-e1751909394847.jpg\" alt=\"\" width=\"800\" height=\"449\" \/><\/p>\n<p align=\"justify\"><span style=\"font-family: helvetica, arial, sans-serif; font-size: 18px;\">Todos los participantes de los talleres formativos han contado con la vasta experiencia y profesionalismo de maestros t\u00e9cnicos voluntarios como los son: los licenciados Miguel Badilla, Yaicob Ram\u00edrez y la licenciada Yesica Rodr\u00edguez.<\/span><\/p>\n<p align=\"justify\"><span style=\"font-family: helvetica, arial, sans-serif; font-size: 18px;\">Es importante se\u00f1alar que si alguna instituci\u00f3n se interesa por los talleres que se ofertan a trav\u00e9s de la Escuela de Medios y Comunicaci\u00f3n Inces, pueden solicitar informaci\u00f3n a trav\u00e9s del correo\u00a0<a href=\"mailto:emcicomunicacionesyaracuy@gmail.com\" target=\"_blank\" rel=\"noopener\"><span style=\"color: #0000ff;\"><u>emcicomunicacionesyaracuy@gmail.com<\/u><\/span><\/a><\/span><\/p>\n","protected":false},"excerpt":{"rendered":"<p>**Reforzar conocimientos es el sentir mutuo de los participantes para brindar productos de calidad<\/p>\n","protected":false},"author":15,"featured_media":64901,"comment_status":"closed","ping_status":"closed","sticky":false,"template":"","format":"standard","meta":{"footnotes":""},"categories":[2],"tags":[],"class_list":["post-64900","post","type-post","status-publish","format-standard","has-post-thumbnail","hentry","category-blog"],"_links":{"self":[{"href":"https:\/\/inces.gob.ve\/index.php\/wp-json\/wp\/v2\/posts\/64900","targetHints":{"allow":["GET"]}}],"collection":[{"href":"https:\/\/inces.gob.ve\/index.php\/wp-json\/wp\/v2\/posts"}],"about":[{"href":"https:\/\/inces.gob.ve\/index.php\/wp-json\/wp\/v2\/types\/post"}],"author":[{"embeddable":true,"href":"https:\/\/inces.gob.ve\/index.php\/wp-json\/wp\/v2\/users\/15"}],"replies":[{"embeddable":true,"href":"https:\/\/inces.gob.ve\/index.php\/wp-json\/wp\/v2\/comments?post=64900"}],"version-history":[{"count":4,"href":"https:\/\/inces.gob.ve\/index.php\/wp-json\/wp\/v2\/posts\/64900\/revisions"}],"predecessor-version":[{"id":64913,"href":"https:\/\/inces.gob.ve\/index.php\/wp-json\/wp\/v2\/posts\/64900\/revisions\/64913"}],"wp:featuredmedia":[{"embeddable":true,"href":"https:\/\/inces.gob.ve\/index.php\/wp-json\/wp\/v2\/media\/64901"}],"wp:attachment":[{"href":"https:\/\/inces.gob.ve\/index.php\/wp-json\/wp\/v2\/media?parent=64900"}],"wp:term":[{"taxonomy":"category","embeddable":true,"href":"https:\/\/inces.gob.ve\/index.php\/wp-json\/wp\/v2\/categories?post=64900"},{"taxonomy":"post_tag","embeddable":true,"href":"https:\/\/inces.gob.ve\/index.php\/wp-json\/wp\/v2\/tags?post=64900"}],"curies":[{"name":"wp","href":"https:\/\/api.w.org\/{rel}","templated":true}]}}