{"id":64959,"date":"2025-07-01T10:04:34","date_gmt":"2025-07-01T14:04:34","guid":{"rendered":"https:\/\/inces.gob.ve\/?p=64959"},"modified":"2025-07-08T12:12:33","modified_gmt":"2025-07-08T16:12:33","slug":"nueva-esparta-instructores-inces-celebraron-su-dia","status":"publish","type":"post","link":"https:\/\/inces.gob.ve\/index.php\/2025\/07\/01\/nueva-esparta-instructores-inces-celebraron-su-dia\/","title":{"rendered":"NUEVA ESPARTA | instructores Inces celebraron su d\u00eda"},"content":{"rendered":"<p style=\"font-weight: 400; text-align: justify;\"><em><strong><span style=\"font-family: helvetica, arial, sans-serif; font-size: 18px;\">*** Los maestros fueron agasajados con un delicioso desayuno, almuerzo y pastel, asimismo de la mano de la gerente regional recibieron obsequios y reconocimientos por su destacada participaci\u00f3n en esta experiencia educacional<\/span><\/strong><\/em><!--more--><\/p>\n<p>&nbsp;<\/p>\n<p style=\"font-weight: 400; text-align: justify;\"><span style=\"font-family: helvetica, arial, sans-serif; font-size: 18px;\"><strong>Ernesto Gonz\u00e1lez R<\/strong><\/span><\/p>\n<p style=\"font-weight: 400; text-align: justify;\"><span style=\"font-family: helvetica, arial, sans-serif; font-size: 18px;\">Durante el taller \u201cEl arte de hablar bien\u201d, instructores del Inces Nueva Esparta celebraron su d\u00eda cargado de compartir y saberes en los espacios del Centro de Formaci\u00f3n Socialista Guaraguao.<\/span><\/p>\n<p style=\"font-weight: 400; text-align: justify;\"><span style=\"font-family: helvetica, arial, sans-serif; font-size: 18px;\">A trav\u00e9s de herramientas pr\u00e1cticas efectivas, Lou Mart\u00ednez y Gregorio Ruiz de la Asociaci\u00f3n Civil Gente de Radio, impartieron esta formaci\u00f3n dirigida a los maestros, con el objetivo de potenciar comunicacionalmente la ense\u00f1anza de la T\u00e9cnica Profesional en las aulas de clases.<\/span><\/p>\n<p>&nbsp;<\/p>\n<p><img loading=\"lazy\" decoding=\"async\" class=\"aligncenter wp-image-64960 size-full\" src=\"https:\/\/inces.gob.ve\/wp-content\/uploads\/2025\/07\/WhatsApp-Image-2025-07-01-at-2.01.38-PM-e1751983405391.jpeg\" alt=\"\" width=\"800\" height=\"379\" \/><\/p>\n<p style=\"font-weight: 400; text-align: justify;\"><span style=\"font-family: helvetica, arial, sans-serif; font-size: 18px;\">En la actividad estuvo presente la gerente regional Laurie Zabala, \u00a0quien manifest\u00f3: \u201cSiempre es grato reunirlos \u2014ya que son el m\u00fasculo de la instituci\u00f3n\u2014, son ustedes los formadores, los que est\u00e1n a la vista de nuestros participantes, los que a\u00f1o tras a\u00f1o en uni\u00f3n del personal administrativo y obrero logramos cumplir la meta anual a nivel nacional. Este\u00a0 taller es para pasarla sabroso\u201d.<\/span><\/p>\n<p style=\"font-weight: 400; text-align: justify;\"><span style=\"font-family: helvetica, arial, sans-serif; font-size: 18px;\">Los maestros en intervalos de tiempo, a la par con el taller, fueron agasajados con un delicioso desayuno, almuerzo y pastel, lo que permiti\u00f3 afianzar el trabajo en equipo, al finalizar, de la mano de la gerente regional recibieron obsequios y reconocimientos por su destacada participaci\u00f3n en esta experiencia educacional.<\/span><\/p>\n<p style=\"font-weight: 400; text-align: justify;\"><span style=\"font-family: helvetica, arial, sans-serif; font-size: 18px;\">Por su parte la maestra Enys Rond\u00f3n, quien posee 25 a\u00f1os en el Inces, \u00a0resalt\u00f3 la importancia de este d\u00eda, reconociendo la gesti\u00f3n de la gerente regional Laurie Zabala, \u201cagradecemos\u00a0 por toda la atenci\u00f3n recibida, que se repita esta experiencia, seguimos trabajando por el Inces que queremos apegados a nuestra vocaci\u00f3n de servicio, \u00a0puedo dar fe en mis 25 a\u00f1os que su gesti\u00f3n ha sido buena\u201d, dijo Rond\u00f3n. \u00a0<\/span><\/p>\n","protected":false},"excerpt":{"rendered":"<p>*** Los maestros fueron agasajados con un delicioso desayuno, almuerzo y pastel, asimismo de la mano de la gerente regional recibieron obsequios y reconocimientos por su destacada participaci\u00f3n en esta experiencia educacional<\/p>\n","protected":false},"author":15,"featured_media":64961,"comment_status":"closed","ping_status":"closed","sticky":false,"template":"","format":"standard","meta":{"footnotes":""},"categories":[2],"tags":[],"class_list":["post-64959","post","type-post","status-publish","format-standard","has-post-thumbnail","hentry","category-blog"],"_links":{"self":[{"href":"https:\/\/inces.gob.ve\/index.php\/wp-json\/wp\/v2\/posts\/64959","targetHints":{"allow":["GET"]}}],"collection":[{"href":"https:\/\/inces.gob.ve\/index.php\/wp-json\/wp\/v2\/posts"}],"about":[{"href":"https:\/\/inces.gob.ve\/index.php\/wp-json\/wp\/v2\/types\/post"}],"author":[{"embeddable":true,"href":"https:\/\/inces.gob.ve\/index.php\/wp-json\/wp\/v2\/users\/15"}],"replies":[{"embeddable":true,"href":"https:\/\/inces.gob.ve\/index.php\/wp-json\/wp\/v2\/comments?post=64959"}],"version-history":[{"count":3,"href":"https:\/\/inces.gob.ve\/index.php\/wp-json\/wp\/v2\/posts\/64959\/revisions"}],"predecessor-version":[{"id":64975,"href":"https:\/\/inces.gob.ve\/index.php\/wp-json\/wp\/v2\/posts\/64959\/revisions\/64975"}],"wp:featuredmedia":[{"embeddable":true,"href":"https:\/\/inces.gob.ve\/index.php\/wp-json\/wp\/v2\/media\/64961"}],"wp:attachment":[{"href":"https:\/\/inces.gob.ve\/index.php\/wp-json\/wp\/v2\/media?parent=64959"}],"wp:term":[{"taxonomy":"category","embeddable":true,"href":"https:\/\/inces.gob.ve\/index.php\/wp-json\/wp\/v2\/categories?post=64959"},{"taxonomy":"post_tag","embeddable":true,"href":"https:\/\/inces.gob.ve\/index.php\/wp-json\/wp\/v2\/tags?post=64959"}],"curies":[{"name":"wp","href":"https:\/\/api.w.org\/{rel}","templated":true}]}}