{"id":64964,"date":"2025-07-08T10:11:07","date_gmt":"2025-07-08T14:11:07","guid":{"rendered":"https:\/\/inces.gob.ve\/?p=64964"},"modified":"2025-07-08T10:11:15","modified_gmt":"2025-07-08T14:11:15","slug":"miranda-inces-abre-inscripciones-en-perfiles-productivos-laborales-orientados-al-desarrollo-profesional","status":"publish","type":"post","link":"https:\/\/inces.gob.ve\/index.php\/2025\/07\/08\/miranda-inces-abre-inscripciones-en-perfiles-productivos-laborales-orientados-al-desarrollo-profesional\/","title":{"rendered":"MIRANDA | Inces abre inscripciones en perfiles productivos laborales orientados al desarrollo profesional"},"content":{"rendered":"<p style=\"font-weight: 400; text-align: justify;\"><span style=\"font-family: helvetica, arial, sans-serif; font-size: 18px;\"><em><strong>**El Instituto Nacional de Capacitaci\u00f3n y Educaci\u00f3n Socialista, Inces Regional Miranda, anunci\u00f3 el inicio de inscripciones para una nueva oferta formativa en Perfiles Productivos Laborales (PPL), dise\u00f1ados para fortalecer las capacidades del pueblo trabajador y responder a las necesidades de distintos motores de la econom\u00eda nacional.<\/strong><\/em><!--more--><\/span><\/p>\n<p style=\"font-weight: 400; text-align: justify;\"><span style=\"font-family: helvetica, arial, sans-serif; font-size: 18px;\">Las formaciones\u00a0se impartir\u00e1n en diversos Centros de Formaci\u00f3n Socialista (CFS)\u00a0y escuelas,\u00a0distribuidos en la regi\u00f3n\u00a0mirandina\u00a0en sus distintos municipios.<\/span><\/p>\n<p style=\"font-weight: 400; text-align: justify;\"><span style=\"font-family: helvetica, arial, sans-serif; font-size: 18px;\">Los PLL var\u00edan dependiendo\u00a0del motor productivo al que pertenecen, como: Turismo Nacional e Internacional, Telecomunicaciones y Nuevas Tecnolog\u00edas, Construcci\u00f3n, Emprendimiento,\u00a0entre otros.<\/span><\/p>\n<p style=\"font-weight: 400; text-align: justify;\"><span style=\"font-family: helvetica, arial, sans-serif; font-size: 18px;\">Entre los perfiles disponibles destacan:<\/span><\/p>\n<p style=\"font-weight: 400; text-align: justify;\"><span style=\"font-family: helvetica, arial, sans-serif; font-size: 18px;\">Pastelero\/a<\/span><\/p>\n<p style=\"font-weight: 400; text-align: justify;\"><span style=\"font-family: helvetica, arial, sans-serif; font-size: 18px;\">Bartender<\/span><\/p>\n<p style=\"font-weight: 400; text-align: justify;\"><span style=\"font-family: helvetica, arial, sans-serif; font-size: 18px;\">Patronista de prendas de vestir<\/span><\/p>\n<p style=\"font-weight: 400; text-align: justify;\"><span style=\"font-family: helvetica, arial, sans-serif; font-size: 18px;\">Ayudante de mec\u00e1nica<\/span><\/p>\n<p style=\"font-weight: 400; text-align: justify;\"><span style=\"font-family: helvetica, arial, sans-serif; font-size: 18px;\">Herrero\/a<\/span><\/p>\n<p style=\"font-weight: 400; text-align: justify;\"><span style=\"font-family: helvetica, arial, sans-serif; font-size: 18px;\">Asistente de contabilidad<\/span><\/p>\n<p style=\"font-weight: 400; text-align: justify;\"><span style=\"font-family: helvetica, arial, sans-serif; font-size: 18px;\">Operador\/a de m\u00e1quinas herramientas<\/span><\/p>\n<p style=\"font-weight: 400; text-align: justify;\"><span style=\"font-family: helvetica, arial, sans-serif; font-size: 18px;\">Esteticista<\/span><\/p>\n<p style=\"font-weight: 400; text-align: justify;\"><span style=\"font-family: helvetica, arial, sans-serif; font-size: 18px;\">Peluquero\/a<\/span><\/p>\n<p style=\"font-weight: 400; text-align: justify;\"><span style=\"font-family: helvetica, arial, sans-serif; font-size: 18px;\">Electricidad<\/span><\/p>\n<p style=\"font-weight: 400; text-align: justify;\"><span style=\"font-family: helvetica, arial, sans-serif; font-size: 18px;\">Esta iniciativa se enmarca en el impulso del modelo formativo del Inces, que articula el conocimiento t\u00e9cnico con el desarrollo territorial, generando oportunidades reales de inserci\u00f3n laboral y fortalecimiento del aparato productivo local.<\/span><\/p>\n<p style=\"font-weight: 400; text-align: justify;\"><span style=\"font-family: helvetica, arial, sans-serif; font-size: 18px;\">La\u00a0gerente\u00a0regional\u00a0del Inces Miranda,\u00a0Noris Soto, destac\u00f3: \u201cEstas formaciones\u00a0no solo responden a una planificaci\u00f3n institucional, sino a la demanda concreta de comunidades\u00a0y sectores productivos. Nuestro compromiso es seguir forma**El Instituto Nacional de Capacitaci\u00f3n y Educaci\u00f3n Socialista, Inces Regional Miranda, anunci\u00f3 el inicio de inscripciones para una nueva oferta formativa en Perfiles Productivos Laborales (PPL), dise\u00f1ados para fortalecer las capacidades del pueblo trabajador y responder a las necesidades de distintos motores de la econom\u00eda nacional.ndo para transformar\u201d.<\/span><\/p>\n<p style=\"font-weight: 400; text-align: justify;\"><span style=\"font-family: helvetica, arial, sans-serif; font-size: 18px;\">Las inscripciones ya est\u00e1n abiertas y pueden realizarse directamente en los CFS m\u00e1s cercanos o a trav\u00e9s de los canales de comunicaci\u00f3n oficiales del Inces Miranda.<\/span><\/p>\n","protected":false},"excerpt":{"rendered":"<p>**El Instituto Nacional de Capacitaci\u00f3n y Educaci\u00f3n Socialista, Inces Regional Miranda, anunci\u00f3 el inicio de inscripciones para una nueva oferta formativa en Perfiles Productivos Laborales (PPL), dise\u00f1ados para fortalecer las capacidades del pueblo trabajador y responder a las necesidades de distintos motores de la econom\u00eda nacional.<\/p>\n","protected":false},"author":15,"featured_media":64822,"comment_status":"closed","ping_status":"closed","sticky":false,"template":"","format":"standard","meta":{"footnotes":""},"categories":[2],"tags":[],"class_list":["post-64964","post","type-post","status-publish","format-standard","has-post-thumbnail","hentry","category-blog"],"_links":{"self":[{"href":"https:\/\/inces.gob.ve\/index.php\/wp-json\/wp\/v2\/posts\/64964","targetHints":{"allow":["GET"]}}],"collection":[{"href":"https:\/\/inces.gob.ve\/index.php\/wp-json\/wp\/v2\/posts"}],"about":[{"href":"https:\/\/inces.gob.ve\/index.php\/wp-json\/wp\/v2\/types\/post"}],"author":[{"embeddable":true,"href":"https:\/\/inces.gob.ve\/index.php\/wp-json\/wp\/v2\/users\/15"}],"replies":[{"embeddable":true,"href":"https:\/\/inces.gob.ve\/index.php\/wp-json\/wp\/v2\/comments?post=64964"}],"version-history":[{"count":2,"href":"https:\/\/inces.gob.ve\/index.php\/wp-json\/wp\/v2\/posts\/64964\/revisions"}],"predecessor-version":[{"id":64966,"href":"https:\/\/inces.gob.ve\/index.php\/wp-json\/wp\/v2\/posts\/64964\/revisions\/64966"}],"wp:featuredmedia":[{"embeddable":true,"href":"https:\/\/inces.gob.ve\/index.php\/wp-json\/wp\/v2\/media\/64822"}],"wp:attachment":[{"href":"https:\/\/inces.gob.ve\/index.php\/wp-json\/wp\/v2\/media?parent=64964"}],"wp:term":[{"taxonomy":"category","embeddable":true,"href":"https:\/\/inces.gob.ve\/index.php\/wp-json\/wp\/v2\/categories?post=64964"},{"taxonomy":"post_tag","embeddable":true,"href":"https:\/\/inces.gob.ve\/index.php\/wp-json\/wp\/v2\/tags?post=64964"}],"curies":[{"name":"wp","href":"https:\/\/api.w.org\/{rel}","templated":true}]}}