{"id":64983,"date":"2025-07-08T14:15:31","date_gmt":"2025-07-08T18:15:31","guid":{"rendered":"https:\/\/inces.gob.ve\/?p=64983"},"modified":"2025-07-08T15:49:15","modified_gmt":"2025-07-08T19:49:15","slug":"50-participantes-culminaron-con-exito-dos-unidades-curriculares-en-formacion-tecnica-profesional","status":"publish","type":"post","link":"https:\/\/inces.gob.ve\/index.php\/2025\/07\/08\/50-participantes-culminaron-con-exito-dos-unidades-curriculares-en-formacion-tecnica-profesional\/","title":{"rendered":"50 participantes culminaron con \u00e9xito dos unidades curriculares en Formaci\u00f3n T\u00e9cnica Profesional"},"content":{"rendered":"<p style=\"text-align: justify;\"><span style=\"font-family: helvetica, arial, sans-serif; font-size: 18px;\"><em><strong>**El Inces te invita a sumarte activamente al desarrollo y consolidaci\u00f3n de tus proyectos<\/strong><\/em><!--more--><\/span><\/p>\n<p><span style=\"font-family: helvetica, arial, sans-serif; font-size: 18px;\">Dimas P\u00e1ez<\/span><\/p>\n<p><span style=\"font-family: helvetica, arial, sans-serif; font-size: 18px;\">F\/ Rafael Urbina<\/span><\/p>\n<p style=\"text-align: justify;\"><span style=\"font-family: helvetica, arial, sans-serif; font-size: 18px;\">El Instituto Nacional de Capacitaci\u00f3n y Educaci\u00f3n Socialista (Inces), en l\u00ednea con las estrategias de las 7T, form\u00f3 a 50 participantes en las unidades\u00a0<em>Confecci\u00f3n de Ropa \u00cdntima<\/em>\u00a0y\u00a0<em>Elaboraci\u00f3n de Salsas y Pasapalos<\/em>, brind\u00e1ndoles herramientas clave para su inserci\u00f3n laboral o emprendimiento.<\/span><\/p>\n<p>&nbsp;<\/p>\n<p><img loading=\"lazy\" decoding=\"async\" class=\"aligncenter wp-image-64984 size-full\" src=\"https:\/\/inces.gob.ve\/wp-content\/uploads\/2025\/07\/DSC_5641-scaled-e1751998362137.jpg\" alt=\"\" width=\"800\" height=\"434\" \/><\/p>\n<p style=\"text-align: justify;\"><span style=\"font-family: helvetica, arial, sans-serif; font-size: 18px;\">En el Centro de Formaci\u00f3n Socialista (CFS)\u00a0<em>Jorge Antonio Rodr\u00edguez<\/em>, bajo la direcci\u00f3n de Madeleine Hern\u00e1ndez, los Maestros T\u00e9cnicos Productivos (MTP) Juana Mart\u00ednez, encargada de la unidad de\u00a0<em>Ropa \u00cdntima<\/em>, y Carlos Lucena, instructor de\u00a0<em>Elaboraci\u00f3n de Salsas y Pasapalos<\/em>, compartieron sus conocimientos con los participantes, quienes culminaron satisfactoriamente sus estudios y obtuvieron sus certificados.<\/span><\/p>\n<p>&nbsp;<\/p>\n<p style=\"text-align: justify;\"><span style=\"font-family: helvetica, arial, sans-serif; font-size: 18px;\">Como muestra de lo aprendido, los participantes exhibieron diversos modelos de ropa \u00edntima, as\u00ed como una variedad de salsas y pasapalos, que fueron apreciados y degustados por los asistentes durante el acto de cierre.<\/span><\/p>\n<p>&nbsp;<\/p>\n<p><img loading=\"lazy\" decoding=\"async\" class=\"aligncenter wp-image-64986 size-full\" src=\"https:\/\/inces.gob.ve\/wp-content\/uploads\/2025\/07\/DSC_5607-scaled-e1751998419317.jpg\" alt=\"\" width=\"800\" height=\"751\" \/><\/p>\n<p>&nbsp;<\/p>\n<p>&nbsp;<\/p>\n<p style=\"text-align: justify;\"><span style=\"font-family: helvetica, arial, sans-serif; font-size: 18px;\">Testimonios de los protagonistas<\/span><br \/>\n<span style=\"font-family: helvetica, arial, sans-serif; font-size: 18px;\">Lesbimar Fern\u00e1ndez, participante de la unidad de\u00a0<em>Ropa \u00cdntima<\/em>, comparti\u00f3 su experiencia:\u00a0<em>\u00abVine al Inces para adquirir nuevos conocimientos. Al encontrar este curso, vi una gran oportunidad para aprender un oficio. Realmente ha sido un aprendizaje invaluable: desde el corte hasta la confecci\u00f3n de prendas, algo que desconoc\u00eda por completo. Adem\u00e1s, el compartir con mis compa\u00f1eras enriqueci\u00f3 a\u00fan m\u00e1s la experiencia\u00bb<\/em>.<\/span><\/p>\n<p>&nbsp;<\/p>\n<p style=\"text-align: justify;\"><span style=\"font-family: helvetica, arial, sans-serif; font-size: 18px;\">Fern\u00e1ndez a\u00f1adi\u00f3:\u00a0<em>\u00abEstos conocimientos nos permitir\u00e1n contribuir a la transformaci\u00f3n social y a la econom\u00eda comunal. Ya tenemos ideas de emprendimiento para fortalecer nuestra independencia econ\u00f3mica y aplicar lo aprendido\u00bb<\/em>.<\/span><\/p>\n<p>&nbsp;<\/p>\n<p><img loading=\"lazy\" decoding=\"async\" class=\"aligncenter wp-image-64989 size-full\" src=\"https:\/\/inces.gob.ve\/wp-content\/uploads\/2025\/07\/DSC_5646-scaled-e1751999607286.jpg\" alt=\"\" width=\"800\" height=\"666\" \/><\/p>\n<p>&nbsp;<\/p>\n<p>&nbsp;<\/p>\n<p style=\"text-align: justify;\"><span style=\"font-family: helvetica, arial, sans-serif; font-size: 18px;\">Por su parte, Josman Herrera, trabajador del Inces y participante de la unidad de\u00a0<em>Elaboraci\u00f3n de Salsas y Pasapalos<\/em>, expres\u00f3:\u00a0<em>\u00abEsta formaci\u00f3n no solo ampli\u00f3 mis habilidades, sino que tambi\u00e9n representa un impulso para mi crecimiento profesional. Aunque no soy chef, lo aprendido ser\u00e1 fundamental para mi futuro emprendimiento\u00bb<\/em>.<\/span><\/p>\n<p>&nbsp;<\/p>\n<p style=\"text-align: justify;\"><span style=\"font-family: helvetica, arial, sans-serif; font-size: 18px;\">Herrera concluy\u00f3:\u00a0<em>\u00abCon esta capacitaci\u00f3n, podr\u00e9 emprender y alcanzar independencia econ\u00f3mica, adem\u00e1s de transmitir estos conocimientos a quienes se unan a mi proyecto\u00bb<\/em>.<\/span><\/p>\n","protected":false},"excerpt":{"rendered":"<p>**El Inces te invita a sumarte activamente al desarrollo y consolidaci\u00f3n de tus proyectos<\/p>\n","protected":false},"author":15,"featured_media":64985,"comment_status":"closed","ping_status":"closed","sticky":false,"template":"","format":"standard","meta":{"footnotes":""},"categories":[2],"tags":[],"class_list":["post-64983","post","type-post","status-publish","format-standard","has-post-thumbnail","hentry","category-blog"],"_links":{"self":[{"href":"https:\/\/inces.gob.ve\/index.php\/wp-json\/wp\/v2\/posts\/64983","targetHints":{"allow":["GET"]}}],"collection":[{"href":"https:\/\/inces.gob.ve\/index.php\/wp-json\/wp\/v2\/posts"}],"about":[{"href":"https:\/\/inces.gob.ve\/index.php\/wp-json\/wp\/v2\/types\/post"}],"author":[{"embeddable":true,"href":"https:\/\/inces.gob.ve\/index.php\/wp-json\/wp\/v2\/users\/15"}],"replies":[{"embeddable":true,"href":"https:\/\/inces.gob.ve\/index.php\/wp-json\/wp\/v2\/comments?post=64983"}],"version-history":[{"count":4,"href":"https:\/\/inces.gob.ve\/index.php\/wp-json\/wp\/v2\/posts\/64983\/revisions"}],"predecessor-version":[{"id":64991,"href":"https:\/\/inces.gob.ve\/index.php\/wp-json\/wp\/v2\/posts\/64983\/revisions\/64991"}],"wp:featuredmedia":[{"embeddable":true,"href":"https:\/\/inces.gob.ve\/index.php\/wp-json\/wp\/v2\/media\/64985"}],"wp:attachment":[{"href":"https:\/\/inces.gob.ve\/index.php\/wp-json\/wp\/v2\/media?parent=64983"}],"wp:term":[{"taxonomy":"category","embeddable":true,"href":"https:\/\/inces.gob.ve\/index.php\/wp-json\/wp\/v2\/categories?post=64983"},{"taxonomy":"post_tag","embeddable":true,"href":"https:\/\/inces.gob.ve\/index.php\/wp-json\/wp\/v2\/tags?post=64983"}],"curies":[{"name":"wp","href":"https:\/\/api.w.org\/{rel}","templated":true}]}}